{"id":594556,"date":"2023-05-06T18:41:26","date_gmt":"2023-05-06T16:41:26","guid":{"rendered":"https:\/\/www.hashtag.al\/?p=594556"},"modified":"2023-05-06T18:45:53","modified_gmt":"2023-05-06T16:45:53","slug":"bejko-akuza-rames-berishes-e-metes-bashke-me-dy-veliajn-e-kellicin-kandidatet-e-tyre-jane-bashke-ne-ndarjen-e-pasurise-publike","status":"publish","type":"post","link":"https:\/\/www.hashtag.al\/index.php\/2023\/05\/06\/bejko-akuza-rames-berishes-e-metes-bashke-me-dy-veliajn-e-kellicin-kandidatet-e-tyre-jane-bashke-ne-ndarjen-e-pasurise-publike\/","title":{"rendered":"Bejko akuza Ram\u00ebs, Berish\u00ebs e Met\u00ebs: Jan\u00eb bashk\u00eb n\u00eb ndarjen e pasuris\u00eb publike","gt_translate_keys":[{"key":"rendered","format":"text"}]},"content":{"rendered":"<p><img loading=\"lazy\" decoding=\"async\" class=\"aligncenter size-full wp-image-594557\" src=\"https:\/\/www.hashtag.al\/wp-content\/uploads\/2023\/05\/bejko.jpg\" alt=\"\" width=\"768\" height=\"512\" srcset=\"https:\/\/www.hashtag.al\/wp-content\/uploads\/2023\/05\/bejko.jpg 768w, https:\/\/www.hashtag.al\/wp-content\/uploads\/2023\/05\/bejko-300x200.jpg 300w\" sizes=\"auto, (max-width: 768px) 100vw, 768px\" \/><\/p>\n<p><span style=\"color: #000000;\">Kandidati i PD-s\u00eb Roland Bejko, tha sot se garon p\u00ebr Tiran\u00ebn si profesionist, pa qen\u00eb i korruptuar duke denoncuar ish-kryeministrin Berisha e klas\u00ebn politike p\u00ebr ngecjen e vendit p\u00ebr sa i p\u00ebrket integrimit n\u00eb BE. <\/span><\/p>\n<p><span style=\"color: #000000;\">Gjat\u00eb nj\u00eb takimi me banor\u00eb t\u00eb kryeqytetit, Bejko tha se q\u00ebllimi i klas\u00ebs politike t\u00eb vendit ishte pasurimi i vetes dhe familjeve t\u00eb tyre p\u00ebr t\u00eb mbajtur pushtetin brenda partis\u00eb e n\u00eb qeverisje.<\/span><\/p>\n<p><span style=\"color: #000000;\"><em>\u201cShum\u00eb njer\u00ebz pyesin q\u00eb edhe ju keni 32 vite q\u00eb merreni me politik\u00eb, ku \u00ebsht\u00eb ndryshimi mes Saliut, Edit, Ilirit, Erionit, Belindit dhe ty. Ndryshimi q\u00ebndron k\u00ebtu, n\u00eb 32 vite un\u00eb nuk jam korruptuar, kam ruajtur dinjtetin tim, jam p\u00ebrpjekur ta rris veten time duke edukuar dhe shkolluar brenda dhe jasht\u00eb <\/em>vendit. <em>N\u00eb 32 vite un\u00eb kam investuar nga jeta ime p\u00ebr t\u00eb qen\u00eb nj\u00eb profesionist i mir\u00eb i menaxhimit dhe pushtetit vendor. N\u00eb 32 vite aty ku m\u00eb ka em\u00ebruar qoft\u00eb Berisha apo kushdo tjet\u00ebr e kam nderuar me pun\u00ebn time, duke realizuar rekorde pozitive n\u00eb at\u00eb pun\u00eb gj\u00eb q\u00eb p\u00ebr shtat nuk i ka shkuar Berish\u00ebs t\u2019i p\u00ebrmend\u00eb k\u00ebto arritje. Arritjet s\u2019kan\u00eb qen\u00eb vet\u00ebm t\u00eb miat, arritjet kan\u00eb qen\u00eb t\u00eb demokrat\u00ebve, arritjet kan\u00eb qen\u00eb t\u00eb atij q\u00eb ka qen\u00eb kryeminist\u00ebr por q\u00eb nuk zgjodhi modelin tim n\u00eb krah, por zgjidhi modelin e atyre q\u00eb kishte ndar\u00eb para, pushtet, servilizma, korrupsion. Kjo na ndan ne, mua dhe Berish\u00ebn dhe juve q\u00eb jeni k\u00ebtu.<\/em><\/span><\/p>\n<p><span style=\"color: #000000;\"><em>Na ndan fakti q\u00eb s\u2019jemi berishist, e kemi mb\u00ebshtetur p\u00ebr t\u2019u b\u00ebr\u00eb kryeminist\u00ebr, kemi investuar ne p\u00ebr ju t\u00eb rinjt\u00eb, familjet tuaja n\u00eb 32 vite q\u00eb PD t\u00eb lart\u00ebsohej, t\u00eb b\u00ebhej nj\u00eb PD demokratike dhe europiane q\u00eb ta integronte Shqip\u00ebrin\u00eb n\u00eb BE. Asgj\u00eb nuk u b\u00eb e plot\u00eb, gjith\u00e7ka ngeli n\u00eb mes sepse kjo klas\u00eb politike nuk e kishte mendjen t\u00eb p\u00ebrfaq\u00ebsonte mision moral, misionin e Shqiptar\u00ebve p\u00ebr ta \u00e7uar Shqip\u00ebrin\u00eb n\u00eb Europ\u00eb, por kishin p\u00ebr mision pushtetin personal me q\u00ebllim q\u00eb t\u00eb pasuronin klanin e familjen e tyre, n\u00eb m\u00ebnyr\u00eb q\u00eb t\u00eb mbanin pushtetin e p\u00ebrjetsh\u00ebm si brenda partis\u00eb edhe n\u00eb qeverisjen e vendit.\u201d<\/em> &#8211; tha Bejko.<\/span><\/p>\n<p><span style=\"color: #000000;\">Ai shtoi m\u00eb tej se kryeministri Rama, krer\u00ebt e opozit\u00ebs Berisha e Meta si dhe kandidat\u00ebt Veliaj e K\u00eblli\u00e7i jan\u00eb t\u00eb pest\u00eb bashk\u00eb n\u00eb ndarjen e pasuris\u00eb publike, parcelave t\u00eb nd\u00ebrtimit e privilegjet e tjera ekonomike e politike duke u b\u00ebr\u00eb thirrje qytetar\u00ebve q\u00eb t\u00eb mos i votojn\u00eb.<\/span><\/p>\n<p><span style=\"color: #000000;\"><em>\u201cPrandaj Edi Rama sot del n\u00eb nj\u00eb poster ku i ka v\u00ebn\u00eb t\u00eb gjith\u00eb bashk\u00eb, n\u00eb fillim ishin tre, Edi, Saliu dhe liri, tani u b\u00ebn 5. At\u00eb q\u00eb kam q\u00eb nga dita e par\u00eb e fushat\u00ebs q\u00eb e artikuloj q\u00eb them q\u00eb ata t\u00eb 5 jan\u00eb bashk\u00eb, aty bashk\u00eb i kemi n\u00eb posterat q\u00eb kan\u00eb \u00e7do k\u00ebnd, \u00e7do rrug\u00eb, \u00e7do lagje t\u00eb Tiran\u00ebs. Ata jan\u00eb bashk\u00eb n\u00eb ndarjen e pasuris\u00eb publike, parcelave t\u00eb nd\u00ebrtimit, ku nd\u00ebrton oligarkia politike, familjar\u00ebt e tyre dhe oligarkia ekonomike e financiare n\u00eb bashk\u00ebpunim me krimin e organizuar, prandaj \u00e7mimet e banesave kan\u00eb vajtur atje ku nuk mundesh dot. Sidomos t\u00eb jesh nj\u00eb i ri, ta blesh n\u00eb k\u00ebt\u00eb jet\u00eb, do duhen edhe 5 jet\u00eb t\u00eb tjera t\u00eb blesh k\u00ebto banesa n\u00eb qend\u00ebr t\u00eb Tiran\u00ebs. Ne e denoncojm\u00eb k\u00ebt\u00eb afer\u00eb, k\u00ebt\u00eb bashk\u00ebpunim t\u00eb tyre.\u201d<\/em> &#8211; shtoi Bejko.<\/span><\/p>\n","protected":false,"gt_translate_keys":[{"key":"rendered","format":"html"}]},"excerpt":{"rendered":"<p>Kandidati i PD-s\u00eb Roland Bejko, tha sot se garon p\u00ebr Tiran\u00ebn si profesionist, pa qen\u00eb i korruptuar duke denoncuar ish-kryeministrin Berisha e klas\u00ebn politike p\u00ebr ngecjen e vendit p\u00ebr sa i p\u00ebrket integrimit n\u00eb BE. Gjat\u00eb nj\u00eb takimi me banor\u00eb t\u00eb kryeqytetit, Bejko tha se q\u00ebllimi i klas\u00ebs politike t\u00eb vendit ishte pasurimi i vetes [&hellip;]<\/p>\n","protected":false,"gt_translate_keys":[{"key":"rendered","format":"html"}]},"author":51,"featured_media":594557,"comment_status":"closed","ping_status":"closed","sticky":false,"template":"","format":"standard","meta":{"footnotes":""},"categories":[65,13],"tags":[],"class_list":["post-594556","post","type-post","status-publish","format-standard","has-post-thumbnail","hentry","category-lajme","category-te-fundit"],"gt_translate_keys":[{"key":"link","format":"url"}],"_links":{"self":[{"href":"https:\/\/www.hashtag.al\/index.php\/wp-json\/wp\/v2\/posts\/594556","targetHints":{"allow":["GET"]}}],"collection":[{"href":"https:\/\/www.hashtag.al\/index.php\/wp-json\/wp\/v2\/posts"}],"about":[{"href":"https:\/\/www.hashtag.al\/index.php\/wp-json\/wp\/v2\/types\/post"}],"author":[{"embeddable":true,"href":"https:\/\/www.hashtag.al\/index.php\/wp-json\/wp\/v2\/users\/51"}],"replies":[{"embeddable":true,"href":"https:\/\/www.hashtag.al\/index.php\/wp-json\/wp\/v2\/comments?post=594556"}],"version-history":[{"count":0,"href":"https:\/\/www.hashtag.al\/index.php\/wp-json\/wp\/v2\/posts\/594556\/revisions"}],"wp:featuredmedia":[{"embeddable":true,"href":"https:\/\/www.hashtag.al\/index.php\/wp-json\/wp\/v2\/media\/594557"}],"wp:attachment":[{"href":"https:\/\/www.hashtag.al\/index.php\/wp-json\/wp\/v2\/media?parent=594556"}],"wp:term":[{"taxonomy":"category","embeddable":true,"href":"https:\/\/www.hashtag.al\/index.php\/wp-json\/wp\/v2\/categories?post=594556"},{"taxonomy":"post_tag","embeddable":true,"href":"https:\/\/www.hashtag.al\/index.php\/wp-json\/wp\/v2\/tags?post=594556"}],"curies":[{"name":"wp","href":"https:\/\/api.w.org\/{rel}","templated":true}]}}