{"id":594279,"date":"2023-05-05T12:01:32","date_gmt":"2023-05-05T10:01:32","guid":{"rendered":"https:\/\/www.hashtag.al\/?p=594279"},"modified":"2023-05-05T12:01:32","modified_gmt":"2023-05-05T10:01:32","slug":"meta-te-forcojme-lirine-duke-marre-pjese-ne-zgjedhje","status":"publish","type":"post","link":"https:\/\/www.hashtag.al\/index.php\/2023\/05\/05\/meta-te-forcojme-lirine-duke-marre-pjese-ne-zgjedhje\/","title":{"rendered":"Meta: T\u00eb forcojm\u00eb lirin\u00eb duke marr\u00eb pjes\u00eb n\u00eb zgjedhje","gt_translate_keys":[{"key":"rendered","format":"text"}]},"content":{"rendered":"<p><span style=\"color: #000000;\"><a style=\"color: #000000;\" href=\"https:\/\/www.hashtag.al\/wp-content\/uploads\/2023\/05\/meta-corovode.jpg\"><img loading=\"lazy\" decoding=\"async\" class=\"aligncenter size-full wp-image-594280\" src=\"https:\/\/www.hashtag.al\/wp-content\/uploads\/2023\/05\/meta-corovode.jpg\" alt=\"\" width=\"1516\" height=\"806\" srcset=\"https:\/\/www.hashtag.al\/wp-content\/uploads\/2023\/05\/meta-corovode.jpg 1516w, https:\/\/www.hashtag.al\/wp-content\/uploads\/2023\/05\/meta-corovode-300x159.jpg 300w, https:\/\/www.hashtag.al\/wp-content\/uploads\/2023\/05\/meta-corovode-1024x544.jpg 1024w, https:\/\/www.hashtag.al\/wp-content\/uploads\/2023\/05\/meta-corovode-768x408.jpg 768w\" sizes=\"auto, (max-width: 1516px) 100vw, 1516px\" \/><\/a><\/span><\/p>\n<p><span style=\"color: #000000;\">Kryetari i Partis\u00eb s\u00eb Liris\u00eb Ilir Meta nga \u00c7orovoda b\u00ebri thirrje p\u00ebr pjes\u00ebmarrje n\u00eb zgjedhjet e 14 Majit.<\/span><\/p>\n<p><span style=\"color: #000000;\">Meta tha se k\u00ebto zgjedhje jan\u00eb shum\u00eb t\u00eb r\u00ebnd\u00ebsishme jo thjesht p\u00ebr t\u00eb vendosur t\u00eb zgjedhurit dhe bashkit\u00eb n\u00eb sh\u00ebrbim t\u00eb qytetar\u00ebve por edhe p\u00ebr t\u00eb mbrojtur atdheun nga shpopullimi.<\/span><\/p>\n<p><span style=\"color: #000000;\"><em>\u201cSot jam i trishtuar sepse kisha vite pa qen\u00eb k\u00ebtu n\u00eb varrezat e D\u00ebshmor\u00ebve t\u00eb Skraparit q\u00eb \u00ebsht\u00eb nj\u00eb vend i shenj\u00eb p\u00ebr t\u00eb k\u00ebt\u00eb popull demokratik.<\/em><\/span><\/p>\n<p><span style=\"color: #000000;\"><em>\u00a0Nuk \u00ebsht\u00eb treguar asnj\u00eb lloj kujdesi. Jam i bindur q\u00eb 5 Maji i ardhsh\u00ebm do t\u00eb jet\u00eb krejt tjet\u00ebr. Ne do t\u00eb kujdesemi gjithmon\u00eb p\u00ebr k\u00ebto vende t\u00eb shenjta. Ju ftoj t\u00eb gjith\u00eb ta forcojm\u00eb lirin\u00eb me pjes\u00ebmarrjen ton\u00eb t\u00eb lir\u00eb dhe t\u00eb vendosur n\u00eb zgjedhjet e 14 Majit sepse jan\u00eb nj\u00eb moment ky\u00e7.<\/em><\/span><\/p>\n<p><span style=\"color: #000000;\"><em>K\u00ebto zgjedhje jan\u00eb shum\u00eb t\u00eb r\u00ebnd\u00ebsishme jo thjesht p\u00ebr t\u00eb vendosur t\u00eb zgjedhurit dhe bashkit\u00eb n\u00eb sh\u00ebrbimin e qytetar\u00ebve por jan\u00eb shum\u00eb t\u00eb r\u00ebnd\u00ebsishme p\u00ebr t\u00eb mbrojtur atdheun nga shpopullimi dhe p\u00ebr t\u00eb rivendosur lirin\u00eb. Liria \u00ebsht\u00eb themel i dinjitetit njer\u00ebzor dhe komb\u00ebtar\u201d,<\/em>\u00a0u shpreh Meta.<\/span><\/p>\n","protected":false,"gt_translate_keys":[{"key":"rendered","format":"html"}]},"excerpt":{"rendered":"<p>Kryetari i Partis\u00eb s\u00eb Liris\u00eb Ilir Meta nga \u00c7orovoda b\u00ebri thirrje p\u00ebr pjes\u00ebmarrje n\u00eb zgjedhjet e 14 Majit. Meta tha se k\u00ebto zgjedhje jan\u00eb shum\u00eb t\u00eb r\u00ebnd\u00ebsishme jo thjesht p\u00ebr t\u00eb vendosur t\u00eb zgjedhurit dhe bashkit\u00eb n\u00eb sh\u00ebrbim t\u00eb qytetar\u00ebve por edhe p\u00ebr t\u00eb mbrojtur atdheun nga shpopullimi. \u201cSot jam i trishtuar sepse kisha vite [&hellip;]<\/p>\n","protected":false,"gt_translate_keys":[{"key":"rendered","format":"html"}]},"author":32,"featured_media":594280,"comment_status":"closed","ping_status":"closed","sticky":false,"template":"","format":"standard","meta":{"footnotes":""},"categories":[65,13],"tags":[],"class_list":["post-594279","post","type-post","status-publish","format-standard","has-post-thumbnail","hentry","category-lajme","category-te-fundit"],"gt_translate_keys":[{"key":"link","format":"url"}],"_links":{"self":[{"href":"https:\/\/www.hashtag.al\/index.php\/wp-json\/wp\/v2\/posts\/594279","targetHints":{"allow":["GET"]}}],"collection":[{"href":"https:\/\/www.hashtag.al\/index.php\/wp-json\/wp\/v2\/posts"}],"about":[{"href":"https:\/\/www.hashtag.al\/index.php\/wp-json\/wp\/v2\/types\/post"}],"author":[{"embeddable":true,"href":"https:\/\/www.hashtag.al\/index.php\/wp-json\/wp\/v2\/users\/32"}],"replies":[{"embeddable":true,"href":"https:\/\/www.hashtag.al\/index.php\/wp-json\/wp\/v2\/comments?post=594279"}],"version-history":[{"count":0,"href":"https:\/\/www.hashtag.al\/index.php\/wp-json\/wp\/v2\/posts\/594279\/revisions"}],"wp:featuredmedia":[{"embeddable":true,"href":"https:\/\/www.hashtag.al\/index.php\/wp-json\/wp\/v2\/media\/594280"}],"wp:attachment":[{"href":"https:\/\/www.hashtag.al\/index.php\/wp-json\/wp\/v2\/media?parent=594279"}],"wp:term":[{"taxonomy":"category","embeddable":true,"href":"https:\/\/www.hashtag.al\/index.php\/wp-json\/wp\/v2\/categories?post=594279"},{"taxonomy":"post_tag","embeddable":true,"href":"https:\/\/www.hashtag.al\/index.php\/wp-json\/wp\/v2\/tags?post=594279"}],"curies":[{"name":"wp","href":"https:\/\/api.w.org\/{rel}","templated":true}]}}