{"id":594179,"date":"2023-05-04T17:27:11","date_gmt":"2023-05-04T15:27:11","guid":{"rendered":"https:\/\/www.hashtag.al\/?p=594179"},"modified":"2023-05-04T17:27:58","modified_gmt":"2023-05-04T15:27:58","slug":"veliaj-tregon-projektet-e-reja-per-kulturen-dhe-artin-ne-tirane-gara-e-pare-qe-hapem-per-bulevardin-e-ri-ishte-per-pallatin-e-ri-te-koncerteve","status":"publish","type":"post","link":"https:\/\/www.hashtag.al\/index.php\/2023\/05\/04\/veliaj-tregon-projektet-e-reja-per-kulturen-dhe-artin-ne-tirane-gara-e-pare-qe-hapem-per-bulevardin-e-ri-ishte-per-pallatin-e-ri-te-koncerteve\/","title":{"rendered":"Veliaj tregon projektet e reja p\u00ebr kultur\u00ebn dhe artin: Gara e par\u00eb q\u00eb hap\u00ebm p\u00ebr Bulevardin e Ri ishte p\u00ebr Pallatin e Ri t\u00eb Koncerteve","gt_translate_keys":[{"key":"rendered","format":"text"}]},"content":{"rendered":"<p><span style=\"color: #000000;\"><a href=\"https:\/\/www.hashtag.al\/wp-content\/uploads\/2023\/05\/8518c4a6-dc69-4a01-a4cc-462f9e3ab3c5-768x513-1.jpg\"><img loading=\"lazy\" decoding=\"async\" class=\"aligncenter size-full wp-image-594180\" src=\"https:\/\/www.hashtag.al\/wp-content\/uploads\/2023\/05\/8518c4a6-dc69-4a01-a4cc-462f9e3ab3c5-768x513-1.jpg\" alt=\"\" width=\"768\" height=\"513\" srcset=\"https:\/\/www.hashtag.al\/wp-content\/uploads\/2023\/05\/8518c4a6-dc69-4a01-a4cc-462f9e3ab3c5-768x513-1.jpg 768w, https:\/\/www.hashtag.al\/wp-content\/uploads\/2023\/05\/8518c4a6-dc69-4a01-a4cc-462f9e3ab3c5-768x513-1-300x200.jpg 300w\" sizes=\"auto, (max-width: 768px) 100vw, 768px\" \/><\/a><\/span><\/p>\n<p><span style=\"color: #000000;\">Kryebashkiaku Erion Veliaj dhe ministrja e Kultur\u00ebs, Elva Margariti zhvilluan nj\u00eb takim me artist\u00ebt e Tiran\u00ebs, me t\u00eb cil\u00ebt biseduan p\u00ebr disa nga projektet ikonike q\u00eb pritet t\u00eb realizohen n\u00eb kryeqytet me fokus artin dhe kultur\u00ebn.<\/span><\/p>\n<p><span style=\"color: #000000;\">Veliaj renditi disa nga investimet e kryera nga Bashkia e Tiran\u00ebs p\u00ebr artin dhe kultur\u00ebn n\u00eb kryeqytet, duke filluar nga Amfiteatri i ri.<\/span><\/p>\n<p><span style=\"color: #000000;\">Veliaj shtoi se po punohet p\u00ebr KombinArt, lagjja e re n\u00eb Kombinat, ku do t\u00eb ket\u00eb disa nd\u00ebrtesa ekskluzive p\u00ebr instalacione, skulptur\u00eb dhe piktur\u00eb.<\/span><\/p>\n<p><span style=\"color: #000000;\"><em>\u201cKemi futur nj\u00eb tradit\u00eb shum\u00eb t\u00eb mir\u00eb n\u00eb shkolla, t\u00eb cilat i pajisim edhe me nj\u00eb sall\u00eb koncertore, si\u00e7 rasti sall\u00ebs \u2018Tonin Arapi\u2019 te Liceu, apo \u2018Avni Mula\u2019 te shkolla \u2018Servete Ma\u00e7i\u2019, ose te shkolla \u2018Lasgush Poradeci\u2019 n\u00eb Kombinat. Po mundohemi t\u00eb mbjellim k\u00ebt\u00eb lloj akupunkture artistike n\u00eb qytet. Kemi edhe kineman\u00eb \u2018Maks Velo\u2019, e cila p\u00ebrdoret edhe nga kund\u00ebrshtar\u00ebt tan\u00eb p\u00ebr takime. Po b\u00ebjm\u00eb nj\u00eb nd\u00ebrhyrje shum\u00eb t\u00eb madhe n\u00eb Kinostudio dhe sapo mor\u00ebm mbrapsht kinema \u2018Agimin\u2019 nga privati, e cila do t\u00eb hapet s\u00eb shpejti. Jemi duke punuar me nj\u00eb kompani prestigjioze p\u00ebr zon\u00ebn e artist\u00ebve te Komuna e Parisit, po ashtu po punojm\u00eb p\u00ebr \u2018KombinArt-in\u2019; pra, t\u00eb kemi disa nd\u00ebrtesa ekskluzive p\u00ebr instalacione, skulptur\u00eb dhe pikture. T\u00eb nj\u00ebjt\u00ebn gj\u00eb do t\u00eb b\u00ebjm\u00eb edhe tek lagja e re \u20185 Maji\u2019<\/em>\u201d, tha Veliaj.<\/span><\/p>\n<p><span style=\"color: #000000;\">Mandej, ai foli edhe p\u00ebr disa investime t\u00eb tjera q\u00eb do t\u00eb vendosen n\u00eb Bulevardin e Ri t\u00eb Tiran\u00ebs, duke shtuar se edhe Teatri i Kukullave do jet\u00eb nj\u00eb tjet\u00ebr hap\u00ebsir\u00eb e restauruar.<\/span><\/p>\n<p><span style=\"color: #000000;\">\u201c<em>Gara e par\u00eb q\u00eb hap\u00ebm p\u00ebr Bulevardin e Ri ishte p\u00ebr Pallatin e Ri t\u00eb Koncerteve sepse ajo q\u00eb kemi \u00ebsht\u00eb ezauruar si hap\u00ebsir\u00eb. Ka mb\u00ebrritur dita q\u00eb opozita b\u00ebn fushat\u00eb me luft\u00eb ndaj Amerik\u00ebs, luft\u00eb me pem\u00ebt dhe me artist\u00ebt, \u00e7ka do t\u00eb thot\u00eb se shumic\u00ebn e gj\u00ebrave i kemi rregulluar n\u00eb at\u00eb far\u00eb feje, sa tani jemi duke diskutuar p\u00ebr bindjen e Noizy-t dhe Rita Or\u00ebs. N\u00eb an\u00ebn tjet\u00ebr t\u00eb Bulevardit t\u00eb Ri \u00ebsht\u00eb p\u00ebrcaktuar hap\u00ebsira p\u00ebr nj\u00eb muze t\u00eb artit modern. Edhe Teatri i Kukullave do t\u00eb jet\u00eb nj\u00eb tjet\u00ebr hap\u00ebsir\u00eb e restauruar\u201d,<\/em> tha Veliaj.<\/span><\/p>\n","protected":false,"gt_translate_keys":[{"key":"rendered","format":"html"}]},"excerpt":{"rendered":"<p>Kryebashkiaku Erion Veliaj dhe ministrja e Kultur\u00ebs, Elva Margariti zhvilluan nj\u00eb takim me artist\u00ebt e Tiran\u00ebs, me t\u00eb cil\u00ebt biseduan p\u00ebr disa nga projektet ikonike q\u00eb pritet t\u00eb realizohen n\u00eb kryeqytet me fokus artin dhe kultur\u00ebn. Veliaj renditi disa nga investimet e kryera nga Bashkia e Tiran\u00ebs p\u00ebr artin dhe kultur\u00ebn n\u00eb kryeqytet, duke filluar [&hellip;]<\/p>\n","protected":false,"gt_translate_keys":[{"key":"rendered","format":"html"}]},"author":30,"featured_media":594180,"comment_status":"closed","ping_status":"closed","sticky":false,"template":"","format":"standard","meta":{"footnotes":""},"categories":[65],"tags":[],"class_list":["post-594179","post","type-post","status-publish","format-standard","has-post-thumbnail","hentry","category-lajme"],"gt_translate_keys":[{"key":"link","format":"url"}],"_links":{"self":[{"href":"https:\/\/www.hashtag.al\/index.php\/wp-json\/wp\/v2\/posts\/594179","targetHints":{"allow":["GET"]}}],"collection":[{"href":"https:\/\/www.hashtag.al\/index.php\/wp-json\/wp\/v2\/posts"}],"about":[{"href":"https:\/\/www.hashtag.al\/index.php\/wp-json\/wp\/v2\/types\/post"}],"author":[{"embeddable":true,"href":"https:\/\/www.hashtag.al\/index.php\/wp-json\/wp\/v2\/users\/30"}],"replies":[{"embeddable":true,"href":"https:\/\/www.hashtag.al\/index.php\/wp-json\/wp\/v2\/comments?post=594179"}],"version-history":[{"count":0,"href":"https:\/\/www.hashtag.al\/index.php\/wp-json\/wp\/v2\/posts\/594179\/revisions"}],"wp:featuredmedia":[{"embeddable":true,"href":"https:\/\/www.hashtag.al\/index.php\/wp-json\/wp\/v2\/media\/594180"}],"wp:attachment":[{"href":"https:\/\/www.hashtag.al\/index.php\/wp-json\/wp\/v2\/media?parent=594179"}],"wp:term":[{"taxonomy":"category","embeddable":true,"href":"https:\/\/www.hashtag.al\/index.php\/wp-json\/wp\/v2\/categories?post=594179"},{"taxonomy":"post_tag","embeddable":true,"href":"https:\/\/www.hashtag.al\/index.php\/wp-json\/wp\/v2\/tags?post=594179"}],"curies":[{"name":"wp","href":"https:\/\/api.w.org\/{rel}","templated":true}]}}