{"id":594172,"date":"2023-05-04T17:01:39","date_gmt":"2023-05-04T15:01:39","guid":{"rendered":"https:\/\/www.hashtag.al\/?p=594172"},"modified":"2023-05-04T17:01:39","modified_gmt":"2023-05-04T15:01:39","slug":"shkollat-ne-beograd-tronditen-serish-nje-vajze-godet-me-thike-nje-nxenese-dhe-mesuesen","status":"publish","type":"post","link":"https:\/\/www.hashtag.al\/index.php\/2023\/05\/04\/shkollat-ne-beograd-tronditen-serish-nje-vajze-godet-me-thike-nje-nxenese-dhe-mesuesen\/","title":{"rendered":"Shkollat n\u00eb Beograd tronditen s\u00ebrish, nj\u00eb vajz\u00eb godet me thik\u00eb nj\u00eb nx\u00ebn\u00ebse dhe m\u00ebsuesen","gt_translate_keys":[{"key":"rendered","format":"text"}]},"content":{"rendered":"<p><a href=\"https:\/\/www.hashtag.al\/wp-content\/uploads\/2023\/05\/1683211471_serbi.jpeg\"><img loading=\"lazy\" decoding=\"async\" class=\"aligncenter size-full wp-image-594173\" src=\"https:\/\/www.hashtag.al\/wp-content\/uploads\/2023\/05\/1683211471_serbi.jpeg\" alt=\"\" width=\"780\" height=\"440\" srcset=\"https:\/\/www.hashtag.al\/wp-content\/uploads\/2023\/05\/1683211471_serbi.jpeg 780w, https:\/\/www.hashtag.al\/wp-content\/uploads\/2023\/05\/1683211471_serbi-300x169.jpeg 300w, https:\/\/www.hashtag.al\/wp-content\/uploads\/2023\/05\/1683211471_serbi-768x433.jpeg 768w\" sizes=\"auto, (max-width: 780px) 100vw, 780px\" \/><\/a><\/p>\n<p><span style=\"color: #000000;\">Pas ngjarjes s\u00eb r\u00ebnd\u00eb dje n\u00eb nj\u00eb prej shkollave n\u00eb Beograd ku mbet\u00ebn t\u00eb vrar\u00eb nga nj\u00eb sulm me arm\u00eb 8 nx\u00ebn\u00ebs dhe roja i shkoll\u00ebs, nga nx\u00ebn\u00ebsi i k\u00ebsaj shkolle, nj\u00eb tjet\u00ebr ngjarje e r\u00ebnd\u00eb \u00ebsht\u00eb raportuar n\u00eb Serbi.<\/span><\/p>\n<p><span style=\"color: #000000;\">Sipas <span style=\"color: #0000ff;\"><a style=\"color: #0000ff;\" href=\"https:\/\/www.b92.net\/info\/vesti\/index.php?yyyy=2023&amp;mm=05&amp;dd=04&amp;nav_category=16&amp;nav_id=2328024\">mediave serbe<\/a><\/span> b\u00ebhet me dije se nj\u00eb vajz\u00eb e cila ka qen\u00eb nx\u00ebn\u00ebse n\u00eb shkoll\u00eb private Ru\u0111er Bo\u0161kovi\u0107 n\u00eb Beograd, ka goditur me thik\u00eb nj\u00eb nx\u00ebn\u00ebse dhe nj\u00eb m\u00ebsuese. Kjo e fundi u godit pasi u p\u00ebrpoq q\u00eb t\u00eb ndalonte sulmin.<\/span><\/p>\n<p><span style=\"color: #000000;\">Raportohet se t\u00eb plagosurit po marrin ndihm\u00eb mjek\u00ebsore dhe nuk jan\u00eb n\u00eb gjendje t\u00eb r\u00ebnd\u00eb.<\/span><\/p>\n<p><span style=\"color: #000000;\">Nd\u00ebrsa theksohet se autorja e sulmit ka p\u00ebrdorur nj\u00eb thik\u00eb kuzhine. Menj\u00ebher\u00eb pas k\u00ebsaj shkolla u evakuua menj\u00ebher\u00eb dhe autorja u arrestua.<\/span><\/p>\n","protected":false,"gt_translate_keys":[{"key":"rendered","format":"html"}]},"excerpt":{"rendered":"<p>Pas ngjarjes s\u00eb r\u00ebnd\u00eb dje n\u00eb nj\u00eb prej shkollave n\u00eb Beograd ku mbet\u00ebn t\u00eb vrar\u00eb nga nj\u00eb sulm me arm\u00eb 8 nx\u00ebn\u00ebs dhe roja i shkoll\u00ebs, nga nx\u00ebn\u00ebsi i k\u00ebsaj shkolle, nj\u00eb tjet\u00ebr ngjarje e r\u00ebnd\u00eb \u00ebsht\u00eb raportuar n\u00eb Serbi. Sipas mediave serbe b\u00ebhet me dije se nj\u00eb vajz\u00eb e cila ka qen\u00eb nx\u00ebn\u00ebse n\u00eb [&hellip;]<\/p>\n","protected":false,"gt_translate_keys":[{"key":"rendered","format":"html"}]},"author":30,"featured_media":594173,"comment_status":"closed","ping_status":"closed","sticky":false,"template":"","format":"standard","meta":{"footnotes":""},"categories":[149],"tags":[],"class_list":["post-594172","post","type-post","status-publish","format-standard","has-post-thumbnail","hentry","category-kosoverajon"],"gt_translate_keys":[{"key":"link","format":"url"}],"_links":{"self":[{"href":"https:\/\/www.hashtag.al\/index.php\/wp-json\/wp\/v2\/posts\/594172","targetHints":{"allow":["GET"]}}],"collection":[{"href":"https:\/\/www.hashtag.al\/index.php\/wp-json\/wp\/v2\/posts"}],"about":[{"href":"https:\/\/www.hashtag.al\/index.php\/wp-json\/wp\/v2\/types\/post"}],"author":[{"embeddable":true,"href":"https:\/\/www.hashtag.al\/index.php\/wp-json\/wp\/v2\/users\/30"}],"replies":[{"embeddable":true,"href":"https:\/\/www.hashtag.al\/index.php\/wp-json\/wp\/v2\/comments?post=594172"}],"version-history":[{"count":0,"href":"https:\/\/www.hashtag.al\/index.php\/wp-json\/wp\/v2\/posts\/594172\/revisions"}],"wp:featuredmedia":[{"embeddable":true,"href":"https:\/\/www.hashtag.al\/index.php\/wp-json\/wp\/v2\/media\/594173"}],"wp:attachment":[{"href":"https:\/\/www.hashtag.al\/index.php\/wp-json\/wp\/v2\/media?parent=594172"}],"wp:term":[{"taxonomy":"category","embeddable":true,"href":"https:\/\/www.hashtag.al\/index.php\/wp-json\/wp\/v2\/categories?post=594172"},{"taxonomy":"post_tag","embeddable":true,"href":"https:\/\/www.hashtag.al\/index.php\/wp-json\/wp\/v2\/tags?post=594172"}],"curies":[{"name":"wp","href":"https:\/\/api.w.org\/{rel}","templated":true}]}}