{"id":593969,"date":"2023-05-03T17:57:11","date_gmt":"2023-05-03T15:57:11","guid":{"rendered":"https:\/\/www.hashtag.al\/?p=593969"},"modified":"2023-05-03T17:57:11","modified_gmt":"2023-05-03T15:57:11","slug":"zelensky-viziton-finlanden-per-takime-me-udheheqesit-nordike","status":"publish","type":"post","link":"https:\/\/www.hashtag.al\/index.php\/2023\/05\/03\/zelensky-viziton-finlanden-per-takime-me-udheheqesit-nordike\/","title":{"rendered":"Zelensky viziton Finland\u00ebn p\u00ebr takime me udh\u00ebheq\u00ebsit nordik\u00eb","gt_translate_keys":[{"key":"rendered","format":"text"}]},"content":{"rendered":"<p><a href=\"https:\/\/www.hashtag.al\/wp-content\/uploads\/2023\/05\/Screenshot-2023-05-03-174235.png\"><img loading=\"lazy\" decoding=\"async\" class=\"aligncenter size-full wp-image-593970\" src=\"https:\/\/www.hashtag.al\/wp-content\/uploads\/2023\/05\/Screenshot-2023-05-03-174235.png\" alt=\"\" width=\"1275\" height=\"687\" srcset=\"https:\/\/www.hashtag.al\/wp-content\/uploads\/2023\/05\/Screenshot-2023-05-03-174235.png 1275w, https:\/\/www.hashtag.al\/wp-content\/uploads\/2023\/05\/Screenshot-2023-05-03-174235-300x162.png 300w, https:\/\/www.hashtag.al\/wp-content\/uploads\/2023\/05\/Screenshot-2023-05-03-174235-1024x552.png 1024w, https:\/\/www.hashtag.al\/wp-content\/uploads\/2023\/05\/Screenshot-2023-05-03-174235-768x414.png 768w\" sizes=\"auto, (max-width: 1275px) 100vw, 1275px\" \/><\/a><\/p>\n<p><span style=\"color: #000000;\">Presidenti ukrainas, Volodymyr Zelensky, ka b\u00ebr\u00eb nj\u00eb vizit\u00eb t\u00eb paparalajm\u00ebruar n\u00eb Finland\u00eb, t\u00eb m\u00ebrkur\u00ebn, p\u00ebr t\u00eb marr\u00eb pjes\u00eb n\u00eb nj\u00eb samit t\u00eb udh\u00ebheq\u00ebsve t\u00eb pes\u00eb vendeve nordike, ka njoftuar Presidenca finlandeze.<\/span><\/p>\n<p><span style=\"color: #000000;\">Zelensky \u00ebsht\u00eb takuar n\u00eb Helsinki me presidentin finlandez, Sauli Niinisto, vendi i t\u00eb cilit u b\u00eb an\u00ebtari m\u00eb i ri i Organizat\u00ebs s\u00eb Traktatit t\u00eb Atlantikut Verior (NATO), n\u00eb prill, p\u00ebr t\u00eb diskutuar p\u00ebr \u201cluft\u00ebn e Ukrain\u00ebs p\u00ebr mbrojtje\u201d, raporton <span style=\"color: #0000ff;\">AFP.<\/span><\/span><\/p>\n<p><span style=\"color: #000000;\">Udh\u00ebheq\u00ebsi ukrainas do t\u00eb zhvilloj\u00eb, po ashtu, bisedime bilaterale me kryeministrin suedez, Ulf Kristersson, me Jonas Gahr Storen e Norvegjis\u00eb, me Mette Fredriksenin e Danimark\u00ebs dhe me Katrin Jakobsdottirin e Island\u00ebs.<\/span><\/p>\n<p><span style=\"color: #000000;\">\u201cP\u00ebr t\u00eb hyr\u00eb n\u00eb NATO dhe p\u00ebr t\u00eb mb\u00ebshtetur aleancat, p\u00ebr t\u00eb siguruar mb\u00ebshtetje, duhet t\u00eb b\u00ebhet pun\u00eb thelb\u00ebsore diplomatike. Ukraina po e b\u00ebn at\u00eb sot\u201d, ka shkruar k\u00ebshilltarja p\u00ebr komunikime e Presidenc\u00ebs ukrainase, Daria Zarivna, n\u00eb Telegram.<\/span><\/p>\n<p><span style=\"color: #000000;\">T\u00eb gjitha vendet nordike jan\u00eb zotuar se do t\u2019i ofrojn\u00eb Ukrain\u00ebs mb\u00ebshtetje, si financiare, ashtu edhe ushtarake, pas pushtimit nga Rusia n\u00eb shkurtin e vitit 2022.<\/span><\/p>\n<p><span style=\"color: #000000;\">Suedia, Danimarka, Finlanda dhe Norvegjia i jan\u00eb bashkuar, po ashtu, p\u00ebrpjekjes nd\u00ebrkomb\u00ebtare p\u00ebr ta furnizuar Ukrain\u00ebn me arm\u00eb t\u00eb r\u00ebnda, duke i dhuruar disa prej tankeve t\u00eb tyre Leopard 2, apo duke ofruar mb\u00ebshtetje financiare p\u00ebr blerjen e tyre.<\/span><\/p>\n","protected":false,"gt_translate_keys":[{"key":"rendered","format":"html"}]},"excerpt":{"rendered":"<p>Presidenti ukrainas, Volodymyr Zelensky, ka b\u00ebr\u00eb nj\u00eb vizit\u00eb t\u00eb paparalajm\u00ebruar n\u00eb Finland\u00eb, t\u00eb m\u00ebrkur\u00ebn, p\u00ebr t\u00eb marr\u00eb pjes\u00eb n\u00eb nj\u00eb samit t\u00eb udh\u00ebheq\u00ebsve t\u00eb pes\u00eb vendeve nordike, ka njoftuar Presidenca finlandeze. Zelensky \u00ebsht\u00eb takuar n\u00eb Helsinki me presidentin finlandez, Sauli Niinisto, vendi i t\u00eb cilit u b\u00eb an\u00ebtari m\u00eb i ri i Organizat\u00ebs s\u00eb Traktatit [&hellip;]<\/p>\n","protected":false,"gt_translate_keys":[{"key":"rendered","format":"html"}]},"author":30,"featured_media":593970,"comment_status":"closed","ping_status":"closed","sticky":false,"template":"","format":"standard","meta":{"footnotes":""},"categories":[6],"tags":[],"class_list":["post-593969","post","type-post","status-publish","format-standard","has-post-thumbnail","hentry","category-nderkombetare"],"gt_translate_keys":[{"key":"link","format":"url"}],"_links":{"self":[{"href":"https:\/\/www.hashtag.al\/index.php\/wp-json\/wp\/v2\/posts\/593969","targetHints":{"allow":["GET"]}}],"collection":[{"href":"https:\/\/www.hashtag.al\/index.php\/wp-json\/wp\/v2\/posts"}],"about":[{"href":"https:\/\/www.hashtag.al\/index.php\/wp-json\/wp\/v2\/types\/post"}],"author":[{"embeddable":true,"href":"https:\/\/www.hashtag.al\/index.php\/wp-json\/wp\/v2\/users\/30"}],"replies":[{"embeddable":true,"href":"https:\/\/www.hashtag.al\/index.php\/wp-json\/wp\/v2\/comments?post=593969"}],"version-history":[{"count":0,"href":"https:\/\/www.hashtag.al\/index.php\/wp-json\/wp\/v2\/posts\/593969\/revisions"}],"wp:featuredmedia":[{"embeddable":true,"href":"https:\/\/www.hashtag.al\/index.php\/wp-json\/wp\/v2\/media\/593970"}],"wp:attachment":[{"href":"https:\/\/www.hashtag.al\/index.php\/wp-json\/wp\/v2\/media?parent=593969"}],"wp:term":[{"taxonomy":"category","embeddable":true,"href":"https:\/\/www.hashtag.al\/index.php\/wp-json\/wp\/v2\/categories?post=593969"},{"taxonomy":"post_tag","embeddable":true,"href":"https:\/\/www.hashtag.al\/index.php\/wp-json\/wp\/v2\/tags?post=593969"}],"curies":[{"name":"wp","href":"https:\/\/api.w.org\/{rel}","templated":true}]}}