{"id":593894,"date":"2023-05-03T12:16:48","date_gmt":"2023-05-03T10:16:48","guid":{"rendered":"https:\/\/www.hashtag.al\/?p=593894"},"modified":"2023-05-03T12:19:46","modified_gmt":"2023-05-03T10:19:46","slug":"masaker-ne-serbi-14-vjecari-qellon-me-arme-ne-shkolle-vret-8-nxenes-e-rojen","status":"publish","type":"post","link":"https:\/\/www.hashtag.al\/index.php\/2023\/05\/03\/masaker-ne-serbi-14-vjecari-qellon-me-arme-ne-shkolle-vret-8-nxenes-e-rojen\/","title":{"rendered":"Masak\u00ebr n\u00eb Serbi, 14-vje\u00e7ari q\u00ebllon me arm\u00eb n\u00eb shkoll\u00eb, vret 8 nx\u00ebn\u00ebs e rojen","gt_translate_keys":[{"key":"rendered","format":"text"}]},"content":{"rendered":"<p><span style=\"color: #000000;\"><img loading=\"lazy\" decoding=\"async\" class=\"aligncenter size-full wp-image-593895\" src=\"https:\/\/www.hashtag.al\/wp-content\/uploads\/2023\/05\/ezgif.com-webp-to-jpg-3.jpg\" alt=\"\" width=\"976\" height=\"549\" srcset=\"https:\/\/www.hashtag.al\/wp-content\/uploads\/2023\/05\/ezgif.com-webp-to-jpg-3.jpg 976w, https:\/\/www.hashtag.al\/wp-content\/uploads\/2023\/05\/ezgif.com-webp-to-jpg-3-300x169.jpg 300w, https:\/\/www.hashtag.al\/wp-content\/uploads\/2023\/05\/ezgif.com-webp-to-jpg-3-768x432.jpg 768w\" sizes=\"auto, (max-width: 976px) 100vw, 976px\" \/><\/span><\/p>\n<p><span style=\"color: #000000;\">Nj\u00eb tragjedi e r\u00ebnd\u00eb ka ndodhur n\u00eb Serbi ku 8 nx\u00ebn\u00ebs dhe roja i shkoll\u00ebs kan\u00eb humbur jet\u00ebn pas t\u00eb sht\u00ebnave me arm\u00eb. <\/span><\/p>\n<p><span style=\"color: #000000;\">Ngjarja e r\u00ebnd\u00eb ka ndodhur n\u00eb nj\u00eb shkoll\u00eb n\u00eb kryeqytetin e vendit, Beograd.<\/span><\/p>\n<p><span style=\"color: #000000;\">Gjasht\u00eb nx\u00ebn\u00ebs t\u00eb tjer\u00eb dhe nj\u00eb m\u00ebsues u plagos\u00ebn n\u00eb sulm dhe jan\u00eb d\u00ebrguar n\u00eb spital, tha Ministria e Brendshme n\u00eb nj\u00eb deklarat\u00eb, shkruan <span style=\"color: #0000ff;\"><a style=\"color: #0000ff;\" href=\"https:\/\/www.bbc.com\/news\/world-europe-65468404\">BBC<\/a>.<\/span><\/span><\/p>\n<p><span style=\"color: #000000;\">Policia arrestoi nj\u00eb nx\u00ebn\u00ebs 14-vje\u00e7ar n\u00eb shkoll\u00ebn \u2018Vladislav Ribnikar\u2019 n\u00eb qend\u00ebr t\u00eb Beogradit n\u00eb lidhje me sulmin e m\u00ebngjesit t\u00eb s\u00eb m\u00ebrkur\u00ebs.<\/span><\/p>\n<p><span style=\"color: #000000;\">I dyshuari dyshohet se ka p\u00ebrdorur arm\u00ebn e babait t\u00eb tij, than\u00eb zyrtar\u00ebt. Nj\u00eb hetim p\u00ebr motivet e ngjarjes \u00ebsht\u00eb duke u zhvilluar.<\/span><\/p>\n<p><span style=\"color: #000000;\"><em>\u201cPolicia d\u00ebrgoi t\u00eb gjitha patrullat e disponueshme menj\u00ebher\u00eb n\u00eb vendngjarje dhe arrestoi nj\u00eb t\u00eb mitur t\u00eb dyshuar, nj\u00eb nx\u00ebn\u00ebs t\u00eb klas\u00ebs s\u00eb shtat\u00eb, i cili dyshohet se ka gjuajtur disa t\u00eb sht\u00ebna nga arma e babait t\u00eb tij n\u00eb drejtim t\u00eb nx\u00ebn\u00ebsve dhe siguris\u00eb s\u00eb shkoll\u00ebs. T\u00eb plagosurve po iu ofrohet kujdes mjek\u00ebsor, nd\u00ebrsa policia po punon p\u00ebr zbardhjen e fakteve dhe rrethanave q\u00eb kan\u00eb \u00e7uar n\u00eb k\u00ebt\u00eb ngjarje.\u201d<\/em> &#8211; thuhet n\u00eb njoftimin e ministris\u00eb.<\/span><\/p>\n<p><span style=\"color: #000000;\"><img loading=\"lazy\" decoding=\"async\" class=\"aligncenter size-full wp-image-593901\" src=\"https:\/\/www.hashtag.al\/wp-content\/uploads\/2023\/05\/Serbia_School_Shooting_77869-de137.jpg\" alt=\"\" width=\"1536\" height=\"1024\" srcset=\"https:\/\/www.hashtag.al\/wp-content\/uploads\/2023\/05\/Serbia_School_Shooting_77869-de137.jpg 1536w, https:\/\/www.hashtag.al\/wp-content\/uploads\/2023\/05\/Serbia_School_Shooting_77869-de137-300x200.jpg 300w, https:\/\/www.hashtag.al\/wp-content\/uploads\/2023\/05\/Serbia_School_Shooting_77869-de137-1024x683.jpg 1024w, https:\/\/www.hashtag.al\/wp-content\/uploads\/2023\/05\/Serbia_School_Shooting_77869-de137-768x512.jpg 768w\" sizes=\"auto, (max-width: 1536px) 100vw, 1536px\" \/><img loading=\"lazy\" decoding=\"async\" class=\"aligncenter size-full wp-image-593897\" src=\"https:\/\/www.hashtag.al\/wp-content\/uploads\/2023\/05\/ezgif.com-webp-to-jpg-2-1.jpg\" alt=\"\" width=\"1536\" height=\"1024\" srcset=\"https:\/\/www.hashtag.al\/wp-content\/uploads\/2023\/05\/ezgif.com-webp-to-jpg-2-1.jpg 1536w, https:\/\/www.hashtag.al\/wp-content\/uploads\/2023\/05\/ezgif.com-webp-to-jpg-2-1-300x200.jpg 300w, https:\/\/www.hashtag.al\/wp-content\/uploads\/2023\/05\/ezgif.com-webp-to-jpg-2-1-1024x683.jpg 1024w, https:\/\/www.hashtag.al\/wp-content\/uploads\/2023\/05\/ezgif.com-webp-to-jpg-2-1-768x512.jpg 768w\" sizes=\"auto, (max-width: 1536px) 100vw, 1536px\" \/><img loading=\"lazy\" decoding=\"async\" class=\"aligncenter size-full wp-image-593898\" src=\"https:\/\/www.hashtag.al\/wp-content\/uploads\/2023\/05\/ezgif.com-webp-to-jpg-1-1.jpg\" alt=\"\" width=\"1536\" height=\"1024\" srcset=\"https:\/\/www.hashtag.al\/wp-content\/uploads\/2023\/05\/ezgif.com-webp-to-jpg-1-1.jpg 1536w, https:\/\/www.hashtag.al\/wp-content\/uploads\/2023\/05\/ezgif.com-webp-to-jpg-1-1-300x200.jpg 300w, https:\/\/www.hashtag.al\/wp-content\/uploads\/2023\/05\/ezgif.com-webp-to-jpg-1-1-1024x683.jpg 1024w, https:\/\/www.hashtag.al\/wp-content\/uploads\/2023\/05\/ezgif.com-webp-to-jpg-1-1-768x512.jpg 768w\" sizes=\"auto, (max-width: 1536px) 100vw, 1536px\" \/><img loading=\"lazy\" decoding=\"async\" class=\"aligncenter size-full wp-image-593899\" src=\"https:\/\/www.hashtag.al\/wp-content\/uploads\/2023\/05\/ezgif.com-webp-to-jpg-4.jpg\" alt=\"\" width=\"1280\" height=\"720\" srcset=\"https:\/\/www.hashtag.al\/wp-content\/uploads\/2023\/05\/ezgif.com-webp-to-jpg-4.jpg 1280w, https:\/\/www.hashtag.al\/wp-content\/uploads\/2023\/05\/ezgif.com-webp-to-jpg-4-300x169.jpg 300w, https:\/\/www.hashtag.al\/wp-content\/uploads\/2023\/05\/ezgif.com-webp-to-jpg-4-1024x576.jpg 1024w, https:\/\/www.hashtag.al\/wp-content\/uploads\/2023\/05\/ezgif.com-webp-to-jpg-4-768x432.jpg 768w\" sizes=\"auto, (max-width: 1280px) 100vw, 1280px\" \/><\/span><\/p>\n","protected":false,"gt_translate_keys":[{"key":"rendered","format":"html"}]},"excerpt":{"rendered":"<p>Nj\u00eb tragjedi e r\u00ebnd\u00eb ka ndodhur n\u00eb Serbi ku 8 nx\u00ebn\u00ebs dhe roja i shkoll\u00ebs kan\u00eb humbur jet\u00ebn pas t\u00eb sht\u00ebnave me arm\u00eb. Ngjarja e r\u00ebnd\u00eb ka ndodhur n\u00eb nj\u00eb shkoll\u00eb n\u00eb kryeqytetin e vendit, Beograd. Gjasht\u00eb nx\u00ebn\u00ebs t\u00eb tjer\u00eb dhe nj\u00eb m\u00ebsues u plagos\u00ebn n\u00eb sulm dhe jan\u00eb d\u00ebrguar n\u00eb spital, tha Ministria e [&hellip;]<\/p>\n","protected":false,"gt_translate_keys":[{"key":"rendered","format":"html"}]},"author":51,"featured_media":593895,"comment_status":"closed","ping_status":"closed","sticky":false,"template":"","format":"standard","meta":{"footnotes":""},"categories":[22],"tags":[],"class_list":["post-593894","post","type-post","status-publish","format-standard","has-post-thumbnail","hentry","category-ballina"],"gt_translate_keys":[{"key":"link","format":"url"}],"_links":{"self":[{"href":"https:\/\/www.hashtag.al\/index.php\/wp-json\/wp\/v2\/posts\/593894","targetHints":{"allow":["GET"]}}],"collection":[{"href":"https:\/\/www.hashtag.al\/index.php\/wp-json\/wp\/v2\/posts"}],"about":[{"href":"https:\/\/www.hashtag.al\/index.php\/wp-json\/wp\/v2\/types\/post"}],"author":[{"embeddable":true,"href":"https:\/\/www.hashtag.al\/index.php\/wp-json\/wp\/v2\/users\/51"}],"replies":[{"embeddable":true,"href":"https:\/\/www.hashtag.al\/index.php\/wp-json\/wp\/v2\/comments?post=593894"}],"version-history":[{"count":0,"href":"https:\/\/www.hashtag.al\/index.php\/wp-json\/wp\/v2\/posts\/593894\/revisions"}],"wp:featuredmedia":[{"embeddable":true,"href":"https:\/\/www.hashtag.al\/index.php\/wp-json\/wp\/v2\/media\/593895"}],"wp:attachment":[{"href":"https:\/\/www.hashtag.al\/index.php\/wp-json\/wp\/v2\/media?parent=593894"}],"wp:term":[{"taxonomy":"category","embeddable":true,"href":"https:\/\/www.hashtag.al\/index.php\/wp-json\/wp\/v2\/categories?post=593894"},{"taxonomy":"post_tag","embeddable":true,"href":"https:\/\/www.hashtag.al\/index.php\/wp-json\/wp\/v2\/tags?post=593894"}],"curies":[{"name":"wp","href":"https:\/\/api.w.org\/{rel}","templated":true}]}}