{"id":593781,"date":"2023-05-02T18:23:20","date_gmt":"2023-05-02T16:23:20","guid":{"rendered":"https:\/\/www.hashtag.al\/?p=593781"},"modified":"2023-05-02T18:23:20","modified_gmt":"2023-05-02T16:23:20","slug":"kellici-premton-shtimin-e-parkingjeve-falas","status":"publish","type":"post","link":"https:\/\/www.hashtag.al\/index.php\/2023\/05\/02\/kellici-premton-shtimin-e-parkingjeve-falas\/","title":{"rendered":"K\u00eblli\u00e7i premton shtimin e parkingjeve falas","gt_translate_keys":[{"key":"rendered","format":"text"}]},"content":{"rendered":"<p><span style=\"color: #000000;\"><a style=\"color: #000000;\" href=\"https:\/\/www.hashtag.al\/wp-content\/uploads\/2023\/05\/belindi-xhamllik.jpg\"><img loading=\"lazy\" decoding=\"async\" class=\"aligncenter size-full wp-image-593782\" src=\"https:\/\/www.hashtag.al\/wp-content\/uploads\/2023\/05\/belindi-xhamllik.jpg\" alt=\"\" width=\"1080\" height=\"800\" srcset=\"https:\/\/www.hashtag.al\/wp-content\/uploads\/2023\/05\/belindi-xhamllik.jpg 1080w, https:\/\/www.hashtag.al\/wp-content\/uploads\/2023\/05\/belindi-xhamllik-300x222.jpg 300w, https:\/\/www.hashtag.al\/wp-content\/uploads\/2023\/05\/belindi-xhamllik-1024x759.jpg 1024w, https:\/\/www.hashtag.al\/wp-content\/uploads\/2023\/05\/belindi-xhamllik-768x569.jpg 768w\" sizes=\"auto, (max-width: 1080px) 100vw, 1080px\" \/><\/a><\/span><\/p>\n<p><span style=\"color: #000000;\">Kandidati i Koalicionit \u201cBashk\u00eb Fitojm\u00eb\u201d, gjat\u00eb takimeve me banor\u00eb n\u00eb zon\u00ebn e \u201cXhamllikut\u201d u p\u00ebrball me shqet\u00ebsimet e banor\u00ebve t\u00eb zon\u00ebs p\u00ebr munges\u00ebn e parkimeve.<\/span><\/p>\n<p><span style=\"color: #000000;\">Belind K\u00eblli\u00e7i parashikon n\u00eb planin e tij q\u00eb 30% e parkingjeve q\u00eb jan\u00eb me pages\u00eb n\u00eb kryeqytet t\u00eb jen\u00eb falas p\u00ebr qytetar\u00ebt.<\/span><\/p>\n<p><span style=\"color: #000000;\">P\u00ebrve\u00e7 \u00e7mimit falas plani i K\u00eblli\u00e7it parashikon edhe shtimin e parkingjeve.<\/span><\/p>\n<p><span style=\"color: #000000;\">\u201c<em>Zgjidhja p\u00ebr parkimin \u00ebsht\u00eb fokusuar padiskutim te ai premtim q\u00eb un\u00eb kam dh\u00ebn\u00eb, q\u00eb do t`i dedikoj t\u00eb pakt\u00ebn 30% vende q\u00eb jan\u00eb me pages\u00eb, do t`i b\u00ebj\u00eb pa pages\u00eb p\u00ebr komunitetin. Do t\u00eb shohim dhe mund\u00ebsin\u00eb e parkimeve n\u00ebntok\u00ebsore, n\u00eb vende t\u00eb caktuara, apo dhe t\u00eb nd\u00ebrtimeve me objekt vet\u00ebm parkimin e makinave<\/em>.\u201d- tha Belind K\u00eblli\u00e7i.<\/span><\/p>\n","protected":false,"gt_translate_keys":[{"key":"rendered","format":"html"}]},"excerpt":{"rendered":"<p>Kandidati i Koalicionit \u201cBashk\u00eb Fitojm\u00eb\u201d, gjat\u00eb takimeve me banor\u00eb n\u00eb zon\u00ebn e \u201cXhamllikut\u201d u p\u00ebrball me shqet\u00ebsimet e banor\u00ebve t\u00eb zon\u00ebs p\u00ebr munges\u00ebn e parkimeve. Belind K\u00eblli\u00e7i parashikon n\u00eb planin e tij q\u00eb 30% e parkingjeve q\u00eb jan\u00eb me pages\u00eb n\u00eb kryeqytet t\u00eb jen\u00eb falas p\u00ebr qytetar\u00ebt. P\u00ebrve\u00e7 \u00e7mimit falas plani i K\u00eblli\u00e7it parashikon edhe [&hellip;]<\/p>\n","protected":false,"gt_translate_keys":[{"key":"rendered","format":"html"}]},"author":32,"featured_media":593782,"comment_status":"closed","ping_status":"closed","sticky":false,"template":"","format":"standard","meta":{"footnotes":""},"categories":[65,13],"tags":[],"class_list":["post-593781","post","type-post","status-publish","format-standard","has-post-thumbnail","hentry","category-lajme","category-te-fundit"],"gt_translate_keys":[{"key":"link","format":"url"}],"_links":{"self":[{"href":"https:\/\/www.hashtag.al\/index.php\/wp-json\/wp\/v2\/posts\/593781","targetHints":{"allow":["GET"]}}],"collection":[{"href":"https:\/\/www.hashtag.al\/index.php\/wp-json\/wp\/v2\/posts"}],"about":[{"href":"https:\/\/www.hashtag.al\/index.php\/wp-json\/wp\/v2\/types\/post"}],"author":[{"embeddable":true,"href":"https:\/\/www.hashtag.al\/index.php\/wp-json\/wp\/v2\/users\/32"}],"replies":[{"embeddable":true,"href":"https:\/\/www.hashtag.al\/index.php\/wp-json\/wp\/v2\/comments?post=593781"}],"version-history":[{"count":0,"href":"https:\/\/www.hashtag.al\/index.php\/wp-json\/wp\/v2\/posts\/593781\/revisions"}],"wp:featuredmedia":[{"embeddable":true,"href":"https:\/\/www.hashtag.al\/index.php\/wp-json\/wp\/v2\/media\/593782"}],"wp:attachment":[{"href":"https:\/\/www.hashtag.al\/index.php\/wp-json\/wp\/v2\/media?parent=593781"}],"wp:term":[{"taxonomy":"category","embeddable":true,"href":"https:\/\/www.hashtag.al\/index.php\/wp-json\/wp\/v2\/categories?post=593781"},{"taxonomy":"post_tag","embeddable":true,"href":"https:\/\/www.hashtag.al\/index.php\/wp-json\/wp\/v2\/tags?post=593781"}],"curies":[{"name":"wp","href":"https:\/\/api.w.org\/{rel}","templated":true}]}}