{"id":593589,"date":"2023-05-01T22:23:01","date_gmt":"2023-05-01T20:23:01","guid":{"rendered":"https:\/\/www.hashtag.al\/?p=593589"},"modified":"2023-05-01T22:31:07","modified_gmt":"2023-05-01T20:31:07","slug":"igli-cara-do-ju-drejtohem-durrsakeve-me-referundum-per-velieren","status":"publish","type":"post","link":"https:\/\/www.hashtag.al\/index.php\/2023\/05\/01\/igli-cara-do-ju-drejtohem-durrsakeve-me-referundum-per-velieren\/","title":{"rendered":"Igli Cara: Do ju drejtohem durrsak\u00ebve me referendum p\u00ebr Velier\u00ebn","gt_translate_keys":[{"key":"rendered","format":"text"}]},"content":{"rendered":"<p><span style=\"color: #000000;\"><a href=\"https:\/\/www.hashtag.al\/wp-content\/uploads\/2023\/05\/Screenshot-2023-05-01-222942.png\"><img loading=\"lazy\" decoding=\"async\" class=\"aligncenter size-full wp-image-593598\" src=\"https:\/\/www.hashtag.al\/wp-content\/uploads\/2023\/05\/Screenshot-2023-05-01-222942.png\" alt=\"\" width=\"482\" height=\"412\" srcset=\"https:\/\/www.hashtag.al\/wp-content\/uploads\/2023\/05\/Screenshot-2023-05-01-222942.png 482w, https:\/\/www.hashtag.al\/wp-content\/uploads\/2023\/05\/Screenshot-2023-05-01-222942-300x256.png 300w\" sizes=\"auto, (max-width: 482px) 100vw, 482px\" \/><\/a><\/span><\/p>\n<p><span style=\"color: #000000;\">Kandidati i koalicionit \u201cBashk\u00eb Fitojm\u00eb\u201d p\u00ebr qytetin e Durr\u00ebsit, Igli Cara, i ftuar sot n\u00eb emisionin OPEN me Eni Vasilin, tha se do tju drejtohet qytetar\u00ebve t\u00eb Durr\u00ebsit me referendum p\u00ebr problemet kryesore p\u00ebrfshi k\u00ebtu edhe Velier\u00ebn.<\/span><\/p>\n<p><span style=\"color: #000000;\">Cara tha se nuk do t\u00eb veproj\u00eb kurr\u00eb si\u00e7 \u00ebsht\u00eb vepruar deri tani, pa pyetur qytetar\u00ebt, as grupet e interesit dhe pa kryer studime fizibiliteti.<\/span><\/p>\n<p><span style=\"color: #000000;\">Cara tha se do t\u00eb jet\u00eb p\u00ebrfaq\u00ebsuesi i durrsak\u00ebve, pronar\u00ebve t\u00eb v\u00ebrtet\u00eb t\u00eb qytetit.<\/span><\/p>\n","protected":false,"gt_translate_keys":[{"key":"rendered","format":"html"}]},"excerpt":{"rendered":"<p>Kandidati i koalicionit \u201cBashk\u00eb Fitojm\u00eb\u201d p\u00ebr qytetin e Durr\u00ebsit, Igli Cara, i ftuar sot n\u00eb emisionin OPEN me Eni Vasilin, tha se do tju drejtohet qytetar\u00ebve t\u00eb Durr\u00ebsit me referendum p\u00ebr problemet kryesore p\u00ebrfshi k\u00ebtu edhe Velier\u00ebn. Cara tha se nuk do t\u00eb veproj\u00eb kurr\u00eb si\u00e7 \u00ebsht\u00eb vepruar deri tani, pa pyetur qytetar\u00ebt, as grupet [&hellip;]<\/p>\n","protected":false,"gt_translate_keys":[{"key":"rendered","format":"html"}]},"author":30,"featured_media":593598,"comment_status":"closed","ping_status":"closed","sticky":false,"template":"","format":"standard","meta":{"footnotes":""},"categories":[65],"tags":[],"class_list":["post-593589","post","type-post","status-publish","format-standard","has-post-thumbnail","hentry","category-lajme"],"gt_translate_keys":[{"key":"link","format":"url"}],"_links":{"self":[{"href":"https:\/\/www.hashtag.al\/index.php\/wp-json\/wp\/v2\/posts\/593589","targetHints":{"allow":["GET"]}}],"collection":[{"href":"https:\/\/www.hashtag.al\/index.php\/wp-json\/wp\/v2\/posts"}],"about":[{"href":"https:\/\/www.hashtag.al\/index.php\/wp-json\/wp\/v2\/types\/post"}],"author":[{"embeddable":true,"href":"https:\/\/www.hashtag.al\/index.php\/wp-json\/wp\/v2\/users\/30"}],"replies":[{"embeddable":true,"href":"https:\/\/www.hashtag.al\/index.php\/wp-json\/wp\/v2\/comments?post=593589"}],"version-history":[{"count":0,"href":"https:\/\/www.hashtag.al\/index.php\/wp-json\/wp\/v2\/posts\/593589\/revisions"}],"wp:featuredmedia":[{"embeddable":true,"href":"https:\/\/www.hashtag.al\/index.php\/wp-json\/wp\/v2\/media\/593598"}],"wp:attachment":[{"href":"https:\/\/www.hashtag.al\/index.php\/wp-json\/wp\/v2\/media?parent=593589"}],"wp:term":[{"taxonomy":"category","embeddable":true,"href":"https:\/\/www.hashtag.al\/index.php\/wp-json\/wp\/v2\/categories?post=593589"},{"taxonomy":"post_tag","embeddable":true,"href":"https:\/\/www.hashtag.al\/index.php\/wp-json\/wp\/v2\/tags?post=593589"}],"curies":[{"name":"wp","href":"https:\/\/api.w.org\/{rel}","templated":true}]}}