{"id":593585,"date":"2023-05-01T21:59:26","date_gmt":"2023-05-01T19:59:26","guid":{"rendered":"https:\/\/www.hashtag.al\/?p=593585"},"modified":"2023-05-01T22:00:20","modified_gmt":"2023-05-01T20:00:20","slug":"veliaj-brenda-2024-tirana-do-kete-uje-te-pijshem-24-ore","status":"publish","type":"post","link":"https:\/\/www.hashtag.al\/index.php\/2023\/05\/01\/veliaj-brenda-2024-tirana-do-kete-uje-te-pijshem-24-ore\/","title":{"rendered":"Veliaj: Brenda 2024-s Tirana do ket\u00eb uj\u00eb t\u00eb pijsh\u00ebm 24 or\u00eb","gt_translate_keys":[{"key":"rendered","format":"text"}]},"content":{"rendered":"<p><span style=\"color: #000000;\"><a href=\"https:\/\/www.hashtag.al\/wp-content\/uploads\/2023\/05\/Screenshot-2023-05-01-215702.png\"><img loading=\"lazy\" decoding=\"async\" class=\"aligncenter size-full wp-image-593586\" src=\"https:\/\/www.hashtag.al\/wp-content\/uploads\/2023\/05\/Screenshot-2023-05-01-215702.png\" alt=\"\" width=\"996\" height=\"450\" srcset=\"https:\/\/www.hashtag.al\/wp-content\/uploads\/2023\/05\/Screenshot-2023-05-01-215702.png 996w, https:\/\/www.hashtag.al\/wp-content\/uploads\/2023\/05\/Screenshot-2023-05-01-215702-300x136.png 300w, https:\/\/www.hashtag.al\/wp-content\/uploads\/2023\/05\/Screenshot-2023-05-01-215702-768x347.png 768w\" sizes=\"auto, (max-width: 996px) 100vw, 996px\" \/><\/a><\/span><\/p>\n<p><span style=\"color: #000000;\">Kryebashkiaku dhe kandidati i PS p\u00ebr Tiran\u00ebn, Erion Veliaj, i ftuar n\u00eb emisionin \u201c5 Pyetjet\u201d, deklaroi se brenda vitit 2024, Tirana do t\u00eb ket\u00eb uj\u00eb t\u00eb pijsh\u00ebm 24 or\u00eb.<\/span><\/p>\n<p><span style=\"color: #000000;\">Veliaj tha se nj\u00eb gj\u00eb e till\u00eb nuk \u00ebsht\u00eb arritur deri m\u00eb tani p\u00ebr shkak t\u00eb problemeve q\u00eb kan\u00eb hasur rrug\u00ebs.<\/span><\/p>\n<p><span style=\"color: #000000;\">\u201cN\u00eb fund t\u00eb 2024, n\u00eb p\u00ebrfundojm\u00eb unaz\u00eb e presionit. Kur kuptohet se sa shum\u00eb pun\u00eb \u00ebsht\u00eb \u00ebbr\u00eb, k\u00ebrkohet mir\u00ebkuptim edhe p\u00ebr nj\u00eb vit koh\u00eb, \u00ebsht\u00eb nd\u00ebrtuar nj\u00eb pjes\u00eb e unaz\u00ebs\u201d, tha Veliaj.<\/span><\/p>\n<p><span style=\"color: #000000;\">Ai komentoi edhe premtimin e kund\u00ebrshtarit t\u00eb tij Belind K\u00eblli\u00e7it, p\u00ebr n\u00ebn kalimin te sheshi Sk\u00ebnd\u00ebrbej, duke th\u00ebn\u00eb se parimisht nuk \u00ebsht\u00eb kund\u00ebr nj\u00eb projektit, por vet porjekti \u00ebsht\u00eb kund\u00ebr sheshit, \u00e7ka le t\u00eb kuptohet pamund\u00ebsi nga ana praktike.<\/span><\/p>\n<p><span style=\"color: #000000;\">\u201c<em>Nuk \u00ebsht\u00eb se jam kund\u00ebr, \u00ebsht\u00eb kund\u00ebr ides\u00eb s\u00eb sheshit, nga ana praktike \u00ebsht\u00eb e pamundur, duhet ta fillosh pend\u00ebncen p\u00ebrtej Lan\u00ebs, duhet ta nis\u00ebsh \u00e7arjen q\u00eb te sheshi n\u00ebn\u00eb Tereza, aksi nuk kalon nga Bashkia, por te Sheshi, Ne e kemi diskutuar. Kur s\u2019ke nd\u00ebrmend t\u00eb fitosh mund t\u00eb thuash \u00e7\u2019a t\u00eb duash, jan\u00eb 5 kate n\u00ebn tok\u00eb dhe aksi i sheshit nuk \u00ebsht\u00eb rrugica p\u00ebrball\u00eb Bashkis\u00eb, se po t\u00eb jet\u00eb ajo do p\u00ebrplasesh me hotel Tiran\u00ebn, do futesh posht\u00eb kalit t\u00eb Sk\u00ebnderbeut\u201d,<\/em> tha Veliaj.<\/span><\/p>\n<p><span style=\"color: #000000;\">Veliaj u ndal edhe te \u00e7\u00ebshtja e incenerator\u00ebve, ku tha se \u00e7\u00ebshtja \u00ebsht\u00eb n\u00eb hetim dhe drejt\u00ebsia do duhet t\u00eb flas\u00eb.<\/span><\/p>\n<p><span style=\"color: #000000;\">\u201c<em>Si komshi ne na vjen e nj\u00ebjta fatur\u00eb uji, kemi taks\u00ebn e pastrimit 100 lek\u00eb n\u00eb muaj, nd\u00ebrkoh\u00eb kosoja e mir\u00ebmbajtjes dhe n\u00eb nj\u00eb pallat \u00ebsht\u00eb 150 lek\u00eb. A \u00ebsht\u00eb Tirana m\u00eb e past\u00ebr? IlMeteo e prodhonte me t\u00eb kuqe, nd\u00ebrkoh\u00eb tani jemi shum\u00eb mir\u00eb. I referohemi agjencis\u00eb Europiane t\u00eb Hap\u00ebsir\u00ebs. Kjo \u00ebsht\u00eb transparente. \u00c7mimi nuk \u00ebsht\u00eb rritur dhe Tirana \u00ebsht\u00eb m\u00eb e past\u00ebr. Sa i p\u00ebrket pjes\u00ebs s\u00eb incenerator\u00ebve, k\u00ebtu ka nj\u00eb hetim. Duhet ta zgjidh\u00eb prokurori dhe gjykata. Ai person t\u00eb jap\u00eb llogari. Bashkia e Tiran\u00ebs thot\u00eb p\u00ebr t\u00eb nj\u00ebjt\u00ebn shum\u00eb, Tirana \u00ebsht\u00eb m\u00eb e past\u00ebr\u201d,<\/em> tha Veliaj.<\/span><\/p>\n","protected":false,"gt_translate_keys":[{"key":"rendered","format":"html"}]},"excerpt":{"rendered":"<p>Kryebashkiaku dhe kandidati i PS p\u00ebr Tiran\u00ebn, Erion Veliaj, i ftuar n\u00eb emisionin \u201c5 Pyetjet\u201d, deklaroi se brenda vitit 2024, Tirana do t\u00eb ket\u00eb uj\u00eb t\u00eb pijsh\u00ebm 24 or\u00eb. Veliaj tha se nj\u00eb gj\u00eb e till\u00eb nuk \u00ebsht\u00eb arritur deri m\u00eb tani p\u00ebr shkak t\u00eb problemeve q\u00eb kan\u00eb hasur rrug\u00ebs. \u201cN\u00eb fund t\u00eb 2024, n\u00eb [&hellip;]<\/p>\n","protected":false,"gt_translate_keys":[{"key":"rendered","format":"html"}]},"author":30,"featured_media":593586,"comment_status":"closed","ping_status":"closed","sticky":false,"template":"","format":"standard","meta":{"footnotes":""},"categories":[65],"tags":[],"class_list":["post-593585","post","type-post","status-publish","format-standard","has-post-thumbnail","hentry","category-lajme"],"gt_translate_keys":[{"key":"link","format":"url"}],"_links":{"self":[{"href":"https:\/\/www.hashtag.al\/index.php\/wp-json\/wp\/v2\/posts\/593585","targetHints":{"allow":["GET"]}}],"collection":[{"href":"https:\/\/www.hashtag.al\/index.php\/wp-json\/wp\/v2\/posts"}],"about":[{"href":"https:\/\/www.hashtag.al\/index.php\/wp-json\/wp\/v2\/types\/post"}],"author":[{"embeddable":true,"href":"https:\/\/www.hashtag.al\/index.php\/wp-json\/wp\/v2\/users\/30"}],"replies":[{"embeddable":true,"href":"https:\/\/www.hashtag.al\/index.php\/wp-json\/wp\/v2\/comments?post=593585"}],"version-history":[{"count":0,"href":"https:\/\/www.hashtag.al\/index.php\/wp-json\/wp\/v2\/posts\/593585\/revisions"}],"wp:featuredmedia":[{"embeddable":true,"href":"https:\/\/www.hashtag.al\/index.php\/wp-json\/wp\/v2\/media\/593586"}],"wp:attachment":[{"href":"https:\/\/www.hashtag.al\/index.php\/wp-json\/wp\/v2\/media?parent=593585"}],"wp:term":[{"taxonomy":"category","embeddable":true,"href":"https:\/\/www.hashtag.al\/index.php\/wp-json\/wp\/v2\/categories?post=593585"},{"taxonomy":"post_tag","embeddable":true,"href":"https:\/\/www.hashtag.al\/index.php\/wp-json\/wp\/v2\/tags?post=593585"}],"curies":[{"name":"wp","href":"https:\/\/api.w.org\/{rel}","templated":true}]}}