{"id":593467,"date":"2023-05-01T11:56:14","date_gmt":"2023-05-01T09:56:14","guid":{"rendered":"https:\/\/www.hashtag.al\/?p=593467"},"modified":"2023-05-01T11:56:14","modified_gmt":"2023-05-01T09:56:14","slug":"kellici-erion-veliaj-mashtrues-autobusi-do-jete-falas-edhe-per-fshatrat-e-bashkise-tirane","status":"publish","type":"post","link":"https:\/\/www.hashtag.al\/index.php\/2023\/05\/01\/kellici-erion-veliaj-mashtrues-autobusi-do-jete-falas-edhe-per-fshatrat-e-bashkise-tirane\/","title":{"rendered":"K\u00eblli\u00e7i: Erion Veliaj mashtrues, autobusi do jet\u00eb falas edhe p\u00ebr fshatrat e bashkis\u00eb Tiran\u00eb","gt_translate_keys":[{"key":"rendered","format":"text"}]},"content":{"rendered":"<p><img loading=\"lazy\" decoding=\"async\" class=\"aligncenter size-full wp-image-593469\" src=\"https:\/\/www.hashtag.al\/wp-content\/uploads\/2023\/05\/beklindi.png\" alt=\"\" width=\"1026\" height=\"493\" srcset=\"https:\/\/www.hashtag.al\/wp-content\/uploads\/2023\/05\/beklindi.png 1026w, https:\/\/www.hashtag.al\/wp-content\/uploads\/2023\/05\/beklindi-300x144.png 300w, https:\/\/www.hashtag.al\/wp-content\/uploads\/2023\/05\/beklindi-1024x493.png 1024w, https:\/\/www.hashtag.al\/wp-content\/uploads\/2023\/05\/beklindi-768x369.png 768w\" sizes=\"auto, (max-width: 1026px) 100vw, 1026px\" \/><\/p>\n<p><span style=\"color: #000000;\">Belind K\u00eblli\u00e7i tha sot se autobus\u00ebt falas do jen\u00eb edhe n\u00eb fshatrat e bashkis\u00eb Tiran\u00eb jo vet\u00ebm brenda qytetit.<\/span><\/p>\n<p><span style=\"color: #000000;\"> Ai ishte i ftuar n\u00eb emisionin \u2018Kafe Shqeto\u2019 n\u00eb Syri Tv, ku pohoi se premtimi i tij p\u00ebr autobus\u00eb falas \u00ebsht\u00eb pritur mjaft mir\u00eb edhe n\u00eb fshatrat e kryeqytetit duke akuzuar kryebashkiakun Veliaj se i ka g\u00ebnjyer banor\u00ebt e fshatrave gjat\u00eb takimeve t\u00eb tij.<\/span><\/p>\n<p><span style=\"color: #000000;\"><em>\u201cIsht\u00eb nj\u00eb jav\u00eb intensive, jav\u00eb me shum\u00eb pun\u00eb, jav\u00eb interesante dhe me nj\u00eb reagim t\u00eb qytetar\u00ebve, t\u00eb jasht\u00ebzakonsh\u00ebm. Vij nga nj\u00eb diel dedikuar 100% zon\u00ebs rurale, zon\u00ebs m\u00eb t\u00eb harruar t\u00eb Tiran\u00ebs ku m\u00eb vjen mir\u00eb q\u00eb autobusi falas \u00ebsht\u00eb mir\u00ebpritur n\u00eb m\u00ebnyr\u00eb t\u00eb jasht\u00ebzakonshme p\u00ebr shkak se \u00ebsht\u00eb nj\u00eb leht\u00ebsi p\u00ebr t\u00eb gjitha zonat e Tiran\u00ebs q\u00eb jan\u00eb periferike dhe rurale, se kishte dal\u00eb ky mashtruesi i Tiran\u00ebs, kishte \u00e7uar njer\u00ebz n\u00ebp\u00ebr fshatra, n\u00ebp\u00ebr katunde dhe u thoshte \u2018Belindi do t\u2019ia b\u00ebj\u00eb qytetit, nuk do t\u2019ua b\u00ebj\u00eb juve falas\u2019. Autobusi do t\u00eb jet\u00eb falas edhe p\u00ebr zon\u00ebn e fshatit n\u00eb Tiran\u00eb. E gjith\u00eb bashkia do ta ket\u00eb falas. Dje kam qen\u00eb n\u00eb Vishnj\u00eb, n\u00eb M\u00ebnik, n\u00eb Pez\u00eb. Komunat q\u00eb jan\u00eb pjes\u00eb e bashkis\u00eb Tiran\u00eb do ta ken\u00eb autobusin pa pages\u00eb. Edhe ata q\u00eb m\u00eb thoshin dje n\u00eb Vishnj\u00eb q\u00eb e kemi 1 mij\u00eb lek\u00eb, do ta ken\u00eb pa pages\u00eb. Edhe ata q\u00eb ishin n\u00eb M\u00ebnik. Edhe ata n\u00eb Pez\u00eb. T\u00eb gjith\u00eb qytetar\u00ebt e bashkis\u00eb Tiran\u00eb. N\u00eb pjes\u00ebn q\u00eb e kap Tirana, t\u00eb gjith\u00eb do t\u00eb p\u00ebrfitojn\u00eb nga ky sh\u00ebrbim. Dhe nga subvencionet p\u00ebr fermer\u00ebt, edhe nga ndihma q\u00eb do t\u00eb japim p\u00ebr huamarrjen e fermer\u00ebve, edhe nga tregjet q\u00eb do t\u00eb b\u00ebjm\u00eb p\u00ebr produktet bio t\u00eb Tiran\u00ebs.\u201d<\/em> &#8211; tha K\u00eblli\u00e7i.<\/span><\/p>\n","protected":false,"gt_translate_keys":[{"key":"rendered","format":"html"}]},"excerpt":{"rendered":"<p>Belind K\u00eblli\u00e7i tha sot se autobus\u00ebt falas do jen\u00eb edhe n\u00eb fshatrat e bashkis\u00eb Tiran\u00eb jo vet\u00ebm brenda qytetit. Ai ishte i ftuar n\u00eb emisionin \u2018Kafe Shqeto\u2019 n\u00eb Syri Tv, ku pohoi se premtimi i tij p\u00ebr autobus\u00eb falas \u00ebsht\u00eb pritur mjaft mir\u00eb edhe n\u00eb fshatrat e kryeqytetit duke akuzuar kryebashkiakun Veliaj se i ka [&hellip;]<\/p>\n","protected":false,"gt_translate_keys":[{"key":"rendered","format":"html"}]},"author":51,"featured_media":593469,"comment_status":"closed","ping_status":"closed","sticky":false,"template":"","format":"standard","meta":{"footnotes":""},"categories":[65,13],"tags":[],"class_list":["post-593467","post","type-post","status-publish","format-standard","has-post-thumbnail","hentry","category-lajme","category-te-fundit"],"gt_translate_keys":[{"key":"link","format":"url"}],"_links":{"self":[{"href":"https:\/\/www.hashtag.al\/index.php\/wp-json\/wp\/v2\/posts\/593467","targetHints":{"allow":["GET"]}}],"collection":[{"href":"https:\/\/www.hashtag.al\/index.php\/wp-json\/wp\/v2\/posts"}],"about":[{"href":"https:\/\/www.hashtag.al\/index.php\/wp-json\/wp\/v2\/types\/post"}],"author":[{"embeddable":true,"href":"https:\/\/www.hashtag.al\/index.php\/wp-json\/wp\/v2\/users\/51"}],"replies":[{"embeddable":true,"href":"https:\/\/www.hashtag.al\/index.php\/wp-json\/wp\/v2\/comments?post=593467"}],"version-history":[{"count":0,"href":"https:\/\/www.hashtag.al\/index.php\/wp-json\/wp\/v2\/posts\/593467\/revisions"}],"wp:featuredmedia":[{"embeddable":true,"href":"https:\/\/www.hashtag.al\/index.php\/wp-json\/wp\/v2\/media\/593469"}],"wp:attachment":[{"href":"https:\/\/www.hashtag.al\/index.php\/wp-json\/wp\/v2\/media?parent=593467"}],"wp:term":[{"taxonomy":"category","embeddable":true,"href":"https:\/\/www.hashtag.al\/index.php\/wp-json\/wp\/v2\/categories?post=593467"},{"taxonomy":"post_tag","embeddable":true,"href":"https:\/\/www.hashtag.al\/index.php\/wp-json\/wp\/v2\/tags?post=593467"}],"curies":[{"name":"wp","href":"https:\/\/api.w.org\/{rel}","templated":true}]}}