{"id":593356,"date":"2023-04-30T18:39:18","date_gmt":"2023-04-30T16:39:18","guid":{"rendered":"https:\/\/www.hashtag.al\/?p=593356"},"modified":"2023-04-30T18:39:18","modified_gmt":"2023-04-30T16:39:18","slug":"bejko-ne-njesine-9-oligarkia-politike-kerkon-shkaterrimin-e-pd-nuk-dua-voten-e-atyre-qe-mbeshtesin-berishen","status":"publish","type":"post","link":"https:\/\/www.hashtag.al\/index.php\/2023\/04\/30\/bejko-ne-njesine-9-oligarkia-politike-kerkon-shkaterrimin-e-pd-nuk-dua-voten-e-atyre-qe-mbeshtesin-berishen\/","title":{"rendered":"Bejko n\u00eb nj\u00ebsin\u00eb 9: \u2018Oligarkia politike\u2019 k\u00ebrkon shkat\u00ebrrimin e PD, nuk dua vot\u00ebn e atyre q\u00eb mb\u00ebshtesin Berish\u00ebn","gt_translate_keys":[{"key":"rendered","format":"text"}]},"content":{"rendered":"<p><span style=\"color: #000000;\"><a href=\"https:\/\/www.hashtag.al\/wp-content\/uploads\/2023\/04\/Screenshot-2023-04-30-182523.png\"><img loading=\"lazy\" decoding=\"async\" class=\"aligncenter size-full wp-image-593357\" src=\"https:\/\/www.hashtag.al\/wp-content\/uploads\/2023\/04\/Screenshot-2023-04-30-182523.png\" alt=\"\" width=\"985\" height=\"482\" srcset=\"https:\/\/www.hashtag.al\/wp-content\/uploads\/2023\/04\/Screenshot-2023-04-30-182523.png 985w, https:\/\/www.hashtag.al\/wp-content\/uploads\/2023\/04\/Screenshot-2023-04-30-182523-300x147.png 300w, https:\/\/www.hashtag.al\/wp-content\/uploads\/2023\/04\/Screenshot-2023-04-30-182523-768x376.png 768w\" sizes=\"auto, (max-width: 985px) 100vw, 985px\" \/><\/a><\/span><\/p>\n<p><span style=\"color: #000000;\">Kandidati i Partis\u00eb Demokratike p\u00ebr Bashkin\u00eb e Tiran\u00ebs Roland Bejko, zhvilloi takimin elektoral t\u00eb rradh\u00ebs n\u00eb nj\u00ebsin\u00eb 9 n\u00eb.<\/span><\/p>\n<p><span style=\"color: #000000;\">Bejko prej andej tha se oligarkia politike e drejtuar nga Rama-Meta-Berisha k\u00ebrkojn\u00eb shkat\u00ebrrimin e PD.<\/span><\/p>\n<p><span style=\"color: #000000;\"><em>&#8220;Kush e donte eliminimin e PD? Treshja q\u00eb do t\u00eb mbaj\u00eb n\u00eb pron\u00ebsin\u00eb e tyre t\u00eb gjith\u00eb sken\u00ebn politike. Ata duan t\u00eb jen\u00eb pushtet i p\u00ebrjetsh\u00ebm, duan q\u00eb s\u00eb bashku me oligark\u00ebt q\u00eb ndajn\u00eb pun\u00ebt e tyre shkojn\u00eb p\u00ebr t&#8217;i kthyer reston atyre q\u00eb i dha mund\u00ebsin\u00eb t&#8217;i pasuronte&#8221;, <\/em>tha Bejko.<\/span><\/p>\n<p><span style=\"color: #000000;\">Bejko ironizoi edhe at\u00eb q\u00eb Berisha disa muaj m\u00eb par\u00eb e quante revolucion p\u00ebr largimin e Ram\u00ebs.<\/span><\/p>\n<p><span style=\"color: #000000;\">&#8220;<em>Nuk ka r\u00ebnd\u00ebsi se e ngre apo jo flamurin amerikan. E gjitha kjo ka qen\u00eb teat\u00ebr n\u00eb kurriz t\u00eb demokrat\u00ebve. E parkojn\u00eb kull\u00ebn diku mbrapa oligark\u00ebve. S&#8217;mund t\u00eb b\u00ebjn\u00eb revolucionin t\u00eb pasurit dhe shum\u00eb t\u00eb pasurit&#8221;,<\/em> tha Bejko.<\/span><\/p>\n<p><span style=\"color: #000000;\">Demokrat\u00ebve t\u00eb nj\u00ebsis\u00eb 9 u foli edhe p\u00ebr alternativ\u00ebn e tij p\u00ebr Tiran\u00ebn.<\/span><\/p>\n<p><span style=\"color: #000000;\">&#8220;<em>K\u00ebta na zun\u00eb frym\u00ebn ne dhe jemi \u00e7uar t&#8217;i japim frym\u00ebmarrje Shqip\u00ebris\u00eb&#8221;,<\/em> tha Bejko.<\/span><\/p>\n<p><span style=\"color: #000000;\">Bejko e quajti premtim elektoral q\u00eb nuk realizohet dot premtimin p\u00ebr autobus falas, t\u00eb artikuluar nga kandidati i koalicionit Berisha-Meta, Belind K\u00eblli\u00e7i. Po ashtu Bejko ishte i qart\u00eb p\u00ebr t\u00eb gjith\u00eb ata q\u00eb mb\u00ebshtesin Sali Berish\u00ebn duke th\u00ebn\u00eb se nuk e do vot\u00ebn e tyre.<\/span><\/p>\n<p><span style=\"color: #000000;\">\u201c<em>Nuk e dua vot\u00ebn e atyre q\u00eb mb\u00ebshtesin nj\u00eb anti-amerikan. Dua vot\u00ebn e \u00e7do demokrati q\u00eb tani ka reflektuar dhe ka kuptuar se ka humbur rrug\u00ebn. Berish\u00ebs i kan\u00eb ngelur ata q\u00eb u nd\u00ebshkuan me 1 mln vota kund\u00ebr. Ne kemi qen\u00eb n\u00eb pozicione t\u00eb larta n\u00eb qeverin\u00eb e tij, por nuk kemi qen\u00eb t\u00eb korruptuar dhe as nuk kemi bashk\u00ebpunuar me krimin\u201d,<\/em> shtoi Bejko.<\/span><\/p>\n","protected":false,"gt_translate_keys":[{"key":"rendered","format":"html"}]},"excerpt":{"rendered":"<p>Kandidati i Partis\u00eb Demokratike p\u00ebr Bashkin\u00eb e Tiran\u00ebs Roland Bejko, zhvilloi takimin elektoral t\u00eb rradh\u00ebs n\u00eb nj\u00ebsin\u00eb 9 n\u00eb. Bejko prej andej tha se oligarkia politike e drejtuar nga Rama-Meta-Berisha k\u00ebrkojn\u00eb shkat\u00ebrrimin e PD. &#8220;Kush e donte eliminimin e PD? Treshja q\u00eb do t\u00eb mbaj\u00eb n\u00eb pron\u00ebsin\u00eb e tyre t\u00eb gjith\u00eb sken\u00ebn politike. Ata duan [&hellip;]<\/p>\n","protected":false,"gt_translate_keys":[{"key":"rendered","format":"html"}]},"author":30,"featured_media":593357,"comment_status":"closed","ping_status":"closed","sticky":false,"template":"","format":"standard","meta":{"footnotes":""},"categories":[65],"tags":[],"class_list":["post-593356","post","type-post","status-publish","format-standard","has-post-thumbnail","hentry","category-lajme"],"gt_translate_keys":[{"key":"link","format":"url"}],"_links":{"self":[{"href":"https:\/\/www.hashtag.al\/index.php\/wp-json\/wp\/v2\/posts\/593356","targetHints":{"allow":["GET"]}}],"collection":[{"href":"https:\/\/www.hashtag.al\/index.php\/wp-json\/wp\/v2\/posts"}],"about":[{"href":"https:\/\/www.hashtag.al\/index.php\/wp-json\/wp\/v2\/types\/post"}],"author":[{"embeddable":true,"href":"https:\/\/www.hashtag.al\/index.php\/wp-json\/wp\/v2\/users\/30"}],"replies":[{"embeddable":true,"href":"https:\/\/www.hashtag.al\/index.php\/wp-json\/wp\/v2\/comments?post=593356"}],"version-history":[{"count":0,"href":"https:\/\/www.hashtag.al\/index.php\/wp-json\/wp\/v2\/posts\/593356\/revisions"}],"wp:featuredmedia":[{"embeddable":true,"href":"https:\/\/www.hashtag.al\/index.php\/wp-json\/wp\/v2\/media\/593357"}],"wp:attachment":[{"href":"https:\/\/www.hashtag.al\/index.php\/wp-json\/wp\/v2\/media?parent=593356"}],"wp:term":[{"taxonomy":"category","embeddable":true,"href":"https:\/\/www.hashtag.al\/index.php\/wp-json\/wp\/v2\/categories?post=593356"},{"taxonomy":"post_tag","embeddable":true,"href":"https:\/\/www.hashtag.al\/index.php\/wp-json\/wp\/v2\/tags?post=593356"}],"curies":[{"name":"wp","href":"https:\/\/api.w.org\/{rel}","templated":true}]}}