{"id":593272,"date":"2023-04-30T12:21:56","date_gmt":"2023-04-30T10:21:56","guid":{"rendered":"https:\/\/www.hashtag.al\/?p=593272"},"modified":"2023-04-30T12:21:56","modified_gmt":"2023-04-30T10:21:56","slug":"zelensky-shpjegon-pse-mban-arme","status":"publish","type":"post","link":"https:\/\/www.hashtag.al\/index.php\/2023\/04\/30\/zelensky-shpjegon-pse-mban-arme\/","title":{"rendered":"Zelensky shpjegon pse mban arm\u00eb","gt_translate_keys":[{"key":"rendered","format":"text"}]},"content":{"rendered":"<p><img loading=\"lazy\" decoding=\"async\" class=\"aligncenter size-full wp-image-593273\" src=\"https:\/\/www.hashtag.al\/wp-content\/uploads\/2023\/04\/zelensky.png\" alt=\"\" width=\"768\" height=\"432\" srcset=\"https:\/\/www.hashtag.al\/wp-content\/uploads\/2023\/04\/zelensky.png 768w, https:\/\/www.hashtag.al\/wp-content\/uploads\/2023\/04\/zelensky-300x169.png 300w\" sizes=\"auto, (max-width: 768px) 100vw, 768px\" \/><\/p>\n<p><span style=\"color: #000000;\">Presidenti ukrainas Vladimir Zelensky i ka th\u00ebn\u00eb nj\u00eb kanali televiziv lokal se ai dhe stafi i tij do t\u00eb kishin vdekur duke luftuar, n\u00eb vend q\u00eb ta lejonin veten t\u00eb kapeshin rob, n\u00ebse trupat ruse do t\u00eb kishin shkelur selin\u00eb e tij n\u00eb Kiev n\u00eb dit\u00ebt e para t\u00eb konfliktit.<\/span><\/p>\n<p><span style=\"color: #000000;\"><em>&#8220;Un\u00eb di t\u00eb q\u00eblloj,&#8221;<\/em> tha Zelensky n\u00eb nj\u00eb intervist\u00eb q\u00eb u transmetua t\u00eb shtun\u00ebn nga kanali 1+1 i Ukrain\u00ebs. Udh\u00ebheq\u00ebsi ukrainas pretendoi se ai mbante nj\u00eb pistolet\u00eb, por hodhi posht\u00eb sugjerimin e nj\u00eb gazetari se ai do e kishte p\u00ebrdorur pistolet\u00ebn e tij p\u00ebr t\u00eb vrar\u00eb veten n\u00eb vend q\u00eb t\u00eb kapej.<\/span><\/p>\n<p><span style=\"color: #000000;\"><em>\u201cJo, jo, jo\u201d<\/em>, tha Zelensky.<\/span><\/p>\n<p><span style=\"color: #000000;\"><em>\u201cNuk e kam p\u00ebr t\u00eb q\u00eblluar veten time. P\u00ebr t\u00eb q\u00eblluar kund\u00ebr, me siguri.\u201d<\/em><\/span><\/p>\n<p><span style=\"color: #000000;\">Zelensky shpjegoi se do t\u00eb ishte nj\u00eb &#8220;turp&#8221; n\u00ebse ai do t\u00eb ishte z\u00ebn\u00eb rob nga forcat ruse, duke iu referuar fazave fillestare t\u00eb konfliktit. Pasi Moska nisi sulmin e saj ushtarak n\u00eb shkurt 2022, zyrtar\u00ebt ukrainas pretenduan se forcat speciale ruse u p\u00ebrpoq\u00ebn t\u00eb dep\u00ebrtonin n\u00eb Kiev dhe t\u00eb shkelnin selin\u00eb presidenciale n\u00eb rrug\u00ebn Bankova.<\/span><\/p>\n<p><span style=\"color: #000000;\"><em>&#8220;Un\u00eb mendoj se n\u00ebse ata do t\u00eb kishin hyr\u00eb brenda, n\u00eb administrat\u00eb, ne nuk do t\u00eb ishim k\u00ebtu,&#8221;<\/em> tha Zelenskiy n\u00eb intervist\u00eb. Zelensky tha se disa nga partner\u00ebt e tij per\u00ebndimor\u00eb rekomanduan q\u00eb ai t\u00eb largohej nga Kievi, por ai dyshohet se refuzoi nj\u00eb fluturim evakuimi nga SHBA p\u00ebr t\u00eb mbrojtur kryeqytetin.<\/span><\/p>\n<p><span style=\"color: #000000;\">Sipas The Times, megjithat\u00eb, Zelensky dhe bashk\u00ebpun\u00ebtor\u00ebt e tij dyshohet se kaluan pothuajse dy muaj n\u00eb nj\u00eb bunker pas shp\u00ebrthimit t\u00eb konfliktit, n\u00eb vend t\u00eb dy jav\u00ebve t\u00eb planifikuara. <\/span><\/p>\n<p><span style=\"color: #000000;\">Gazeta britanike pretendoi se fsheht\u00ebsia rreth bunkerit ishte aq e lart\u00eb sa q\u00eb ata q\u00eb shoq\u00ebronin kreun e shtetit n\u00eb n\u00ebntok\u00eb duhej t\u00eb n\u00ebnshkruanin nj\u00eb marr\u00ebveshje t\u00eb posa\u00e7me p\u00ebr moszbulim dhe u ndalua t\u00eb zbulonin \u00e7do detaj n\u00eb lidhje me dizajnin e streh\u00ebs, vendndodhjen, leht\u00ebsit\u00eb, apo edhe ushqimin q\u00eb iu dhan\u00eb.<\/span><\/p>\n","protected":false,"gt_translate_keys":[{"key":"rendered","format":"html"}]},"excerpt":{"rendered":"<p>Presidenti ukrainas Vladimir Zelensky i ka th\u00ebn\u00eb nj\u00eb kanali televiziv lokal se ai dhe stafi i tij do t\u00eb kishin vdekur duke luftuar, n\u00eb vend q\u00eb ta lejonin veten t\u00eb kapeshin rob, n\u00ebse trupat ruse do t\u00eb kishin shkelur selin\u00eb e tij n\u00eb Kiev n\u00eb dit\u00ebt e para t\u00eb konfliktit. &#8220;Un\u00eb di t\u00eb q\u00eblloj,&#8221; tha [&hellip;]<\/p>\n","protected":false,"gt_translate_keys":[{"key":"rendered","format":"html"}]},"author":51,"featured_media":593273,"comment_status":"closed","ping_status":"closed","sticky":false,"template":"","format":"standard","meta":{"footnotes":""},"categories":[53],"tags":[],"class_list":["post-593272","post","type-post","status-publish","format-standard","has-post-thumbnail","hentry","category-fast-foodi"],"gt_translate_keys":[{"key":"link","format":"url"}],"_links":{"self":[{"href":"https:\/\/www.hashtag.al\/index.php\/wp-json\/wp\/v2\/posts\/593272","targetHints":{"allow":["GET"]}}],"collection":[{"href":"https:\/\/www.hashtag.al\/index.php\/wp-json\/wp\/v2\/posts"}],"about":[{"href":"https:\/\/www.hashtag.al\/index.php\/wp-json\/wp\/v2\/types\/post"}],"author":[{"embeddable":true,"href":"https:\/\/www.hashtag.al\/index.php\/wp-json\/wp\/v2\/users\/51"}],"replies":[{"embeddable":true,"href":"https:\/\/www.hashtag.al\/index.php\/wp-json\/wp\/v2\/comments?post=593272"}],"version-history":[{"count":0,"href":"https:\/\/www.hashtag.al\/index.php\/wp-json\/wp\/v2\/posts\/593272\/revisions"}],"wp:featuredmedia":[{"embeddable":true,"href":"https:\/\/www.hashtag.al\/index.php\/wp-json\/wp\/v2\/media\/593273"}],"wp:attachment":[{"href":"https:\/\/www.hashtag.al\/index.php\/wp-json\/wp\/v2\/media?parent=593272"}],"wp:term":[{"taxonomy":"category","embeddable":true,"href":"https:\/\/www.hashtag.al\/index.php\/wp-json\/wp\/v2\/categories?post=593272"},{"taxonomy":"post_tag","embeddable":true,"href":"https:\/\/www.hashtag.al\/index.php\/wp-json\/wp\/v2\/tags?post=593272"}],"curies":[{"name":"wp","href":"https:\/\/api.w.org\/{rel}","templated":true}]}}