{"id":593032,"date":"2023-04-28T19:48:44","date_gmt":"2023-04-28T17:48:44","guid":{"rendered":"https:\/\/www.hashtag.al\/?p=593032"},"modified":"2023-04-28T19:48:44","modified_gmt":"2023-04-28T17:48:44","slug":"rama-be-e-ka-lene-pas-dere-turqine-duhet-ta-marre-seriozisht","status":"publish","type":"post","link":"https:\/\/www.hashtag.al\/index.php\/2023\/04\/28\/rama-be-e-ka-lene-pas-dere-turqine-duhet-ta-marre-seriozisht\/","title":{"rendered":"Rama: BE e ka l\u00ebn\u00eb pas dere Turqin\u00eb, duhet ta marr\u00eb seriozisht","gt_translate_keys":[{"key":"rendered","format":"text"}]},"content":{"rendered":"<p><span style=\"color: #000000;\"><a style=\"color: #000000;\" href=\"https:\/\/www.hashtag.al\/wp-content\/uploads\/2023\/04\/edi-rama.png\"><img loading=\"lazy\" decoding=\"async\" class=\"aligncenter size-full wp-image-593033\" src=\"https:\/\/www.hashtag.al\/wp-content\/uploads\/2023\/04\/edi-rama.png\" alt=\"\" width=\"1137\" height=\"599\" srcset=\"https:\/\/www.hashtag.al\/wp-content\/uploads\/2023\/04\/edi-rama.png 1137w, https:\/\/www.hashtag.al\/wp-content\/uploads\/2023\/04\/edi-rama-300x158.png 300w, https:\/\/www.hashtag.al\/wp-content\/uploads\/2023\/04\/edi-rama-1024x539.png 1024w, https:\/\/www.hashtag.al\/wp-content\/uploads\/2023\/04\/edi-rama-768x405.png 768w\" sizes=\"auto, (max-width: 1137px) 100vw, 1137px\" \/><\/a><\/span><\/p>\n<p><span style=\"color: #000000;\">Kryeministri Edi Rama i cili po merr pjes\u00eb n\u00eb Forumin Ekonomik Delphi q\u00eb mbahet n\u00eb Greqi deklaroi n\u00eb nj\u00eb intervist\u00eb se Evropa duhet ta marr\u00eb seriozisht Turqin\u00eb.<\/span><\/p>\n<p><span style=\"color: #000000;\">Rama tha se Turqis\u00eb iu k\u00ebrkua q\u00eb t\u00eb realizonte disa reforma, por pavar\u00ebsisht k\u00ebsaj, u la pas dere nga BE.<\/span><\/p>\n<p><span style=\"color: #000000;\"><em>\u201cDuhet t\u00eb kuptojm\u00eb arsyet sepse disa vende t\u00eb ndryshme kan\u00eb edhe sjellje dhe reagime t\u00eb ndryshme. Ajo q\u00eb mendoj \u00ebsht\u00eb se p\u00ebrtej asaj q\u00eb do t\u00eb sjellin zgjedhjet, cili do t\u00eb jet\u00eb rezultati, mendoj se Erdogani ka b\u00ebr\u00eb nj\u00eb pun\u00eb t\u00eb mrekullueshme p\u00ebr vendin e tij. Ka sjell\u00eb ndryshime shum\u00eb t\u00eb m\u00ebdh<\/em>a.<\/span><\/p>\n<p><span style=\"color: #000000;\"><em>Patjet\u00ebr q\u00eb ka edhe disa gj\u00ebra q\u00eb mund t\u2019i diskutojm\u00eb por mund t\u00eb them se BE duhet t\u00eb diskutoj\u00eb sjelljen e vet n\u00eb koh\u00ebn kur Turqis\u00eb iu k\u00ebrkua q\u00eb t\u00eb b\u00ebnte disa reforma dhe pasi u b\u00ebn\u00eb Turqia u la pas dere. Kan\u00eb qen\u00eb disa situata jo t\u00eb thjeshta dhe ajo q\u00eb erdhi pas \u00ebsht\u00eb nj\u00eb situat\u00eb komplekse.<\/em><\/span><\/p>\n<p><span style=\"color: #000000;\"><em>Por nj\u00eb gj\u00eb \u00ebsht\u00eb e pamohueshme, me ose pa Erdoganin, Turqia \u00ebsht\u00eb kryesore p\u00ebr sigurin\u00eb e Evrop\u00ebs dhe Evropa duihet ta marr\u00eb seriozisht at\u00eb.<\/em>\u201c, tha Rama<\/span><\/p>\n","protected":false,"gt_translate_keys":[{"key":"rendered","format":"html"}]},"excerpt":{"rendered":"<p>Kryeministri Edi Rama i cili po merr pjes\u00eb n\u00eb Forumin Ekonomik Delphi q\u00eb mbahet n\u00eb Greqi deklaroi n\u00eb nj\u00eb intervist\u00eb se Evropa duhet ta marr\u00eb seriozisht Turqin\u00eb. Rama tha se Turqis\u00eb iu k\u00ebrkua q\u00eb t\u00eb realizonte disa reforma, por pavar\u00ebsisht k\u00ebsaj, u la pas dere nga BE. \u201cDuhet t\u00eb kuptojm\u00eb arsyet sepse disa vende t\u00eb [&hellip;]<\/p>\n","protected":false,"gt_translate_keys":[{"key":"rendered","format":"html"}]},"author":32,"featured_media":593033,"comment_status":"closed","ping_status":"closed","sticky":false,"template":"","format":"standard","meta":{"footnotes":""},"categories":[65,13],"tags":[],"class_list":["post-593032","post","type-post","status-publish","format-standard","has-post-thumbnail","hentry","category-lajme","category-te-fundit"],"gt_translate_keys":[{"key":"link","format":"url"}],"_links":{"self":[{"href":"https:\/\/www.hashtag.al\/index.php\/wp-json\/wp\/v2\/posts\/593032","targetHints":{"allow":["GET"]}}],"collection":[{"href":"https:\/\/www.hashtag.al\/index.php\/wp-json\/wp\/v2\/posts"}],"about":[{"href":"https:\/\/www.hashtag.al\/index.php\/wp-json\/wp\/v2\/types\/post"}],"author":[{"embeddable":true,"href":"https:\/\/www.hashtag.al\/index.php\/wp-json\/wp\/v2\/users\/32"}],"replies":[{"embeddable":true,"href":"https:\/\/www.hashtag.al\/index.php\/wp-json\/wp\/v2\/comments?post=593032"}],"version-history":[{"count":0,"href":"https:\/\/www.hashtag.al\/index.php\/wp-json\/wp\/v2\/posts\/593032\/revisions"}],"wp:featuredmedia":[{"embeddable":true,"href":"https:\/\/www.hashtag.al\/index.php\/wp-json\/wp\/v2\/media\/593033"}],"wp:attachment":[{"href":"https:\/\/www.hashtag.al\/index.php\/wp-json\/wp\/v2\/media?parent=593032"}],"wp:term":[{"taxonomy":"category","embeddable":true,"href":"https:\/\/www.hashtag.al\/index.php\/wp-json\/wp\/v2\/categories?post=593032"},{"taxonomy":"post_tag","embeddable":true,"href":"https:\/\/www.hashtag.al\/index.php\/wp-json\/wp\/v2\/tags?post=593032"}],"curies":[{"name":"wp","href":"https:\/\/api.w.org\/{rel}","templated":true}]}}