{"id":592967,"date":"2023-04-28T13:14:08","date_gmt":"2023-04-28T11:14:08","guid":{"rendered":"https:\/\/www.hashtag.al\/?p=592967"},"modified":"2023-04-28T13:14:46","modified_gmt":"2023-04-28T11:14:46","slug":"mediu-ne-prezantimin-e-kandidatit-te-opozites-ne-lezhe-te-bashkojme-shqiptaret-te-gjithe-duhet-te-kemi-guximin-per-te-qendruar","status":"publish","type":"post","link":"https:\/\/www.hashtag.al\/index.php\/2023\/04\/28\/mediu-ne-prezantimin-e-kandidatit-te-opozites-ne-lezhe-te-bashkojme-shqiptaret-te-gjithe-duhet-te-kemi-guximin-per-te-qendruar\/","title":{"rendered":"Mediu n\u00eb prezantimin e kandidatit t\u00eb opozit\u00ebs n\u00eb Lezh\u00eb: T\u00eb bashkojm\u00eb shqiptar\u00ebt, duhet t\u00eb kemi guximin p\u00ebr t\u00eb q\u00ebndruar","gt_translate_keys":[{"key":"rendered","format":"text"}]},"content":{"rendered":"<p><span style=\"color: #000000;\"><img loading=\"lazy\" decoding=\"async\" class=\"aligncenter size-full wp-image-592968\" src=\"https:\/\/www.hashtag.al\/wp-content\/uploads\/2023\/04\/a538e790-fc21-4b68-903c-cdd7dd9c2e07.jpg\" alt=\"\" width=\"1600\" height=\"1066\" srcset=\"https:\/\/www.hashtag.al\/wp-content\/uploads\/2023\/04\/a538e790-fc21-4b68-903c-cdd7dd9c2e07.jpg 1600w, https:\/\/www.hashtag.al\/wp-content\/uploads\/2023\/04\/a538e790-fc21-4b68-903c-cdd7dd9c2e07-300x200.jpg 300w, https:\/\/www.hashtag.al\/wp-content\/uploads\/2023\/04\/a538e790-fc21-4b68-903c-cdd7dd9c2e07-1024x682.jpg 1024w, https:\/\/www.hashtag.al\/wp-content\/uploads\/2023\/04\/a538e790-fc21-4b68-903c-cdd7dd9c2e07-768x512.jpg 768w, https:\/\/www.hashtag.al\/wp-content\/uploads\/2023\/04\/a538e790-fc21-4b68-903c-cdd7dd9c2e07-1536x1023.jpg 1536w\" sizes=\"auto, (max-width: 1600px) 100vw, 1600px\" \/><\/span><\/p>\n<p><span style=\"color: #000000;\">Kreu i Partis\u00eb Republikane Fatmir Mediu ka qen\u00eb sot n\u00eb Lezh\u00eb n\u00eb prezantimin e kandidatit t\u00eb opozit\u00ebs p\u00ebr zgjedhjet e 14 majit, Pashk Gjoni. <\/span><\/p>\n<p><span style=\"color: #000000;\">N\u00eb fjal\u00ebn e tij, ai tha se detyra e par\u00eb e opozit\u00ebs \u00ebsht\u00eb bashkimi i shqiptar\u00ebve dhe v\u00ebnia e tyre n\u00eb plan t\u00eb par\u00eb.<\/span><\/p>\n<p><span style=\"color: #000000;\"><em>\u201cN\u00eb qoft\u00eb se flasim p\u00ebr problemet q\u00eb ka Shqip\u00ebria, pyetja e par\u00eb q\u00eb na shtrohet gjith\u00ebsecilit nga ne, \u00ebsht\u00eb \u00e7far\u00eb duhet t\u00eb b\u00ebjm\u00eb? E para duhet patjet\u00ebr q\u00eb t\u00eb bashkojm\u00eb shqiptar\u00ebt. Meq\u00ebn\u00ebse un\u00eb kam kolegen time Metaliaj k\u00ebtu, dhe ju jeni p\u00ebrfaq\u00ebsues t\u00eb partive politike, Republikane, Demokratike, nj\u00eb detyr\u00eb t\u00eb madhe kemi ne; detyra p\u00ebr t\u00eb bashkuar shqiptar\u00ebt kudo q\u00eb jan\u00eb, dhe bashkimi i par\u00eb ndodh pasi t`ju kemi dh\u00ebn\u00eb atyre mund\u00ebsin\u00eb p\u00ebr t\u00eb votuar. Nuk mundet q\u00eb njer\u00ebz q\u00eb kontribuojn\u00eb p\u00ebr familjet e tyre, mendojn\u00eb p\u00ebr familjet e tyre, sakrifikojn\u00eb p\u00ebr familjet e tyre, p\u00ebr vendin e tyre, t\u00eb lihen n\u00eb harres\u00eb sikur jan\u00eb qytetar\u00eb t\u00eb dor\u00ebs s\u00eb dyt\u00eb.\u201d<\/em> &#8211; tha Mediu.<\/span><\/p>\n<p><span style=\"color: #000000;\"><img loading=\"lazy\" decoding=\"async\" class=\"aligncenter size-full wp-image-592969\" src=\"https:\/\/www.hashtag.al\/wp-content\/uploads\/2023\/04\/44a602d9-d1de-49cc-bd5f-441dd47a0c81.jpg\" alt=\"\" width=\"1600\" height=\"1066\" srcset=\"https:\/\/www.hashtag.al\/wp-content\/uploads\/2023\/04\/44a602d9-d1de-49cc-bd5f-441dd47a0c81.jpg 1600w, https:\/\/www.hashtag.al\/wp-content\/uploads\/2023\/04\/44a602d9-d1de-49cc-bd5f-441dd47a0c81-300x200.jpg 300w, https:\/\/www.hashtag.al\/wp-content\/uploads\/2023\/04\/44a602d9-d1de-49cc-bd5f-441dd47a0c81-1024x682.jpg 1024w, https:\/\/www.hashtag.al\/wp-content\/uploads\/2023\/04\/44a602d9-d1de-49cc-bd5f-441dd47a0c81-768x512.jpg 768w, https:\/\/www.hashtag.al\/wp-content\/uploads\/2023\/04\/44a602d9-d1de-49cc-bd5f-441dd47a0c81-1536x1023.jpg 1536w\" sizes=\"auto, (max-width: 1600px) 100vw, 1600px\" \/><\/span><\/p>\n<p><span style=\"color: #000000;\">Kreu i PR-s\u00eb shtoi m\u00eb tej se opozita duhet\u00a0 t\u00eb b\u00ebj\u00eb \u00e7mos p\u00ebr t\u00eb garantuar vot\u00ebn e emigrant\u00ebve q\u00eb jetojn\u00eb e punojn\u00eb jasht\u00eb vendit, pasi kjo sipas tij i jep nj\u00eb vler\u00eb t\u00eb shtuar marr\u00ebdh\u00ebnies politike, ekonomike e sociale n\u00eb vend. <\/span><\/p>\n<p><span style=\"color: #000000;\">Mediu n\u00ebnvizoi se ka ardhur koha q\u00eb t\u00eb rinjt\u00eb e t\u00eb rejat t\u00eb jen\u00eb pjes\u00eb e Bashkis\u00eb Lezh\u00eb, parlamentit e qeveris\u00eb.<\/span><\/p>\n<p><span style=\"color: #000000;\"><em>\u201cDetyra e par\u00eb \u00ebsht\u00eb q\u00eb gjith\u00eb diaspora, gjith\u00eb emigrant\u00ebt, t\u00eb votojn\u00eb. Kjo do t`i jepte nj\u00eb vler\u00eb tjet\u00ebr marr\u00ebdh\u00ebnies son\u00eb politike, ekonomike dhe sociale n\u00eb vend. Por jo vet\u00ebm kaq. Mendoj q\u00eb ka ardhur koha, q\u00eb k\u00ebta njer\u00ebz, t\u00eb rinj e t\u00eb reja, jo vet\u00ebm n\u00eb Bashkin\u00eb e Lezh\u00ebs, por n\u00eb gjith\u00eb Shqip\u00ebrin\u00eb, t\u00eb vijn\u00eb dhe t\u00eb na p\u00ebrfaq\u00ebsojn\u00eb n\u00eb Kuvend dhe n\u00eb qeveri. Por ka ardhur koha gjithashtu q\u00eb t`i themi t\u00eb rinjve t\u00eb rejave, njer\u00ebzve m\u00eb t\u00eb mir\u00eb t\u00eb k\u00ebtij vendi, q\u00eb \u00ebsht\u00eb radha juaj p\u00ebr t\u00eb qeverisur, sepse e djathta nuk \u00ebsht\u00eb pron\u00eb, \u00ebsht\u00eb marr\u00ebdh\u00ebnie me qytetarin, \u00ebsht\u00eb marr\u00ebdh\u00ebnie me njer\u00ebz t\u00eb lir\u00eb dhe njer\u00ebz t\u00eb mir\u00eb dhe njer\u00ebz t\u00eb mire dhe t\u00eb lir\u00eb ka n\u00eb Lezh\u00eb dhe n\u00eb mbar\u00eb bot\u00ebn, t\u00eb cil\u00ebt duhet t\u00eb kthehen dhe t\u00eb b\u00ebjn\u00eb qeverisjen m\u00eb t\u00eb mir\u00eb p\u00ebr k\u00ebt\u00eb vend.\u201d<\/em> &#8211; shtoi Mediu.<\/span><\/p>\n<p><span style=\"color: #000000;\"><img loading=\"lazy\" decoding=\"async\" class=\"aligncenter size-full wp-image-592970\" src=\"https:\/\/www.hashtag.al\/wp-content\/uploads\/2023\/04\/3b591c5e-de1b-4b61-8d05-1d7dfb558cc5.jpg\" alt=\"\" width=\"1600\" height=\"1066\" srcset=\"https:\/\/www.hashtag.al\/wp-content\/uploads\/2023\/04\/3b591c5e-de1b-4b61-8d05-1d7dfb558cc5.jpg 1600w, https:\/\/www.hashtag.al\/wp-content\/uploads\/2023\/04\/3b591c5e-de1b-4b61-8d05-1d7dfb558cc5-300x200.jpg 300w, https:\/\/www.hashtag.al\/wp-content\/uploads\/2023\/04\/3b591c5e-de1b-4b61-8d05-1d7dfb558cc5-1024x682.jpg 1024w, https:\/\/www.hashtag.al\/wp-content\/uploads\/2023\/04\/3b591c5e-de1b-4b61-8d05-1d7dfb558cc5-768x512.jpg 768w, https:\/\/www.hashtag.al\/wp-content\/uploads\/2023\/04\/3b591c5e-de1b-4b61-8d05-1d7dfb558cc5-1536x1023.jpg 1536w\" sizes=\"auto, (max-width: 1600px) 100vw, 1600px\" \/><\/span><\/p>\n<p><span style=\"color: #000000;\">N\u00eb fund kryerepublikani u b\u00ebri thirrje qytetar\u00ebve t\u00eb Lezh\u00ebs t\u00eb votojn\u00eb kandidatin e opozit\u00ebs Pashk Gjoni si dhe mbar\u00eb shqiptar\u00ebve t\u00eb votojn\u00eb kandidat\u00ebt e opozit\u00ebs.<\/span><\/p>\n<p><span style=\"color: #000000;\"> Mediu n\u00ebnvizoi se duke folur p\u00ebr problemet e shqet\u00ebsimetme qytetar\u00ebt u hapet rruga zgjidhjes s\u00eb tyre. <\/span><\/p>\n<p><span style=\"color: #000000;\">Ai v\u00ebrejti se opozita duhet t\u00eb shkoj\u00eb der\u00eb m\u00eb der\u00eb p\u00ebrt\u00eb d\u00ebgjuar qytetar\u00eb nd\u00ebrsa tha se p\u00ebrmes fitores s\u00eb opozit\u00ebs Shqi\u00ebria do ndryshoj\u00eb.<\/span><\/p>\n<p><span style=\"color: #000000;\"><em>Zoti na ka falur jet\u00ebn, lirin\u00eb dhe mund\u00ebsin\u00eb p\u00ebr t\u00eb nd\u00ebrtuar lumturin\u00eb dhe k\u00ebto nuk mund t`i z\u00ebvend\u00ebsojm\u00eb dot me autoritete dhe pushtete njer\u00ebzish t\u00eb gabuesh\u00ebm. \u00cbsht\u00eb shum\u00eb e r\u00ebnd\u00ebsishme ne t\u00eb kuptojm\u00eb q\u00eb kjo vler\u00eb q\u00eb na \u00ebsht\u00eb dh\u00ebn\u00eb t`a vendosim n\u00eb sh\u00ebrbim t\u00eb jet\u00ebs son\u00eb. Prandaj ka dhe nj\u00eb gj\u00eb q\u00eb mund `ta kuroj\u00eb mir\u00eb shoq\u00ebrin\u00eb shqiptare, p\u00ebrve\u00e7se duhet t\u00eb flasim fort p\u00ebr problemet, p\u00ebr krimin, p\u00ebr korrupsionin, e r\u00ebnd\u00ebsishme \u00ebsht\u00eb t\u00eb dim\u00eb si t\u00eb flasim me shqiptar\u00ebt. T\u00eb flasim me ta duke i d\u00ebgjuar dhe jo vet\u00ebm duke ju th\u00ebn\u00eb, t\u00eb d\u00ebgjojm\u00eb hallet dhe problemet q\u00eb ata kan\u00eb, t\u00eb flasim me gjuh\u00ebn e shpirtit dhe t\u00eb zemr\u00ebs, me respekt p\u00ebr nj\u00ebri-tjetrin, se m\u00ebsimi m\u00eb i madh i Zotit \u00ebsht\u00eb; jo vet\u00ebm t\u00eb duam Zotin, por t\u00eb duam dhe t\u00eb respektojme nj\u00ebri-tjetrin. Pa dashur dhe pa respektuar nj\u00ebri-tjetrin, ne nuk mund t\u00eb arrijm\u00eb asnj\u00eb lloj suksesi. Ne, t\u00eb gjith\u00eb duhet t\u00eb kemi guximin p\u00ebr t\u00eb q\u00ebndruar, p\u00ebrndryshe, ne, f\u00ebmij\u00ebt tan\u00eb, do t\u00eb futen n\u00eb qerfull t\u00eb err\u00ebsir\u00ebs, n\u00eb nj\u00eb rrug\u00eb t\u00eb gjat\u00eb, e cila do t\u00eb jet\u00eb e dhimbshme dhe e mundimshme, p\u00ebr ne si prind, por dhe p\u00ebr ata. Ne kemi sot nj\u00eb takim me fatin dhe ky takim me fatin \u00ebsht\u00eb 14 maji. Prandaj ju b\u00ebj thirrje ju, t\u00eb gjith\u00eb t\u00eb bashkojm\u00eb, t\u00eb flasim me \u00e7do lezhian, t\u00eb trokasim n\u00eb \u00e7do der\u00eb, por n\u00eb radh\u00eb t\u00eb par\u00eb t\u00eb trokasim n\u00eb zemrat e njer\u00ebzve, t\u00eb degjojm\u00eb me v\u00ebrejtje problemet dhe hallet e njer\u00ebzve, mos t\u00eb na duken si t\u00eb tep\u00ebrta, t`i japim kuptim dhe vler\u00eb jet\u00ebs s\u00eb \u00e7do qytetari, sidomos atyre q\u00eb jan\u00eb n\u00eb nevoj\u00eb, sepse duke i dh\u00ebn\u00eb kuptim dhe vler\u00eb problemeve dhe halleve q\u00eb ata kan\u00eb, duke i d\u00ebgjuar me v\u00ebmendje dhe duke i dh\u00ebn\u00eb zgjidhje, ne i kemi dh\u00ebn\u00eb kuptim dhe vler\u00eb edhe jet\u00ebs son\u00eb. Prandaj dua t\u00eb bashkohem me ju, si bashk\u00ebudh\u00ebtar i juaj, s\u00eb bashku me Pashkun, p\u00ebr t\u00eb b\u00ebr\u00eb at\u00eb q\u00eb \u00ebsht\u00eb m\u00eb e mira, p\u00ebr t\u00eb sjell\u00eb Pashkun n\u00eb krye t\u00eb Bashkis\u00eb s\u00eb Lezh\u00ebs, p\u00ebr t`i dh\u00ebn\u00eb Lezh\u00ebs vler\u00ebn e saj historike, turistike dhe t\u00eb nj\u00eb zhvillimi q\u00eb i takon qytetar\u00ebve t\u00eb Lezh\u00ebs, p\u00ebr t`i dh\u00ebn\u00eb mund\u00ebsi, n\u00ebp\u00ebrmjet Pashkut, Lindit\u00ebs dhe t\u00eb tjer\u00eb, q\u00eb Shqip\u00ebria t\u00eb ndryshoj\u00eb, t\u00eb b\u00ebjm\u00eb m\u00eb t\u00eb mir\u00ebn, duke votuar Pashk Gjonin.\u201d <\/em>&#8211; mbylli fjal\u00ebn Mediu.<\/span><\/p>\n<p><span style=\"color: #000000;\"><img loading=\"lazy\" decoding=\"async\" class=\"aligncenter size-full wp-image-592971\" src=\"https:\/\/www.hashtag.al\/wp-content\/uploads\/2023\/04\/d0657a3f-1160-4d40-a3dc-897a07fffcb6.jpg\" alt=\"\" width=\"1600\" height=\"1066\" srcset=\"https:\/\/www.hashtag.al\/wp-content\/uploads\/2023\/04\/d0657a3f-1160-4d40-a3dc-897a07fffcb6.jpg 1600w, https:\/\/www.hashtag.al\/wp-content\/uploads\/2023\/04\/d0657a3f-1160-4d40-a3dc-897a07fffcb6-300x200.jpg 300w, https:\/\/www.hashtag.al\/wp-content\/uploads\/2023\/04\/d0657a3f-1160-4d40-a3dc-897a07fffcb6-1024x682.jpg 1024w, https:\/\/www.hashtag.al\/wp-content\/uploads\/2023\/04\/d0657a3f-1160-4d40-a3dc-897a07fffcb6-768x512.jpg 768w, https:\/\/www.hashtag.al\/wp-content\/uploads\/2023\/04\/d0657a3f-1160-4d40-a3dc-897a07fffcb6-1536x1023.jpg 1536w\" sizes=\"auto, (max-width: 1600px) 100vw, 1600px\" \/><\/span><\/p>\n","protected":false,"gt_translate_keys":[{"key":"rendered","format":"html"}]},"excerpt":{"rendered":"<p>Kreu i Partis\u00eb Republikane Fatmir Mediu ka qen\u00eb sot n\u00eb Lezh\u00eb n\u00eb prezantimin e kandidatit t\u00eb opozit\u00ebs p\u00ebr zgjedhjet e 14 majit, Pashk Gjoni. N\u00eb fjal\u00ebn e tij, ai tha se detyra e par\u00eb e opozit\u00ebs \u00ebsht\u00eb bashkimi i shqiptar\u00ebve dhe v\u00ebnia e tyre n\u00eb plan t\u00eb par\u00eb. \u201cN\u00eb qoft\u00eb se flasim p\u00ebr problemet q\u00eb [&hellip;]<\/p>\n","protected":false,"gt_translate_keys":[{"key":"rendered","format":"html"}]},"author":51,"featured_media":592968,"comment_status":"closed","ping_status":"closed","sticky":false,"template":"","format":"standard","meta":{"footnotes":""},"categories":[65,13],"tags":[],"class_list":["post-592967","post","type-post","status-publish","format-standard","has-post-thumbnail","hentry","category-lajme","category-te-fundit"],"gt_translate_keys":[{"key":"link","format":"url"}],"_links":{"self":[{"href":"https:\/\/www.hashtag.al\/index.php\/wp-json\/wp\/v2\/posts\/592967","targetHints":{"allow":["GET"]}}],"collection":[{"href":"https:\/\/www.hashtag.al\/index.php\/wp-json\/wp\/v2\/posts"}],"about":[{"href":"https:\/\/www.hashtag.al\/index.php\/wp-json\/wp\/v2\/types\/post"}],"author":[{"embeddable":true,"href":"https:\/\/www.hashtag.al\/index.php\/wp-json\/wp\/v2\/users\/51"}],"replies":[{"embeddable":true,"href":"https:\/\/www.hashtag.al\/index.php\/wp-json\/wp\/v2\/comments?post=592967"}],"version-history":[{"count":0,"href":"https:\/\/www.hashtag.al\/index.php\/wp-json\/wp\/v2\/posts\/592967\/revisions"}],"wp:featuredmedia":[{"embeddable":true,"href":"https:\/\/www.hashtag.al\/index.php\/wp-json\/wp\/v2\/media\/592968"}],"wp:attachment":[{"href":"https:\/\/www.hashtag.al\/index.php\/wp-json\/wp\/v2\/media?parent=592967"}],"wp:term":[{"taxonomy":"category","embeddable":true,"href":"https:\/\/www.hashtag.al\/index.php\/wp-json\/wp\/v2\/categories?post=592967"},{"taxonomy":"post_tag","embeddable":true,"href":"https:\/\/www.hashtag.al\/index.php\/wp-json\/wp\/v2\/tags?post=592967"}],"curies":[{"name":"wp","href":"https:\/\/api.w.org\/{rel}","templated":true}]}}