{"id":592931,"date":"2023-04-28T11:40:18","date_gmt":"2023-04-28T09:40:18","guid":{"rendered":"https:\/\/www.hashtag.al\/?p=592931"},"modified":"2023-04-28T11:40:18","modified_gmt":"2023-04-28T09:40:18","slug":"kryemadhi-opozita-e-ka-dashin-e-kopese","status":"publish","type":"post","link":"https:\/\/www.hashtag.al\/index.php\/2023\/04\/28\/kryemadhi-opozita-e-ka-dashin-e-kopese\/","title":{"rendered":"Kryemadhi: Opozita e ka dashin e kopes\u00eb","gt_translate_keys":[{"key":"rendered","format":"text"}]},"content":{"rendered":"<p><img loading=\"lazy\" decoding=\"async\" class=\"aligncenter size-full wp-image-592932\" src=\"https:\/\/www.hashtag.al\/wp-content\/uploads\/2023\/04\/Capture-lSgVTxH9m-transformed-e1682674792272.png\" alt=\"\" width=\"1206\" height=\"601\" srcset=\"https:\/\/www.hashtag.al\/wp-content\/uploads\/2023\/04\/Capture-lSgVTxH9m-transformed-e1682674792272.png 1206w, https:\/\/www.hashtag.al\/wp-content\/uploads\/2023\/04\/Capture-lSgVTxH9m-transformed-e1682674792272-300x150.png 300w, https:\/\/www.hashtag.al\/wp-content\/uploads\/2023\/04\/Capture-lSgVTxH9m-transformed-e1682674792272-1024x510.png 1024w, https:\/\/www.hashtag.al\/wp-content\/uploads\/2023\/04\/Capture-lSgVTxH9m-transformed-e1682674792272-768x383.png 768w\" sizes=\"auto, (max-width: 1206px) 100vw, 1206px\" \/><\/p>\n<p><span style=\"color: #000000;\">Deputetja e Partis\u00eb s\u00eb Liris\u00eb Kryemadhi vler\u00ebsoi kreun e Rithemelimit t\u00eb PD-s\u00eb Sali Berisha se p\u00ebrballoi presionin e shantazhin ndaj tij nd\u00ebrsa e quajti at\u00eb \u2018dash me brir\u00eb q\u00eb drejton tuf\u00ebn\u2019. <\/span><\/p>\n<p><span style=\"color: #000000;\">E ftuar n\u00eb &#8216;Now me Erla M\u00ebhillin&#8217; n\u00eb Euronews.al, Kryemadhi shtoi se ajo ka lider Ilir Met\u00ebn, kreun e partis\u00eb, i cili ka b\u00ebr\u00eb marr\u00ebveshjen me Berish\u00ebn.<\/span><\/p>\n<p><span style=\"color: #000000;\">Sipas saj, opozita do rezultoj\u00eb fituese n\u00eb zgjedhjet e 14 majit, pavar\u00ebsisht mekanizmave e presionit q\u00eb p\u00ebrdor Rama ndaj administrat\u00ebs e qytetar\u00ebve.<\/span><\/p>\n<p><span style=\"color: #000000;\"><em>\u201cLideri i opozit\u00ebs \u00ebsht\u00eb Sali Berisha sot. E di p\u00ebr \u00e7far\u00eb e respektoj un\u00eb Sali Berish\u00ebn? Q\u00eb Berisha nuk e rruajti fare p\u00ebr asnj\u00eb shantazh e presion dhe p\u00ebr k\u00ebt\u00eb e p\u00ebrsh\u00ebndes. Ja ku ka Tik Tok-un e radh\u00ebs. Opozita ka dashin e kopes\u00eb. Dashi q\u00eb drejton kopen\u00eb, dashi me brir\u00eb. Ai drejton tuf\u00ebn, dashi me brir\u00eb \u00ebsht\u00eb Sali Berisha. At\u00eb \u00e7uam ne q\u00eb t\u00eb ishte kryetari, p\u00ebrfaq\u00ebsuesi i opozit\u00ebs. Sot \u00ebsht\u00eb lideri i opozit\u00ebs. Ne na ka mbledhur Sali Berisha t\u00eb gjith\u00ebve bashk\u00eb. Un\u00eb liderin tim kam Ilir Met\u00ebn, ai \u00ebsht\u00eb ulur dhe ka b\u00ebr\u00eb nj\u00eb marr\u00ebveshje me Berish\u00ebn. K\u00ebshtu ai \u00ebsht\u00eb p\u00ebrfaq\u00ebsuesi.\u201d &#8211; <\/em>tha Kryemadhi.<\/span><\/p>\n","protected":false,"gt_translate_keys":[{"key":"rendered","format":"html"}]},"excerpt":{"rendered":"<p>Deputetja e Partis\u00eb s\u00eb Liris\u00eb Kryemadhi vler\u00ebsoi kreun e Rithemelimit t\u00eb PD-s\u00eb Sali Berisha se p\u00ebrballoi presionin e shantazhin ndaj tij nd\u00ebrsa e quajti at\u00eb \u2018dash me brir\u00eb q\u00eb drejton tuf\u00ebn\u2019. E ftuar n\u00eb &#8216;Now me Erla M\u00ebhillin&#8217; n\u00eb Euronews.al, Kryemadhi shtoi se ajo ka lider Ilir Met\u00ebn, kreun e partis\u00eb, i cili ka b\u00ebr\u00eb [&hellip;]<\/p>\n","protected":false,"gt_translate_keys":[{"key":"rendered","format":"html"}]},"author":51,"featured_media":592932,"comment_status":"closed","ping_status":"closed","sticky":false,"template":"","format":"standard","meta":{"footnotes":""},"categories":[53],"tags":[],"class_list":["post-592931","post","type-post","status-publish","format-standard","has-post-thumbnail","hentry","category-fast-foodi"],"gt_translate_keys":[{"key":"link","format":"url"}],"_links":{"self":[{"href":"https:\/\/www.hashtag.al\/index.php\/wp-json\/wp\/v2\/posts\/592931","targetHints":{"allow":["GET"]}}],"collection":[{"href":"https:\/\/www.hashtag.al\/index.php\/wp-json\/wp\/v2\/posts"}],"about":[{"href":"https:\/\/www.hashtag.al\/index.php\/wp-json\/wp\/v2\/types\/post"}],"author":[{"embeddable":true,"href":"https:\/\/www.hashtag.al\/index.php\/wp-json\/wp\/v2\/users\/51"}],"replies":[{"embeddable":true,"href":"https:\/\/www.hashtag.al\/index.php\/wp-json\/wp\/v2\/comments?post=592931"}],"version-history":[{"count":0,"href":"https:\/\/www.hashtag.al\/index.php\/wp-json\/wp\/v2\/posts\/592931\/revisions"}],"wp:featuredmedia":[{"embeddable":true,"href":"https:\/\/www.hashtag.al\/index.php\/wp-json\/wp\/v2\/media\/592932"}],"wp:attachment":[{"href":"https:\/\/www.hashtag.al\/index.php\/wp-json\/wp\/v2\/media?parent=592931"}],"wp:term":[{"taxonomy":"category","embeddable":true,"href":"https:\/\/www.hashtag.al\/index.php\/wp-json\/wp\/v2\/categories?post=592931"},{"taxonomy":"post_tag","embeddable":true,"href":"https:\/\/www.hashtag.al\/index.php\/wp-json\/wp\/v2\/tags?post=592931"}],"curies":[{"name":"wp","href":"https:\/\/api.w.org\/{rel}","templated":true}]}}