{"id":592701,"date":"2023-04-27T10:28:50","date_gmt":"2023-04-27T08:28:50","guid":{"rendered":"https:\/\/www.hashtag.al\/?p=592701"},"modified":"2023-04-27T11:34:32","modified_gmt":"2023-04-27T09:34:32","slug":"levizja-bashke-e-kandidati-qori-prezantojne-programin-me-10-pika-per-tiranen","status":"publish","type":"post","link":"https:\/\/www.hashtag.al\/index.php\/2023\/04\/27\/levizja-bashke-e-kandidati-qori-prezantojne-programin-me-10-pika-per-tiranen\/","title":{"rendered":"L\u00ebvizja Bashk\u00eb e kandidati Qori prezantojn\u00eb programin me 10 pika p\u00ebr Tiran\u00ebn","gt_translate_keys":[{"key":"rendered","format":"text"}]},"content":{"rendered":"<p><span style=\"color: #000000;\"><img loading=\"lazy\" decoding=\"async\" class=\"aligncenter size-full wp-image-592703\" src=\"https:\/\/www.hashtag.al\/wp-content\/uploads\/2023\/04\/qori5.jpg\" alt=\"\" width=\"2048\" height=\"1538\" srcset=\"https:\/\/www.hashtag.al\/wp-content\/uploads\/2023\/04\/qori5.jpg 2048w, https:\/\/www.hashtag.al\/wp-content\/uploads\/2023\/04\/qori5-300x225.jpg 300w, https:\/\/www.hashtag.al\/wp-content\/uploads\/2023\/04\/qori5-1024x769.jpg 1024w, https:\/\/www.hashtag.al\/wp-content\/uploads\/2023\/04\/qori5-768x577.jpg 768w, https:\/\/www.hashtag.al\/wp-content\/uploads\/2023\/04\/qori5-1536x1154.jpg 1536w\" sizes=\"auto, (max-width: 2048px) 100vw, 2048px\" \/><\/span><\/p>\n<p><span style=\"color: #000000;\">L\u00ebvizja Bashk\u00eb, q\u00eb garon me Arlind Qorin n\u00eb Tiran\u00eb n\u00eb zgjedhjet e 14 majit, ka prezantuar programin p\u00ebr kryeqytetin. <\/span><\/p>\n<p><span style=\"color: #000000;\">Dokumenti prej 30 faqesh p\u00ebrmbledh vizionin dhe planin e Qorit p\u00ebr bashkin\u00eb e Tiran\u00ebs. <\/span><\/p>\n<p><span style=\"color: #000000;\">Ai \u00ebsht\u00eb i ndar\u00eb n\u00eb 10 kapituj, me nga\u00a0 nj\u00eb syresh p\u00ebr secil\u00ebn kategori si plani urbanistik, strehimi, transporti, uji, arsimi, mbetjet, fshati, buxheti, grat\u00eb e komunitetet emargjinalizuara dhe demokracia e transparenca. <\/span><\/p>\n<p><span style=\"color: #000000;\">N\u00eb sh\u00ebnimin e L\u00ebvizjes Bashk\u00eb, thuhet se programi \u00ebsht\u00eb frut i nj\u00eb pune\u00a0 t\u00eb gjat\u00eb nga nj\u00eb ekip profesionist\u00ebsh dhe p\u00ebrfshin problematikat kryesore t\u00eb bashkis\u00eb.<\/span><\/p>\n<p><span style=\"color: #000000;\"> L\u00ebvizja thekson se programi \u00ebsht\u00eb\u00a0 n\u00eb sh\u00ebrbim t\u00eb qytetar\u00ebve e\u00a0 jo oligark\u00ebve.<\/span><\/p>\n<p><span style=\"color: #000000;\"><strong>M\u00eb posht\u00eb \u00ebsht\u00eb dokumenti i programit<\/strong><\/span><\/p>\n<p><span style=\"color: #0000ff;\"><strong><a style=\"color: #0000ff;\" href=\"https:\/\/www.hashtag.al\/wp-content\/uploads\/2023\/04\/Programi-i-Leeizjes-Bashke-per-Tiranen.pdf\">Programi i L\u00ebvizjes Bashke p\u00ebr Tiran\u00ebn<\/a><\/strong><\/span><\/p>\n<p><span style=\"color: #000000;\"><em><img loading=\"lazy\" decoding=\"async\" class=\"aligncenter size-full wp-image-592704\" src=\"https:\/\/www.hashtag.al\/wp-content\/uploads\/2023\/04\/qori1-1.jpg\" alt=\"\" width=\"2048\" height=\"1538\" srcset=\"https:\/\/www.hashtag.al\/wp-content\/uploads\/2023\/04\/qori1-1.jpg 2048w, https:\/\/www.hashtag.al\/wp-content\/uploads\/2023\/04\/qori1-1-300x225.jpg 300w, https:\/\/www.hashtag.al\/wp-content\/uploads\/2023\/04\/qori1-1-1024x769.jpg 1024w, https:\/\/www.hashtag.al\/wp-content\/uploads\/2023\/04\/qori1-1-768x577.jpg 768w, https:\/\/www.hashtag.al\/wp-content\/uploads\/2023\/04\/qori1-1-1536x1154.jpg 1536w\" sizes=\"auto, (max-width: 2048px) 100vw, 2048px\" \/><\/em><\/span><\/p>\n<p><span style=\"color: #000000;\"><em>&#8220;PROGRAMI P\u00cbR TIRAN\u00cbN &#8211; L\u00cbVIZJA BASHK\u00cb<\/em><\/span><\/p>\n<p><span style=\"color: #000000;\"><em>\u201cTirana, qyteti yn\u00eb\u201d \u00ebsht\u00eb programi qeveris\u00ebs p\u00ebr t\u00eb cilin ka nevoj\u00eb Tirana.\u00a0<\/em><em>Ky program \u00ebsht\u00eb produkt i nj\u00eb pune t\u00eb gjat\u00eb nga nj\u00eb ekip profesionist\u00ebsh nga fusha t\u00eb ndryshme.\u00a0 Bazuar n\u00eb raportet nd\u00ebrkomb\u00ebtare dhe t\u00eb dh\u00ebnat nga institucionet e ndryshme shtet\u00ebrore, ne kemi evidentuar problematikat kryesore t\u00eb qytetit dhe ju propozojm\u00eb alternativat e nevojshme p\u00ebr nj\u00eb Tiran\u00eb tjet\u00ebr. \u00a0Ky \u00ebsht\u00eb vizioni yn\u00eb i p\u00ebrbashk\u00ebt p\u00ebr Tiran\u00ebn e qytetar\u00ebve, jo t\u00eb oligark\u00ebve. Tiran\u00ebn me parqe e k\u00ebnde loj\u00ebrash, jo me kulla e pa trotuar\u00eb. Tiran\u00ebn e trash\u00ebgimis\u00eb kulturore, jo at\u00eb t\u00eb xhungl\u00ebs s\u00eb betonit. Tiran\u00ebn me shkolla, uj\u00eb t\u00eb pijsh\u00ebm, e transport publik cil\u00ebsor e t\u00eb p\u00ebrballuesh\u00ebm. Bashk\u00eb, sepse Tirana \u00ebsht\u00eb qyteti yn\u00eb! <span style=\"color: #0000ff;\"><a style=\"color: #0000ff;\" href=\"https:\/\/bit.ly\/LEVIZJA-BASHKE-PROGRAMI-2023\">https:\/\/bit.ly\/LEVIZJA-BASHKE-PROGRAMI-2023<\/a><\/span>\u201d &#8211; <\/em>thuhet n\u00ebpostimin e L\u00ebvizjes Bashk\u00eb n\u00eb Facebook.<\/span><\/p>\n<p><span style=\"color: #000000;\"><img loading=\"lazy\" decoding=\"async\" class=\"aligncenter size-full wp-image-592705\" src=\"https:\/\/www.hashtag.al\/wp-content\/uploads\/2023\/04\/343291306_803251394723592_6956975167807067000_n.jpg\" alt=\"\" width=\"2048\" height=\"1537\" srcset=\"https:\/\/www.hashtag.al\/wp-content\/uploads\/2023\/04\/343291306_803251394723592_6956975167807067000_n.jpg 2048w, https:\/\/www.hashtag.al\/wp-content\/uploads\/2023\/04\/343291306_803251394723592_6956975167807067000_n-300x225.jpg 300w, https:\/\/www.hashtag.al\/wp-content\/uploads\/2023\/04\/343291306_803251394723592_6956975167807067000_n-1024x769.jpg 1024w, https:\/\/www.hashtag.al\/wp-content\/uploads\/2023\/04\/343291306_803251394723592_6956975167807067000_n-768x576.jpg 768w, https:\/\/www.hashtag.al\/wp-content\/uploads\/2023\/04\/343291306_803251394723592_6956975167807067000_n-1536x1153.jpg 1536w\" sizes=\"auto, (max-width: 2048px) 100vw, 2048px\" \/><\/span><\/p>\n","protected":false,"gt_translate_keys":[{"key":"rendered","format":"html"}]},"excerpt":{"rendered":"<p>L\u00ebvizja Bashk\u00eb, q\u00eb garon me Arlind Qorin n\u00eb Tiran\u00eb n\u00eb zgjedhjet e 14 majit, ka prezantuar programin p\u00ebr kryeqytetin. Dokumenti prej 30 faqesh p\u00ebrmbledh vizionin dhe planin e Qorit p\u00ebr bashkin\u00eb e Tiran\u00ebs. Ai \u00ebsht\u00eb i ndar\u00eb n\u00eb 10 kapituj, me nga\u00a0 nj\u00eb syresh p\u00ebr secil\u00ebn kategori si plani urbanistik, strehimi, transporti, uji, arsimi, mbetjet, [&hellip;]<\/p>\n","protected":false,"gt_translate_keys":[{"key":"rendered","format":"html"}]},"author":51,"featured_media":592703,"comment_status":"closed","ping_status":"closed","sticky":false,"template":"","format":"standard","meta":{"footnotes":""},"categories":[22,13],"tags":[],"class_list":["post-592701","post","type-post","status-publish","format-standard","has-post-thumbnail","hentry","category-ballina","category-te-fundit"],"gt_translate_keys":[{"key":"link","format":"url"}],"_links":{"self":[{"href":"https:\/\/www.hashtag.al\/index.php\/wp-json\/wp\/v2\/posts\/592701","targetHints":{"allow":["GET"]}}],"collection":[{"href":"https:\/\/www.hashtag.al\/index.php\/wp-json\/wp\/v2\/posts"}],"about":[{"href":"https:\/\/www.hashtag.al\/index.php\/wp-json\/wp\/v2\/types\/post"}],"author":[{"embeddable":true,"href":"https:\/\/www.hashtag.al\/index.php\/wp-json\/wp\/v2\/users\/51"}],"replies":[{"embeddable":true,"href":"https:\/\/www.hashtag.al\/index.php\/wp-json\/wp\/v2\/comments?post=592701"}],"version-history":[{"count":0,"href":"https:\/\/www.hashtag.al\/index.php\/wp-json\/wp\/v2\/posts\/592701\/revisions"}],"wp:featuredmedia":[{"embeddable":true,"href":"https:\/\/www.hashtag.al\/index.php\/wp-json\/wp\/v2\/media\/592703"}],"wp:attachment":[{"href":"https:\/\/www.hashtag.al\/index.php\/wp-json\/wp\/v2\/media?parent=592701"}],"wp:term":[{"taxonomy":"category","embeddable":true,"href":"https:\/\/www.hashtag.al\/index.php\/wp-json\/wp\/v2\/categories?post=592701"},{"taxonomy":"post_tag","embeddable":true,"href":"https:\/\/www.hashtag.al\/index.php\/wp-json\/wp\/v2\/tags?post=592701"}],"curies":[{"name":"wp","href":"https:\/\/api.w.org\/{rel}","templated":true}]}}