{"id":592535,"date":"2023-04-26T12:12:48","date_gmt":"2023-04-26T10:12:48","guid":{"rendered":"https:\/\/www.hashtag.al\/?p=592535"},"modified":"2023-04-26T12:06:18","modified_gmt":"2023-04-26T10:06:18","slug":"kandidatja-per-tiranen-lajla-pernaska-takim-me-grate-e-vajzat-zero-taksa-per-tre-vitet-e-para-te-sipermarrjeve-nga-femrat","status":"publish","type":"post","link":"https:\/\/www.hashtag.al\/index.php\/2023\/04\/26\/kandidatja-per-tiranen-lajla-pernaska-takim-me-grate-e-vajzat-zero-taksa-per-tre-vitet-e-para-te-sipermarrjeve-nga-femrat\/","title":{"rendered":"Kandidatja p\u00ebr Tiran\u00ebn Lajla P\u00ebrnaska takim me grat\u00eb e vajzat: Zero taksa p\u00ebr tre vitet e para t\u00eb sip\u00ebrmarrjeve nga femrat","gt_translate_keys":[{"key":"rendered","format":"text"}]},"content":{"rendered":"<p><img loading=\"lazy\" decoding=\"async\" class=\"aligncenter size-full wp-image-592536\" src=\"https:\/\/www.hashtag.al\/wp-content\/uploads\/2023\/04\/lajlapernaska.jpg\" alt=\"\" width=\"780\" height=\"440\" srcset=\"https:\/\/www.hashtag.al\/wp-content\/uploads\/2023\/04\/lajlapernaska.jpg 780w, https:\/\/www.hashtag.al\/wp-content\/uploads\/2023\/04\/lajlapernaska-300x169.jpg 300w, https:\/\/www.hashtag.al\/wp-content\/uploads\/2023\/04\/lajlapernaska-768x433.jpg 768w\" sizes=\"auto, (max-width: 780px) 100vw, 780px\" \/><\/p>\n<p><span style=\"color: #000000;\">Lajla P\u00ebrnaska, nj\u00eb nga kandidat\u00ebt p\u00ebr Bashkin\u00eb Tiran\u00eb n\u00eb\u00a0 zgjedhjet e 14 majit \u00ebsht\u00eb takuar me grat\u00eb e vajzat e kryeqytetit duke paraqitur disa nga pikat e programit t\u00eb saj p\u00ebr k\u00ebt\u00eb kategori t\u00eb shoq\u00ebris\u00eb.<\/span><\/p>\n<p><span style=\"color: #000000;\">Ajo tha se prioriteti kryesori saj\u00a0 \u00ebsht\u00eb fuqizimi ekonomik i grave e vajzave p\u00ebrmes leht\u00ebsimit t\u00eb hapjes s\u00eb nj\u00eb sip\u00ebrmarrjeje duke zeruar taksat n\u00eb tre vitet e para t\u00eb pun\u00ebs. <\/span><\/p>\n<p><span style=\"color: #000000;\">P\u00ebrnaska tha gjithashtu se bashkia do u ofroj\u00eb sh\u00ebrbim falas me ndihm\u00eb ligjore e ekonomik\u00eb p\u00ebr sip\u00ebrmarrjet e tyre\u00a0 nd\u00ebrsa theksoi se do ket\u00eb skema t\u00eb mb\u00ebshtetjes profesionale p\u00ebr to.<\/span><\/p>\n<p><span style=\"color: #000000;\">\u201c<em>Prioritet i par\u00eb \u00ebsht\u00eb fuqizimi ekonomik i grave dhe vajzave, n\u00ebp\u00ebrmjet leht\u00ebsimit t\u00eb hapjes dhe zhvillimit t\u00eb sip\u00ebrmarrjeve t\u00eb tyre, duke b\u00ebr\u00eb taksat bashkiake 0 p\u00ebr 3 vitet e para t\u00eb pun\u00ebs. Me k\u00ebrkes\u00eb t\u00eb vet\u00eb zonjave, Bashkia do ofroj\u00eb sh\u00ebrbim falas me zyr\u00eb asistence ligjore dhe ekonomike p\u00ebr aktivitetin e tyre t\u00eb sip\u00ebrmarrjes. Mb<\/em><em>\u00ebshtetja e formimit profesional &amp; zgjerimi i skem<\/em><em>\u00ebs s<\/em><em>\u00eb granteve p<\/em><em>\u00ebr sip<\/em><em>\u00ebrmarrje nga gra kryefamiljare. <\/em><\/span><\/p>\n<p><span style=\"color: #000000;\"><em>Mb<\/em><em>\u00ebshtetja me grante e sip<\/em><em>\u00ebrmarrjeve t<\/em><em>\u00eb grave n<\/em><em>\u00eb zonat rurale. Hapja e nj\u00eb tregu falas\u00a0 p\u00ebr aktivitetin e grave artizane, ku mund t\u00eb shesin prodhimet e tyre. Leht<\/em><em>\u00ebsimi i procedurave p<\/em><em>\u00ebr strehimin e grave n<\/em><em>\u00eb nevoj<\/em><em>\u00eb dhe rritja e buxhetit p<\/em><em>\u00ebr k<\/em><em>\u00ebt<\/em><em>\u00eb kategori, (jo fonde p<\/em><em>\u00ebr incenerator<\/em><em>\u00ebt). Koncepti i qeverisjes s\u00eb Bashkis\u00eb s\u00eb Tiran\u00ebs, \u00ebsht\u00eb parashikuar q\u00eb t\u00eb mb\u00ebshteten direkt me grante sip\u00ebrmarr\u00ebset vajza. N\u00eb nj\u00eb pik\u00eb tjet\u00ebr \u00ebsht\u00eb mb\u00ebshtetja e grave dhe vajzave n\u00eb nevoj\u00eb\u201d<\/em> &#8211; tha P\u00ebrnaska.<\/span><\/p>\n","protected":false,"gt_translate_keys":[{"key":"rendered","format":"html"}]},"excerpt":{"rendered":"<p>Lajla P\u00ebrnaska, nj\u00eb nga kandidat\u00ebt p\u00ebr Bashkin\u00eb Tiran\u00eb n\u00eb\u00a0 zgjedhjet e 14 majit \u00ebsht\u00eb takuar me grat\u00eb e vajzat e kryeqytetit duke paraqitur disa nga pikat e programit t\u00eb saj p\u00ebr k\u00ebt\u00eb kategori t\u00eb shoq\u00ebris\u00eb. Ajo tha se prioriteti kryesori saj\u00a0 \u00ebsht\u00eb fuqizimi ekonomik i grave e vajzave p\u00ebrmes leht\u00ebsimit t\u00eb hapjes s\u00eb nj\u00eb sip\u00ebrmarrjeje [&hellip;]<\/p>\n","protected":false,"gt_translate_keys":[{"key":"rendered","format":"html"}]},"author":51,"featured_media":592536,"comment_status":"closed","ping_status":"closed","sticky":false,"template":"","format":"standard","meta":{"footnotes":""},"categories":[65,13],"tags":[],"class_list":["post-592535","post","type-post","status-publish","format-standard","has-post-thumbnail","hentry","category-lajme","category-te-fundit"],"gt_translate_keys":[{"key":"link","format":"url"}],"_links":{"self":[{"href":"https:\/\/www.hashtag.al\/index.php\/wp-json\/wp\/v2\/posts\/592535","targetHints":{"allow":["GET"]}}],"collection":[{"href":"https:\/\/www.hashtag.al\/index.php\/wp-json\/wp\/v2\/posts"}],"about":[{"href":"https:\/\/www.hashtag.al\/index.php\/wp-json\/wp\/v2\/types\/post"}],"author":[{"embeddable":true,"href":"https:\/\/www.hashtag.al\/index.php\/wp-json\/wp\/v2\/users\/51"}],"replies":[{"embeddable":true,"href":"https:\/\/www.hashtag.al\/index.php\/wp-json\/wp\/v2\/comments?post=592535"}],"version-history":[{"count":0,"href":"https:\/\/www.hashtag.al\/index.php\/wp-json\/wp\/v2\/posts\/592535\/revisions"}],"wp:featuredmedia":[{"embeddable":true,"href":"https:\/\/www.hashtag.al\/index.php\/wp-json\/wp\/v2\/media\/592536"}],"wp:attachment":[{"href":"https:\/\/www.hashtag.al\/index.php\/wp-json\/wp\/v2\/media?parent=592535"}],"wp:term":[{"taxonomy":"category","embeddable":true,"href":"https:\/\/www.hashtag.al\/index.php\/wp-json\/wp\/v2\/categories?post=592535"},{"taxonomy":"post_tag","embeddable":true,"href":"https:\/\/www.hashtag.al\/index.php\/wp-json\/wp\/v2\/tags?post=592535"}],"curies":[{"name":"wp","href":"https:\/\/api.w.org\/{rel}","templated":true}]}}