{"id":592529,"date":"2023-04-26T11:48:52","date_gmt":"2023-04-26T09:48:52","guid":{"rendered":"https:\/\/www.hashtag.al\/?p=592529"},"modified":"2023-04-26T14:09:11","modified_gmt":"2023-04-26T12:09:11","slug":"nisma-thurje-takim-me-banoret-e-ali-demit-anulim-i-koncesioneve-te-urbaneve-ulje-e-cmimir-te-ujit","status":"publish","type":"post","link":"https:\/\/www.hashtag.al\/index.php\/2023\/04\/26\/nisma-thurje-takim-me-banoret-e-ali-demit-anulim-i-koncesioneve-te-urbaneve-ulje-e-cmimir-te-ujit\/","title":{"rendered":"Nisma Thurje takim me banor\u00ebt e \u2018Ali Demit\u2019: Anulim i koncesioneve t\u00eb urban\u00ebve, ulje e \u00e7mimit t\u00eb ujit","gt_translate_keys":[{"key":"rendered","format":"text"}]},"content":{"rendered":"<p><img loading=\"lazy\" decoding=\"async\" class=\"aligncenter size-full wp-image-592530\" src=\"https:\/\/www.hashtag.al\/wp-content\/uploads\/2023\/04\/shabani.jpg\" alt=\"\" width=\"780\" height=\"440\" srcset=\"https:\/\/www.hashtag.al\/wp-content\/uploads\/2023\/04\/shabani.jpg 780w, https:\/\/www.hashtag.al\/wp-content\/uploads\/2023\/04\/shabani-300x169.jpg 300w, https:\/\/www.hashtag.al\/wp-content\/uploads\/2023\/04\/shabani-768x433.jpg 768w\" sizes=\"auto, (max-width: 780px) 100vw, 780px\" \/><\/p>\n<p><span style=\"color: #000000;\">Nisma Thurje ka zhvilluar sot nj\u00eb takim me banor\u00ebt e \u2018Ali Demit\u2019 n\u00eb Tiran\u00eb.<\/span><\/p>\n<p><span style=\"color: #000000;\"> Gjat\u00eb takimit, dy p\u00ebrfaq\u00ebsuesit Endri Shabani e Pano Soko prezantuan propozimet e tyre p\u00ebr kryeqytetin, n\u00eb gar\u00ebn p\u00ebr K\u00ebshillin Bashkiak, ku marrin pjes\u00eb.<\/span><\/p>\n<p><span style=\"color: #000000;\"> Kreu i Nism\u00ebs Thurje, Shabani, u p\u00ebrqendrua te \u00e7\u00ebshtja e transportit publik duke v\u00ebn\u00eb theksin te gjendja n\u00eb t\u00eb cil\u00ebt\u00a0 ndodhet ai duke premtuar nj\u00eb transport publik t\u00eb unifikuar.<\/span><\/p>\n<p><span style=\"color: #000000;\"><em>\u201cStudent\u00ebt e mi \u00e7do muaj shpenzojn\u00eb 3 apo 4 or\u00eb n\u00eb rradh\u00eb p\u00ebr t\u00eb marr\u00eb nj\u00eb abone, dhe ka raste q\u00eb as at\u00eb nuk e marrin se q\u00ebllon q\u00eb ka mbaruar kuota e caktuar nga bashkia. Ne besojm\u00eb se zgjidhja e problemeve q\u00eb kemi sot me transportin vjen duke nd\u00ebrtuar nj\u00eb transport publik dhe t\u00eb unifikuar, duke anuluar kon\u00e7esionet q\u00eb kan\u00eb fragmentizuar transportin, duke b\u00ebr\u00eb q\u00eb transporti urban t\u00eb jet\u00eb i shpejt\u00eb dhe efi\u00e7ent duke na kursyer 20 or\u00eb \u00e7do muaj q\u00eb ne sot i humbasim n\u00eb trafik.\u201d<\/em> &#8211; tha Shabani.<\/span><\/p>\n<p><span style=\"color: #000000;\">Soko nga ana e tij u ndal te\u00e7\u00ebshtja e ujit t\u00eb pijsh\u00ebm n\u00eb Tiran\u00eb. <\/span><\/p>\n<p><span style=\"color: #000000;\">Ai tha se pavar\u00ebsisht dyfishimit t\u00eb \u00e7mimit\u00a0 t\u00eb ujit, qytetar\u00ebt nuk kan\u00eb furnizim 24 or\u00eb n\u00eb banesa duke premtuar do luftoj\u00eb q\u00eb \u00e7mimi i ujit t\u00eb shkoj\u00eb aty ku ka qen\u00eb n\u00eb vitin 2017.<\/span><\/p>\n<p><span style=\"color: #000000;\"><em>\u201cNe e kishim fatur\u00ebn e ujit 7, 10, 12 maksimumi 15 mij\u00eb lek\u00eb. Tani na vjen 20, 25 maksimumi shkon edhe 35 mij\u00eb lek\u00eb\u201d tha Soko. \u201cPropozimi q\u00eb do t\u00eb \u00e7ojm\u00eb n\u00eb K\u00ebshillin Bashkiak do t\u00eb jet\u00eb q\u00eb t\u00eb rikthehet \u00e7mimi ujit aty ku ishte n\u00eb 2017. Por do t\u00eb k\u00ebrkojm\u00eb edhe llogari se ku kan\u00eb shkuar parat\u00eb q\u00eb u mblodh\u00ebn p\u00ebr t\u00eb garantuar uj\u00eb pa nd\u00ebrprerje.\u201d<\/em> &#8211; tha Soko.<\/span><\/p>\n","protected":false,"gt_translate_keys":[{"key":"rendered","format":"html"}]},"excerpt":{"rendered":"<p>Nisma Thurje ka zhvilluar sot nj\u00eb takim me banor\u00ebt e \u2018Ali Demit\u2019 n\u00eb Tiran\u00eb. Gjat\u00eb takimit, dy p\u00ebrfaq\u00ebsuesit Endri Shabani e Pano Soko prezantuan propozimet e tyre p\u00ebr kryeqytetin, n\u00eb gar\u00ebn p\u00ebr K\u00ebshillin Bashkiak, ku marrin pjes\u00eb. Kreu i Nism\u00ebs Thurje, Shabani, u p\u00ebrqendrua te \u00e7\u00ebshtja e transportit publik duke v\u00ebn\u00eb theksin te gjendja n\u00eb [&hellip;]<\/p>\n","protected":false,"gt_translate_keys":[{"key":"rendered","format":"html"}]},"author":51,"featured_media":592530,"comment_status":"closed","ping_status":"closed","sticky":false,"template":"","format":"standard","meta":{"footnotes":""},"categories":[65,13],"tags":[],"class_list":["post-592529","post","type-post","status-publish","format-standard","has-post-thumbnail","hentry","category-lajme","category-te-fundit"],"gt_translate_keys":[{"key":"link","format":"url"}],"_links":{"self":[{"href":"https:\/\/www.hashtag.al\/index.php\/wp-json\/wp\/v2\/posts\/592529","targetHints":{"allow":["GET"]}}],"collection":[{"href":"https:\/\/www.hashtag.al\/index.php\/wp-json\/wp\/v2\/posts"}],"about":[{"href":"https:\/\/www.hashtag.al\/index.php\/wp-json\/wp\/v2\/types\/post"}],"author":[{"embeddable":true,"href":"https:\/\/www.hashtag.al\/index.php\/wp-json\/wp\/v2\/users\/51"}],"replies":[{"embeddable":true,"href":"https:\/\/www.hashtag.al\/index.php\/wp-json\/wp\/v2\/comments?post=592529"}],"version-history":[{"count":0,"href":"https:\/\/www.hashtag.al\/index.php\/wp-json\/wp\/v2\/posts\/592529\/revisions"}],"wp:featuredmedia":[{"embeddable":true,"href":"https:\/\/www.hashtag.al\/index.php\/wp-json\/wp\/v2\/media\/592530"}],"wp:attachment":[{"href":"https:\/\/www.hashtag.al\/index.php\/wp-json\/wp\/v2\/media?parent=592529"}],"wp:term":[{"taxonomy":"category","embeddable":true,"href":"https:\/\/www.hashtag.al\/index.php\/wp-json\/wp\/v2\/categories?post=592529"},{"taxonomy":"post_tag","embeddable":true,"href":"https:\/\/www.hashtag.al\/index.php\/wp-json\/wp\/v2\/tags?post=592529"}],"curies":[{"name":"wp","href":"https:\/\/api.w.org\/{rel}","templated":true}]}}