{"id":592421,"date":"2023-04-25T18:52:45","date_gmt":"2023-04-25T16:52:45","guid":{"rendered":"https:\/\/www.hashtag.al\/?p=592421"},"modified":"2023-04-25T18:52:45","modified_gmt":"2023-04-25T16:52:45","slug":"parlamenti-bllokon-rritjen-e-pagave-nuk-perfshinte-deputetet","status":"publish","type":"post","link":"https:\/\/www.hashtag.al\/index.php\/2023\/04\/25\/parlamenti-bllokon-rritjen-e-pagave-nuk-perfshinte-deputetet\/","title":{"rendered":"Parlamenti bllokon rritjen e pagave, nuk p\u00ebrfshinte deputet\u00ebt","gt_translate_keys":[{"key":"rendered","format":"text"}]},"content":{"rendered":"<p><span style=\"color: #000000;\"><a href=\"https:\/\/www.hashtag.al\/wp-content\/uploads\/2023\/04\/komisioni-ok-1296x700-1.jpg\"><img loading=\"lazy\" decoding=\"async\" class=\"aligncenter size-full wp-image-592422\" src=\"https:\/\/www.hashtag.al\/wp-content\/uploads\/2023\/04\/komisioni-ok-1296x700-1.jpg\" alt=\"\" width=\"1296\" height=\"700\" srcset=\"https:\/\/www.hashtag.al\/wp-content\/uploads\/2023\/04\/komisioni-ok-1296x700-1.jpg 1296w, https:\/\/www.hashtag.al\/wp-content\/uploads\/2023\/04\/komisioni-ok-1296x700-1-300x162.jpg 300w, https:\/\/www.hashtag.al\/wp-content\/uploads\/2023\/04\/komisioni-ok-1296x700-1-1024x553.jpg 1024w, https:\/\/www.hashtag.al\/wp-content\/uploads\/2023\/04\/komisioni-ok-1296x700-1-768x415.jpg 768w\" sizes=\"auto, (max-width: 1296px) 100vw, 1296px\" \/><\/a><\/span><\/p>\n<p><span style=\"color: #000000;\">Parlamenti ka bllokuar ligjin e ri p\u00ebr rritjen e pagave p\u00ebr shkak se deputet\u00ebt k\u00ebrkojn\u00eb q\u00eb t\u2019u rritet rroga edhe atyre. Drafti i propozuar nga qeveria ishte parashikuar t\u00eb votohej k\u00ebt\u00eb t\u00eb mart\u00eb n\u00eb Komisionin p\u00ebrgjegj\u00ebs, at\u00eb t\u00eb Ekonomis\u00eb dhe Financave. Por gjat\u00eb diskutimit t\u00eb projektligjit, deputet\u00ebt e t\u00eb dy krah\u00ebve kan\u00eb shprehur pak\u00ebnaq\u00ebsi t\u00eb shumta p\u00ebr projektligjin, ve\u00e7an\u00ebrisht p\u00ebr faktin se ai nuk parashikon rritjen e rrogave p\u00ebr ligjv\u00ebn\u00ebsit duke vendosur q\u00eb ta pezullojn\u00eb miratimin e tij p\u00ebr pas zgjedhjeve.<\/span><\/p>\n<p><span style=\"color: #000000;\">Oligarkia.al ka m\u00ebsuar se i pari q\u00eb e ka ngritur \u00e7\u00ebshtjen e mos rritjes s\u00eb rrogave p\u00ebr deputet\u00ebt ka qen\u00eb vet kryetari i Komisionit, Eduart Shalsi. Zoti Shalsi \u00ebsht\u00eb kujdesur q\u00eb para se t\u00eb ngrinte k\u00ebt\u00eb \u00e7\u00ebshtje t\u00eb fikte kamerat q\u00eb transmetojn\u00eb live punimet e Komisionit dhe t\u00eb urdh\u00ebronte ndalimin e regjistrimit t\u00eb fjal\u00ebs s\u00eb tij.<\/span><\/p>\n<p><span style=\"color: #000000;\">M\u00eb pas deputet\u00ebt e t\u00eb dy krah\u00ebve jan\u00eb p\u00ebrfshir\u00eb n\u00eb diskutime informale, t\u00eb paregjistruara ku n\u00eb shumic\u00eb kan\u00eb shprehur mb\u00ebshtetjen p\u00ebr t\u00eb k\u00ebrkuar rritje pagash nga qeveria dhe kan\u00eb vendosur q\u00eb diskutimi i ligjit t\u00eb shtyhet pas zgjedhjeve vendore.<\/span><\/p>\n<p><span style=\"color: #000000;\"><strong>Rritja e pagave<\/strong><\/span><\/p>\n<p><span style=\"color: #000000;\">N\u00eb draftin e propozuar nga qeveria parashikohet q\u00eb rroga e Presidentit t\u00eb Republik\u00ebs nga 257 mij\u00eb lek\u00eb n\u00eb muaj q\u00eb \u00ebsht\u00eb aktualisht t\u00eb rritet n\u00eb 425 mij\u00eb lek\u00eb n\u00eb muaj.<\/span><\/p>\n<p><span style=\"color: #000000;\">Por duke qen\u00eb se t\u00eb gjitha pagat e tjera t\u00eb hierarkis\u00eb s\u00eb lart\u00eb shtet\u00ebrore jan\u00eb t\u00eb lidhura me pag\u00ebn e Presidentit, n\u00eb projektligj \u00ebsht\u00eb propozuar ulja e koefi\u00e7ent\u00ebve p\u00ebr rrogat e deputet\u00ebve, ministrave dhe madje kryeministrit, q\u00eb ato t\u00eb mos rriten por t\u00eb mbeten t\u00eb pandryshuara.<\/span><\/p>\n<p><span style=\"color: #000000;\">M\u00eb konkretisht, sot rroga e nj\u00eb deputeti \u00ebsht\u00eb sa 61 p\u00ebr qind e pag\u00ebs s\u00eb Presidentit. N\u00ebse qeveria do t\u00eb kishte ruajtur t\u00eb nj\u00ebjtin koeficent p\u00ebr deputet\u00ebt, p\u00ebr shkak t\u00eb rritjes s\u00eb rrog\u00ebs s\u00eb Presidentit edhe pagat e tyre do t\u00eb rriteshin n\u00eb t\u00eb nj\u00ebjtin raport. Por n\u00eb propjektligj Ministra e Financave ka propozuar q\u00eb koefi\u00e7enti p\u00ebr pag\u00ebn e deputet\u00ebve t\u00eb ulet n\u00eb 36.9 p\u00ebr qind e rrog\u00ebs s\u00eb Presidentit.<\/span><\/p>\n<p><span style=\"color: #000000;\">Si rezultat, edhe pse rroga e Presidentit rritet me 65 p\u00ebr qind, paga e deputetit nuk ndryshon p\u00ebr shkak t\u00eb uljes s\u00eb koeficientit. E nj\u00ebjta skem\u00eb \u00ebsht\u00eb ndjekur edhe me pag\u00ebn e Kryeministrit, kryetarit t\u00eb Kuvendit, ministrave dhe disa funksionar\u00ebve t\u00eb tjer\u00eb t\u00eb lart\u00eb.<\/span><\/p>\n<p><span style=\"color: #000000;\">Por ligji tashm\u00eb \u00ebsht\u00eb bllokuar nga deputet\u00ebt, nj\u00eb situat\u00eb q\u00eb parashikon zhvillime interesante gjat\u00eb jav\u00ebve t\u00eb ardhshme. A do t\u2019i bashkojn\u00eb votat deputet\u00ebt e maxhoranc\u00ebs me ata t\u00eb opozit\u00ebs p\u00ebr t\u00eb rritur rrogat e tyre?<\/span><\/p>\n<hr \/>\n<p><span style=\"color: #000000;\"><span style=\"color: #ff0000;\"><strong>VINI RE:<\/strong> <\/span>Artikulli \u00ebsht\u00eb pron\u00eb intelektuale <span style=\"color: #3366ff;\"><strong><a style=\"color: #3366ff;\" href=\"https:\/\/www.oligarkia.al\/parlamenti-bllokon-rritjen-e-pagave-deputetet-duam-edhe-ne-rritje\/\">Oligarkia.al<\/a><\/strong><\/span><\/span><\/p>\n","protected":false,"gt_translate_keys":[{"key":"rendered","format":"html"}]},"excerpt":{"rendered":"<p>Parlamenti ka bllokuar ligjin e ri p\u00ebr rritjen e pagave p\u00ebr shkak se deputet\u00ebt k\u00ebrkojn\u00eb q\u00eb t\u2019u rritet rroga edhe atyre. Drafti i propozuar nga qeveria ishte parashikuar t\u00eb votohej k\u00ebt\u00eb t\u00eb mart\u00eb n\u00eb Komisionin p\u00ebrgjegj\u00ebs, at\u00eb t\u00eb Ekonomis\u00eb dhe Financave. Por gjat\u00eb diskutimit t\u00eb projektligjit, deputet\u00ebt e t\u00eb dy krah\u00ebve kan\u00eb shprehur pak\u00ebnaq\u00ebsi t\u00eb [&hellip;]<\/p>\n","protected":false,"gt_translate_keys":[{"key":"rendered","format":"html"}]},"author":32,"featured_media":592422,"comment_status":"closed","ping_status":"closed","sticky":false,"template":"","format":"standard","meta":{"footnotes":""},"categories":[65,13],"tags":[],"class_list":["post-592421","post","type-post","status-publish","format-standard","has-post-thumbnail","hentry","category-lajme","category-te-fundit"],"gt_translate_keys":[{"key":"link","format":"url"}],"_links":{"self":[{"href":"https:\/\/www.hashtag.al\/index.php\/wp-json\/wp\/v2\/posts\/592421","targetHints":{"allow":["GET"]}}],"collection":[{"href":"https:\/\/www.hashtag.al\/index.php\/wp-json\/wp\/v2\/posts"}],"about":[{"href":"https:\/\/www.hashtag.al\/index.php\/wp-json\/wp\/v2\/types\/post"}],"author":[{"embeddable":true,"href":"https:\/\/www.hashtag.al\/index.php\/wp-json\/wp\/v2\/users\/32"}],"replies":[{"embeddable":true,"href":"https:\/\/www.hashtag.al\/index.php\/wp-json\/wp\/v2\/comments?post=592421"}],"version-history":[{"count":0,"href":"https:\/\/www.hashtag.al\/index.php\/wp-json\/wp\/v2\/posts\/592421\/revisions"}],"wp:featuredmedia":[{"embeddable":true,"href":"https:\/\/www.hashtag.al\/index.php\/wp-json\/wp\/v2\/media\/592422"}],"wp:attachment":[{"href":"https:\/\/www.hashtag.al\/index.php\/wp-json\/wp\/v2\/media?parent=592421"}],"wp:term":[{"taxonomy":"category","embeddable":true,"href":"https:\/\/www.hashtag.al\/index.php\/wp-json\/wp\/v2\/categories?post=592421"},{"taxonomy":"post_tag","embeddable":true,"href":"https:\/\/www.hashtag.al\/index.php\/wp-json\/wp\/v2\/tags?post=592421"}],"curies":[{"name":"wp","href":"https:\/\/api.w.org\/{rel}","templated":true}]}}