{"id":592378,"date":"2023-04-25T16:02:52","date_gmt":"2023-04-25T14:02:52","guid":{"rendered":"https:\/\/www.hashtag.al\/?p=592378"},"modified":"2023-04-25T16:02:52","modified_gmt":"2023-04-25T14:02:52","slug":"kqz-shpall-rezultatet-e-zgjedhjeve-ne-veri-te-kosoves","status":"publish","type":"post","link":"https:\/\/www.hashtag.al\/index.php\/2023\/04\/25\/kqz-shpall-rezultatet-e-zgjedhjeve-ne-veri-te-kosoves\/","title":{"rendered":"KQZ shpall rezultatet e zgjedhjeve n\u00eb veri t\u00eb Kosov\u00ebs","gt_translate_keys":[{"key":"rendered","format":"text"}]},"content":{"rendered":"<p><a href=\"https:\/\/www.hashtag.al\/wp-content\/uploads\/2023\/04\/1682430185_votim.jpeg\"><img loading=\"lazy\" decoding=\"async\" class=\"aligncenter size-full wp-image-592379\" src=\"https:\/\/www.hashtag.al\/wp-content\/uploads\/2023\/04\/1682430185_votim.jpeg\" alt=\"\" width=\"780\" height=\"440\" srcset=\"https:\/\/www.hashtag.al\/wp-content\/uploads\/2023\/04\/1682430185_votim.jpeg 780w, https:\/\/www.hashtag.al\/wp-content\/uploads\/2023\/04\/1682430185_votim-300x169.jpeg 300w, https:\/\/www.hashtag.al\/wp-content\/uploads\/2023\/04\/1682430185_votim-768x433.jpeg 768w\" sizes=\"auto, (max-width: 780px) 100vw, 780px\" \/><\/a><\/p>\n<p><span style=\"color: #000000;\">Komisioni Qendror i Zgjedhjeve ka shpallur rezultatet p\u00ebr zgjedhjet lokale t\u00eb 23 prillit q\u00eb u mbajt\u00ebn n\u00eb kat\u00ebr komunat n\u00eb veri t\u00eb Kosov\u00ebs, t\u00eb banuara me shumic\u00eb serbe.<\/span><\/p>\n<p><span style=\"color: #000000;\">Sipas KQZ-s\u00eb, n\u00eb gar\u00ebn p\u00ebr kryetarin e ri t\u00eb Komun\u00ebs t\u00eb Leposaviqit, fitues \u00ebsht\u00eb shpallur Lulzim Hetimi nga L\u00ebvizja Vet\u00ebvendosje me 73.5 p\u00ebr qind t\u00eb votave t\u00eb fituara.<\/span><\/p>\n<p><span style=\"color: #000000;\">Kjo parti fitoi gar\u00ebn edhe n\u00eb Mitrovic\u00eb t\u00eb Veriut. Kreu i ri i k\u00ebsaj komune do t\u00eb jet\u00eb Erden Ati\u00e7, q\u00eb ka fituar 66.9 p\u00ebr qind t\u00eb votave.<\/span><\/p>\n<p><span style=\"color: #000000;\">Dy komuna i kan\u00eb fituar kandidat\u00ebt e Partis\u00eb Demokratike t\u00eb Kosov\u00ebs. Komun\u00ebn e Zve\u00e7anit do ta udh\u00ebheq\u00eb Ilir Peci nga kjo parti me 59 p\u00ebr qind t\u00eb votave t\u00eb fituara. Nd\u00ebrkaq, n\u00eb Zubin Potok fitues u shpall Izmir Zeqiri me 52.2 p\u00ebr qind t\u00eb votave.<\/span><\/p>\n<p><span style=\"color: #000000;\">Zgjedhjet e jasht\u00ebzakonshme p\u00ebr kryetar\u00ebt e rinj t\u00eb kat\u00ebr komunave veriore u bojkotuan gjer\u00ebsisht nga popullata serbe atje. Sipas t\u00eb dh\u00ebnave t\u00eb KQZ-s\u00eb, n\u00eb zgjedhje dol\u00ebn 1.567 votues apo 3.47 p\u00ebr qind e trupit zgjedhor.<\/span><\/p>\n<p><span style=\"color: #000000;\">M\u00eb 23 prill, u mbajt\u00ebn edhe zgjedhjet e parakohshme p\u00ebr asamblet\u00eb komunale n\u00eb Leposaviq dhe Zve\u00e7an.<\/span><\/p>\n<p><span style=\"color: #000000;\">N\u00eb Leposavi\u00e7, L\u00ebvizja Vet\u00ebvendosje ka fituar 15 ul\u00ebse, Partia Demokratike e Kosov\u00ebs dy, aq sa ka fituar edhe Partia e Serb\u00ebve t\u00eb Kosov\u00ebs.<\/span><\/p>\n<p><span style=\"color: #000000;\">N\u00eb Zve\u00e7an, 11 ul\u00ebse n\u00eb Asamblen\u00eb komunale i ka fituar Partia Demokratike e Kosov\u00ebs, nd\u00ebrkaq L\u00ebvizja Vet\u00ebvendosje tet\u00eb<\/span><\/p>\n<p><span style=\"color: #000000;\">N\u00eb zgjedhjet e 23 prillit nuk mori pjes\u00eb Lista Serbe \u2013 partia kryesore e serb\u00ebve n\u00eb Kosov\u00eb \u2013 q\u00eb deri m\u00eb tani kishte udh\u00ebhequr me k\u00ebto komuna. Kjo parti, q\u00eb ka mb\u00ebshtetjen e Beogradit, b\u00ebri thirrje p\u00ebr bojkotin e procesit zgjedhor.<\/span><\/p>\n<p><span style=\"color: #000000;\">Procesi zgjedho kaloi pa asnj\u00eb incident dhe qytetar\u00ebt, p\u00ebrve\u00e7 se n\u00eb disa shkolla, votuan edhe n\u00eb 13 kontejner\u00eb t\u00eb vendosur n\u00eb lokacione t\u00eb ndryshe n\u00eb veri.<\/span><\/p>\n<p><span style=\"color: #000000;\">Komuniteti nd\u00ebrkomb\u00ebtar ka shprehur keqardhjen p\u00ebr mospjes\u00ebmarrjen e partive serbe n\u00eb k\u00ebto zgjedhje, pasi vet\u00ebm nj\u00eb kandidate e pavarur serbe garoi p\u00ebr kreun e Zve\u00e7anit.<\/span><\/p>\n<p><span style=\"color: #000000;\">Autoritetet n\u00eb Prishtin\u00eb kan\u00eb th\u00ebn\u00eb se banor\u00ebt n\u00eb veri kan\u00eb qen\u00eb cak i \u201cfrik\u00ebsimit dhe shantazhit\u201d nga grupet q\u00eb \u201cmb\u00ebshteten nga Beogradi\u201d p\u00ebr t\u00eb mos marr\u00eb pjes\u00eb n\u00eb zgjedhje.<\/span><\/p>\n<p><span style=\"color: #000000;\">Komunat n\u00eb veri mbet\u00ebn pa kryetar\u00eb nga n\u00ebntori i vitit t\u00eb kaluar, kur p\u00ebrfaq\u00ebsuesit serb\u00eb n\u00eb at\u00eb zon\u00eb dhan\u00eb dor\u00ebheqje nga vendet e tyre t\u00eb pun\u00ebs, p\u00ebr shkak t\u00eb mospajtimit me nj\u00eb vendim t\u00eb Qeveris\u00eb s\u00eb Kosov\u00ebs p\u00ebr riregjistrimin e makinave me targa ilegale serbe.\/ <span style=\"color: #0000ff;\"><a style=\"color: #0000ff;\" href=\"https:\/\/www.evropaelire.org\/a\/kqz-rezultate-zgjedhjet-23-prill-\/32378734.html\">REL.<\/a><\/span><\/span><\/p>\n","protected":false,"gt_translate_keys":[{"key":"rendered","format":"html"}]},"excerpt":{"rendered":"<p>Komisioni Qendror i Zgjedhjeve ka shpallur rezultatet p\u00ebr zgjedhjet lokale t\u00eb 23 prillit q\u00eb u mbajt\u00ebn n\u00eb kat\u00ebr komunat n\u00eb veri t\u00eb Kosov\u00ebs, t\u00eb banuara me shumic\u00eb serbe. Sipas KQZ-s\u00eb, n\u00eb gar\u00ebn p\u00ebr kryetarin e ri t\u00eb Komun\u00ebs t\u00eb Leposaviqit, fitues \u00ebsht\u00eb shpallur Lulzim Hetimi nga L\u00ebvizja Vet\u00ebvendosje me 73.5 p\u00ebr qind t\u00eb votave t\u00eb [&hellip;]<\/p>\n","protected":false,"gt_translate_keys":[{"key":"rendered","format":"html"}]},"author":30,"featured_media":592379,"comment_status":"closed","ping_status":"closed","sticky":false,"template":"","format":"standard","meta":{"footnotes":""},"categories":[149],"tags":[],"class_list":["post-592378","post","type-post","status-publish","format-standard","has-post-thumbnail","hentry","category-kosoverajon"],"gt_translate_keys":[{"key":"link","format":"url"}],"_links":{"self":[{"href":"https:\/\/www.hashtag.al\/index.php\/wp-json\/wp\/v2\/posts\/592378","targetHints":{"allow":["GET"]}}],"collection":[{"href":"https:\/\/www.hashtag.al\/index.php\/wp-json\/wp\/v2\/posts"}],"about":[{"href":"https:\/\/www.hashtag.al\/index.php\/wp-json\/wp\/v2\/types\/post"}],"author":[{"embeddable":true,"href":"https:\/\/www.hashtag.al\/index.php\/wp-json\/wp\/v2\/users\/30"}],"replies":[{"embeddable":true,"href":"https:\/\/www.hashtag.al\/index.php\/wp-json\/wp\/v2\/comments?post=592378"}],"version-history":[{"count":0,"href":"https:\/\/www.hashtag.al\/index.php\/wp-json\/wp\/v2\/posts\/592378\/revisions"}],"wp:featuredmedia":[{"embeddable":true,"href":"https:\/\/www.hashtag.al\/index.php\/wp-json\/wp\/v2\/media\/592379"}],"wp:attachment":[{"href":"https:\/\/www.hashtag.al\/index.php\/wp-json\/wp\/v2\/media?parent=592378"}],"wp:term":[{"taxonomy":"category","embeddable":true,"href":"https:\/\/www.hashtag.al\/index.php\/wp-json\/wp\/v2\/categories?post=592378"},{"taxonomy":"post_tag","embeddable":true,"href":"https:\/\/www.hashtag.al\/index.php\/wp-json\/wp\/v2\/tags?post=592378"}],"curies":[{"name":"wp","href":"https:\/\/api.w.org\/{rel}","templated":true}]}}