{"id":592080,"date":"2023-04-24T11:10:43","date_gmt":"2023-04-24T09:10:43","guid":{"rendered":"https:\/\/www.hashtag.al\/?p=592080"},"modified":"2023-04-24T12:23:04","modified_gmt":"2023-04-24T10:23:04","slug":"akuzat-se-nuk-ka-diplome-gjimnazi-reagon-kellici-shpifje-ka-pasur-vetem-deftese-pjekurie","status":"publish","type":"post","link":"https:\/\/www.hashtag.al\/index.php\/2023\/04\/24\/akuzat-se-nuk-ka-diplome-gjimnazi-reagon-kellici-shpifje-ka-pasur-vetem-deftese-pjekurie\/","title":{"rendered":"Akuzat se nuk ka diplom\u00eb gjimnazi, reagon K\u00eblli\u00e7i: Shpifje, ka pasur vet\u00ebm d\u00ebftes\u00eb pjekurie","gt_translate_keys":[{"key":"rendered","format":"text"}]},"content":{"rendered":"<p><span style=\"color: #000000;\"><a href=\"https:\/\/www.hashtag.al\/wp-content\/uploads\/2023\/04\/auto_kellici1682327287.jpg\"><img loading=\"lazy\" decoding=\"async\" class=\"aligncenter size-full wp-image-592081\" src=\"https:\/\/www.hashtag.al\/wp-content\/uploads\/2023\/04\/auto_kellici1682327287.jpg\" alt=\"\" width=\"900\" height=\"600\" srcset=\"https:\/\/www.hashtag.al\/wp-content\/uploads\/2023\/04\/auto_kellici1682327287.jpg 900w, https:\/\/www.hashtag.al\/wp-content\/uploads\/2023\/04\/auto_kellici1682327287-300x200.jpg 300w, https:\/\/www.hashtag.al\/wp-content\/uploads\/2023\/04\/auto_kellici1682327287-768x512.jpg 768w\" sizes=\"auto, (max-width: 900px) 100vw, 900px\" \/><\/a><\/span><\/p>\n<p><span style=\"color: #000000;\">Kandidati i koalicionit \u201cBashk\u00eb fitojm\u00eb\u201d p\u00ebr Bashkin\u00eb e Tiran\u00ebs, Belind K\u00eblli\u00e7i \u00ebsht\u00eb prononcuar dit\u00ebn e sotme n\u00eb emisionin &#8216;Breaking&#8217; n\u00eb Top News mbi \u00e7\u00ebshtjen e shkollimit t\u00eb tij.<\/span><\/p>\n<p><span style=\"color: #000000;\">Shqiptarja.com ka publikuar dy shkrime mbi shkollimin e K\u00eblli\u00e7it ku nga dokumentet nuk ka pasur nj\u00eb diplom\u00eb t\u00eb shkoll\u00ebs t\u00eb mesme.<\/span><\/p>\n<p><span style=\"color: #000000;\">\u201c<em>Shpifje nga mediat \u00e7\u00ebshtja e shkollimit tim. Kam fituar burs\u00eb dhe jam diplomuar me mesataren m\u00eb t\u00eb lart\u00eb. E gjitha kjo \u00ebsht\u00eb nj\u00eb tymnaj\u00eb p\u00ebr t\u00eb hequr v\u00ebmendjen nga fushata dhe premtimet.<\/em><\/span><\/p>\n<p><span style=\"color: #000000;\"><em>Nuk arrij ta kuptoj se \u00e7far\u00eb ka k\u00ebtu kaq t\u00eb pakuptueshme.<\/em><\/span><\/p>\n<p><span style=\"color: #000000;\"><em>Nuk ka patur moj diplom\u00eb, s\u2019ka patur. Ka patur vet\u00ebm d\u00ebftes\u00eb pjekurie.<\/em><\/span><\/p>\n<p><span style=\"color: #000000;\"><em>Un\u00eb kam shkuar n\u00eb SHBA kam dh\u00ebn\u00eb gjith\u00eb provimet dhe kam nisur shkoll\u00ebn. Nd\u00ebrkoh\u00eb edhe n\u00eb Amerik\u00eb universiteti b\u00ebhet ne baz\u00eb kreditesh dhe e testeve q\u00eb jepen. Kaq e thjesht \u00ebsht\u00eb e gjith\u00eb historia.<\/em><\/span><\/p>\n<p><span style=\"color: #000000;\"><em>Keni minimumin e detyrimit q\u00eb kur publikoni nj\u00eb shkres\u00eb ta publikoni t\u00eb plot\u00eb<\/em>.\u2019- tha Bleind K\u00eblli\u00e7i n\u00eb studio.<\/span><\/p>\n<p>&nbsp;<\/p>\n","protected":false,"gt_translate_keys":[{"key":"rendered","format":"html"}]},"excerpt":{"rendered":"<p>Kandidati i koalicionit \u201cBashk\u00eb fitojm\u00eb\u201d p\u00ebr Bashkin\u00eb e Tiran\u00ebs, Belind K\u00eblli\u00e7i \u00ebsht\u00eb prononcuar dit\u00ebn e sotme n\u00eb emisionin &#8216;Breaking&#8217; n\u00eb Top News mbi \u00e7\u00ebshtjen e shkollimit t\u00eb tij. Shqiptarja.com ka publikuar dy shkrime mbi shkollimin e K\u00eblli\u00e7it ku nga dokumentet nuk ka pasur nj\u00eb diplom\u00eb t\u00eb shkoll\u00ebs t\u00eb mesme. \u201cShpifje nga mediat \u00e7\u00ebshtja e shkollimit [&hellip;]<\/p>\n","protected":false,"gt_translate_keys":[{"key":"rendered","format":"html"}]},"author":32,"featured_media":592081,"comment_status":"closed","ping_status":"closed","sticky":false,"template":"","format":"standard","meta":{"footnotes":""},"categories":[22,65,13],"tags":[],"class_list":["post-592080","post","type-post","status-publish","format-standard","has-post-thumbnail","hentry","category-ballina","category-lajme","category-te-fundit"],"gt_translate_keys":[{"key":"link","format":"url"}],"_links":{"self":[{"href":"https:\/\/www.hashtag.al\/index.php\/wp-json\/wp\/v2\/posts\/592080","targetHints":{"allow":["GET"]}}],"collection":[{"href":"https:\/\/www.hashtag.al\/index.php\/wp-json\/wp\/v2\/posts"}],"about":[{"href":"https:\/\/www.hashtag.al\/index.php\/wp-json\/wp\/v2\/types\/post"}],"author":[{"embeddable":true,"href":"https:\/\/www.hashtag.al\/index.php\/wp-json\/wp\/v2\/users\/32"}],"replies":[{"embeddable":true,"href":"https:\/\/www.hashtag.al\/index.php\/wp-json\/wp\/v2\/comments?post=592080"}],"version-history":[{"count":0,"href":"https:\/\/www.hashtag.al\/index.php\/wp-json\/wp\/v2\/posts\/592080\/revisions"}],"wp:featuredmedia":[{"embeddable":true,"href":"https:\/\/www.hashtag.al\/index.php\/wp-json\/wp\/v2\/media\/592081"}],"wp:attachment":[{"href":"https:\/\/www.hashtag.al\/index.php\/wp-json\/wp\/v2\/media?parent=592080"}],"wp:term":[{"taxonomy":"category","embeddable":true,"href":"https:\/\/www.hashtag.al\/index.php\/wp-json\/wp\/v2\/categories?post=592080"},{"taxonomy":"post_tag","embeddable":true,"href":"https:\/\/www.hashtag.al\/index.php\/wp-json\/wp\/v2\/tags?post=592080"}],"curies":[{"name":"wp","href":"https:\/\/api.w.org\/{rel}","templated":true}]}}