{"id":591994,"date":"2023-04-23T19:05:50","date_gmt":"2023-04-23T17:05:50","guid":{"rendered":"https:\/\/www.hashtag.al\/?p=591994"},"modified":"2023-04-23T19:05:50","modified_gmt":"2023-04-23T17:05:50","slug":"meta-rama-pergjegjes-per-greminen-ekonomike-e-polarizimin-e-shoqerise-me-14-maj-te-votojme-ndryshimin","status":"publish","type":"post","link":"https:\/\/www.hashtag.al\/index.php\/2023\/04\/23\/meta-rama-pergjegjes-per-greminen-ekonomike-e-polarizimin-e-shoqerise-me-14-maj-te-votojme-ndryshimin\/","title":{"rendered":"Meta: Rama p\u00ebrgjegj\u00ebs p\u00ebr gremin\u00ebn ekonomike e polarizimin e shoq\u00ebris\u00eb, m\u00eb 14 maj t\u00eb votojm\u00eb ndryshimin \u00a0\u00a0","gt_translate_keys":[{"key":"rendered","format":"text"}]},"content":{"rendered":"<p><img loading=\"lazy\" decoding=\"async\" class=\"aligncenter size-full wp-image-591995\" src=\"https:\/\/www.hashtag.al\/wp-content\/uploads\/2023\/04\/meta3.png\" alt=\"\" width=\"1193\" height=\"559\" srcset=\"https:\/\/www.hashtag.al\/wp-content\/uploads\/2023\/04\/meta3.png 1193w, https:\/\/www.hashtag.al\/wp-content\/uploads\/2023\/04\/meta3-300x141.png 300w, https:\/\/www.hashtag.al\/wp-content\/uploads\/2023\/04\/meta3-1024x480.png 1024w, https:\/\/www.hashtag.al\/wp-content\/uploads\/2023\/04\/meta3-768x360.png 768w\" sizes=\"auto, (max-width: 1193px) 100vw, 1193px\" \/><\/p>\n<p><span style=\"color: #000000;\">Kreu i Partis\u00eb s\u00eb Liris\u00eb Meta ka denoncuar kryeministrin Rama se b\u00ebn \u00e7do gj\u00eb p\u00ebr t\u00eb hequr v\u00ebmendjen e qytetar\u00ebve nga grabitja e vendit. <\/span><\/p>\n<p><span style=\"color: #000000;\">Ai zhvilloi nj\u00eb takim me qytetar\u00ebt n\u00eb Nj\u00ebsin\u00eb 9 n\u00eb Tiran\u00eb ku akuzoi kryeministrin p\u00ebr \u00e7\u00ebshtjen e incenerator\u00ebve, nd\u00ebrsa u b\u00ebri thirrje qytetar\u00ebve q\u00eb n\u00eb 14 maj t\u00eb votojn\u00eb ndryshimin. <\/span><\/p>\n<p><span style=\"color: #000000;\">Sipas kreut t\u00eb PL-s\u00eb Rama \u00ebsht\u00eb p\u00ebrgjegj\u00ebsi kryesor p\u00ebr gjendjen ekonomike t\u00eb vendit dhe polarizimin e shoq\u00ebris\u00eb.<\/span><\/p>\n<p><span style=\"color: #000000;\"><em>\u201cP\u00ebrfaq\u00ebsues t\u00eb klaneve dhe jan\u00eb atje p\u00ebr t\u2019i sh\u00ebrbyer Edi Ram\u00ebs, pla\u00e7kitjeve dhe grabitjeve. E keni par\u00eb si k\u00ebrcen, mos u habisni n\u00ebse k\u00ebrcen edhe lakuriq. M\u00eb falni q\u00eb e them por b\u00ebn \u00e7do gj\u00eb p\u00ebr t\u00eb hequr v\u00ebmendjen nga fakti q\u00eb ka 11 vjet q\u00eb qeveris dhe q\u00eb e ka \u00e7uar situat\u00ebn ekonomike n\u00eb vend n\u00eb nj\u00eb gremin\u00eb t\u00eb v\u00ebrtet\u00eb. Q\u00eb ka polarizuar vendin kaq shum\u00eb duke favorizuar nj\u00eb sekt dhe duke varf\u00ebruar shumic\u00ebn e qytetar\u00ebve shqiptar\u00eb. Ka goditur shtres\u00ebn e mesme t\u00eb Shqip\u00ebris\u00eb.\u201d<\/em> &#8211; tha Meta.<\/span><\/p>\n","protected":false,"gt_translate_keys":[{"key":"rendered","format":"html"}]},"excerpt":{"rendered":"<p>Kreu i Partis\u00eb s\u00eb Liris\u00eb Meta ka denoncuar kryeministrin Rama se b\u00ebn \u00e7do gj\u00eb p\u00ebr t\u00eb hequr v\u00ebmendjen e qytetar\u00ebve nga grabitja e vendit. Ai zhvilloi nj\u00eb takim me qytetar\u00ebt n\u00eb Nj\u00ebsin\u00eb 9 n\u00eb Tiran\u00eb ku akuzoi kryeministrin p\u00ebr \u00e7\u00ebshtjen e incenerator\u00ebve, nd\u00ebrsa u b\u00ebri thirrje qytetar\u00ebve q\u00eb n\u00eb 14 maj t\u00eb votojn\u00eb ndryshimin. Sipas [&hellip;]<\/p>\n","protected":false,"gt_translate_keys":[{"key":"rendered","format":"html"}]},"author":51,"featured_media":591995,"comment_status":"closed","ping_status":"closed","sticky":false,"template":"","format":"standard","meta":{"footnotes":""},"categories":[65,13],"tags":[],"class_list":["post-591994","post","type-post","status-publish","format-standard","has-post-thumbnail","hentry","category-lajme","category-te-fundit"],"gt_translate_keys":[{"key":"link","format":"url"}],"_links":{"self":[{"href":"https:\/\/www.hashtag.al\/index.php\/wp-json\/wp\/v2\/posts\/591994","targetHints":{"allow":["GET"]}}],"collection":[{"href":"https:\/\/www.hashtag.al\/index.php\/wp-json\/wp\/v2\/posts"}],"about":[{"href":"https:\/\/www.hashtag.al\/index.php\/wp-json\/wp\/v2\/types\/post"}],"author":[{"embeddable":true,"href":"https:\/\/www.hashtag.al\/index.php\/wp-json\/wp\/v2\/users\/51"}],"replies":[{"embeddable":true,"href":"https:\/\/www.hashtag.al\/index.php\/wp-json\/wp\/v2\/comments?post=591994"}],"version-history":[{"count":0,"href":"https:\/\/www.hashtag.al\/index.php\/wp-json\/wp\/v2\/posts\/591994\/revisions"}],"wp:featuredmedia":[{"embeddable":true,"href":"https:\/\/www.hashtag.al\/index.php\/wp-json\/wp\/v2\/media\/591995"}],"wp:attachment":[{"href":"https:\/\/www.hashtag.al\/index.php\/wp-json\/wp\/v2\/media?parent=591994"}],"wp:term":[{"taxonomy":"category","embeddable":true,"href":"https:\/\/www.hashtag.al\/index.php\/wp-json\/wp\/v2\/categories?post=591994"},{"taxonomy":"post_tag","embeddable":true,"href":"https:\/\/www.hashtag.al\/index.php\/wp-json\/wp\/v2\/tags?post=591994"}],"curies":[{"name":"wp","href":"https:\/\/api.w.org\/{rel}","templated":true}]}}