{"id":591680,"date":"2023-04-21T16:58:04","date_gmt":"2023-04-21T14:58:04","guid":{"rendered":"https:\/\/www.hashtag.al\/?p=591680"},"modified":"2023-04-21T16:58:04","modified_gmt":"2023-04-21T14:58:04","slug":"bejko-takim-me-mesues-ne-tirane-arsimi-prioritet-kryesor-cerdhet-dhe-kopshtet-te-jene-jo-me-larg-se-15-min","status":"publish","type":"post","link":"https:\/\/www.hashtag.al\/index.php\/2023\/04\/21\/bejko-takim-me-mesues-ne-tirane-arsimi-prioritet-kryesor-cerdhet-dhe-kopshtet-te-jene-jo-me-larg-se-15-min\/","title":{"rendered":"Bejko takim me m\u00ebsues n\u00eb Tiran\u00eb: Arsimi prioritet kryesor, \u00e7erdhet dhe kopshtet t\u00eb jen\u00eb jo m\u00eb larg se 15 min","gt_translate_keys":[{"key":"rendered","format":"text"}]},"content":{"rendered":"<p><span style=\"color: #000000;\"><a style=\"color: #000000;\" href=\"https:\/\/www.hashtag.al\/wp-content\/uploads\/2023\/04\/bejko-1.jpg\"><img loading=\"lazy\" decoding=\"async\" class=\"aligncenter size-full wp-image-591681\" src=\"https:\/\/www.hashtag.al\/wp-content\/uploads\/2023\/04\/bejko-1.jpg\" alt=\"\" width=\"780\" height=\"440\" srcset=\"https:\/\/www.hashtag.al\/wp-content\/uploads\/2023\/04\/bejko-1.jpg 780w, https:\/\/www.hashtag.al\/wp-content\/uploads\/2023\/04\/bejko-1-300x169.jpg 300w, https:\/\/www.hashtag.al\/wp-content\/uploads\/2023\/04\/bejko-1-768x433.jpg 768w\" sizes=\"auto, (max-width: 780px) 100vw, 780px\" \/><\/a><\/span><\/p>\n<p><span style=\"color: #000000;\">Kandidati PD-s\u00eb p\u00ebr Bashkin\u00eb e Tiran\u00ebs, Roland Bejko zhvilloi dit\u00ebn e sotme nj\u00eb takim me m\u00ebsues, ku ka paraqitur edhe programin e tij p\u00ebr arsimin.<\/span><\/p>\n<p><span style=\"color: #000000;\">Bejko tha se arsimi \u00ebsht\u00eb prioritet p\u00ebr ta dhe nj\u00eb nder pikat kryesore t\u00eb programit.<\/span><\/p>\n<p><span style=\"color: #000000;\">Bejko tha se n\u00eb baz\u00eb t\u00eb programit t\u00eb tyre do t\u00eb pozicionojn\u00eb kopshtet dhe \u00e7erdhet jo m\u00eb tep\u00ebr se 15 minuta larg sht\u00ebpis\u00eb, dhe kjo do t\u00eb realizohet n\u00eb baz\u00eb t\u00eb Hart\u00ebs s\u00eb \u00c7erdheve dhe Kopshteve sipas rrezes s\u00eb vendbanimit t\u00eb f\u00ebmij\u00ebve.<\/span><\/p>\n<p><span style=\"color: #000000;\">Sipas Bejkos, kjo do t\u00eb sillte shp\u00ebrndarje t\u00eb kontrolluar t\u00eb numrit t\u00eb f\u00ebmij\u00ebve dhe p\u00ebr ta b\u00ebr\u00eb t\u00eb mundur do t\u00eb marrin ambiente me qira, krahas nd\u00ebrtimit t\u00eb kopshteve dhe \u00e7erdheve t\u00eb reja.<\/span><\/p>\n<p><span style=\"color: #000000;\"><strong>Pjes\u00eb nga fjala e Bejkos<\/strong><\/span><\/p>\n<p><span style=\"color: #000000;\">\u201cArsimi \u00ebsht\u00eb nj\u00eb prioritet p\u00ebr ekipin ton\u00eb! P\u00ebr k\u00ebt\u00eb arsye n\u00eb takimin me pedagog\u00eb t\u00eb njohur ndam\u00eb vizionin ton\u00eb p\u00ebr arsimin n\u00eb krye t\u00eb Bashkis\u00eb Tiran\u00eb, por mor\u00ebm edhe sugjerime me shum\u00eb vler\u00eb.<\/span><\/p>\n<p><span style=\"color: #000000;\">M\u00eb posht\u00eb disa nga pikat q\u00eb ne kemi p\u00ebr arsimin e Tiran\u00ebs n\u00eb t\u00eb gjitha ciklet:<\/span><\/p>\n<p><span style=\"color: #000000;\">Sh\u00ebrbimi \u00a815 min larg sht\u00ebpis\u00eb\u00a8 bazuar n\u00eb Hart\u00ebn e \u00c7erdheve dhe Kopshteve sipas rrezes s\u00eb vendbanimit t\u00eb f\u00ebmij\u00ebve do t\u00eb sillte shp\u00ebrndarje t\u00eb kontrolluar t\u00eb numrit t\u00eb f\u00ebmij\u00ebve n\u00eb to dhe marrja e ambienteve me qira \u00ebsht\u00eb zgjidhje emergjente, krahas nd\u00ebrtimit t\u00eb \u00e7erdheve dhe kopshteve t\u00eb reja.<\/span><\/p>\n<p><span style=\"color: #000000;\">\u00a0Kjo do t\u00eb sillte:<\/span><\/p>\n<p><span style=\"color: #000000;\">a) Ulje t\u00eb numrin t\u00eb madh t\u00eb f\u00ebmij\u00ebve dhe rritje t\u00eb siguris\u00eb s\u00eb tyre (domosdoshm\u00ebri);<\/span><\/p>\n<p><span style=\"color: #000000;\">b) Hap\u00ebsir\u00ebn e nevojshme p\u00ebr aj\u00ebr p\u00ebr met\u00ebr kub p\u00ebr f\u00ebmij\u00eb (jetike);<\/span><\/p>\n<p><span style=\"color: #000000;\">c) Hap\u00ebsir\u00eb p\u00ebr ambiente t\u00eb ndara p\u00ebr t\u00eb luajtur, m\u00ebsuar, ushqyer dhe p\u00ebr t\u00eb fjetur.<\/span><\/p>\n<p><span style=\"color: #000000;\">d) Leht\u00ebsim t\u00eb trafikut pasi nj\u00eb pjes\u00eb e f\u00ebmij\u00ebve vijn\u00eb nga zona t\u00eb ndryshme p\u00ebr arsye t\u00eb munges\u00ebs s\u00eb sh\u00ebrbimeve af\u00ebr vendbanimeve t\u00eb tyre, prind\u00ebr q\u00eb punojn\u00eb n\u00eb Bashki, prind\u00ebrve n\u00eb administrat\u00ebn shtet\u00ebrore ose kan\u00eb biznes apo qendr\u00ebn e pun\u00ebs pran\u00eb kopshteve dhe \u00e7erdheve.<\/span><\/p>\n<p><span style=\"color: #000000;\">Do te nd\u00ebrtohen 10 \u00e7erdhe dhe kopshte t\u00eb reja n\u00eb m\u00ebnyr\u00eb t\u00eb balancuar midis qendr\u00ebs s\u00eb qytetit dhe lagjeve periferike duke u ardhur n\u00eb ndihm\u00eb njer\u00ebzve q\u00eb punojn\u00eb. Nga k\u00ebto kopshte dhe \u00e7erdhe, dy prej tyre do t\u00eb jen\u00eb domosdoshm\u00ebrish t\u00eb vendosura pran\u00eb zon\u00ebs industriale t\u00eb autostrad\u00ebs Tiran\u00eb-Durr\u00ebs ku prind\u00ebrit q\u00eb punojn\u00eb n\u00eb k\u00ebt\u00eb zon\u00eb do ta ken\u00eb m\u00eb t\u00eb leht\u00eb t\u00eb \u00e7ojn\u00eb dhe t\u00eb marrin f\u00ebmij\u00ebt e tyre.<\/span><\/p>\n<p><span style=\"color: #000000;\">Shqip\u00ebria me pozicionin e saj gjeografik ku dielli \u00ebsht\u00eb prezent 76% n\u00eb vit ose 280 dit\u00eb n\u00eb vit na fton t\u00eb p\u00ebrfitojm\u00eb nga gjith\u00eb kjo energji alternative, duke p\u00ebrdorur Panele Diellore p\u00ebr energji dhe ngrohje. Kudo ku t\u00eb ket\u00eb mund\u00ebsi n\u00eb kopshtet dhe \u00e7erdhet e qytetit do t\u00eb instalohen Panele Diellore q\u00eb do tu mund\u00ebsojn\u00eb vog\u00eblush\u00ebve ujin e ngroht\u00eb dhe ngrohje konstante gjat\u00eb muajve t\u00eb dimrit.<\/span><\/p>\n<p>&nbsp;<\/p>\n","protected":false,"gt_translate_keys":[{"key":"rendered","format":"html"}]},"excerpt":{"rendered":"<p>Kandidati PD-s\u00eb p\u00ebr Bashkin\u00eb e Tiran\u00ebs, Roland Bejko zhvilloi dit\u00ebn e sotme nj\u00eb takim me m\u00ebsues, ku ka paraqitur edhe programin e tij p\u00ebr arsimin. Bejko tha se arsimi \u00ebsht\u00eb prioritet p\u00ebr ta dhe nj\u00eb nder pikat kryesore t\u00eb programit. Bejko tha se n\u00eb baz\u00eb t\u00eb programit t\u00eb tyre do t\u00eb pozicionojn\u00eb kopshtet dhe \u00e7erdhet [&hellip;]<\/p>\n","protected":false,"gt_translate_keys":[{"key":"rendered","format":"html"}]},"author":32,"featured_media":591681,"comment_status":"closed","ping_status":"closed","sticky":false,"template":"","format":"standard","meta":{"footnotes":""},"categories":[65,13],"tags":[],"class_list":["post-591680","post","type-post","status-publish","format-standard","has-post-thumbnail","hentry","category-lajme","category-te-fundit"],"gt_translate_keys":[{"key":"link","format":"url"}],"_links":{"self":[{"href":"https:\/\/www.hashtag.al\/index.php\/wp-json\/wp\/v2\/posts\/591680","targetHints":{"allow":["GET"]}}],"collection":[{"href":"https:\/\/www.hashtag.al\/index.php\/wp-json\/wp\/v2\/posts"}],"about":[{"href":"https:\/\/www.hashtag.al\/index.php\/wp-json\/wp\/v2\/types\/post"}],"author":[{"embeddable":true,"href":"https:\/\/www.hashtag.al\/index.php\/wp-json\/wp\/v2\/users\/32"}],"replies":[{"embeddable":true,"href":"https:\/\/www.hashtag.al\/index.php\/wp-json\/wp\/v2\/comments?post=591680"}],"version-history":[{"count":0,"href":"https:\/\/www.hashtag.al\/index.php\/wp-json\/wp\/v2\/posts\/591680\/revisions"}],"wp:featuredmedia":[{"embeddable":true,"href":"https:\/\/www.hashtag.al\/index.php\/wp-json\/wp\/v2\/media\/591681"}],"wp:attachment":[{"href":"https:\/\/www.hashtag.al\/index.php\/wp-json\/wp\/v2\/media?parent=591680"}],"wp:term":[{"taxonomy":"category","embeddable":true,"href":"https:\/\/www.hashtag.al\/index.php\/wp-json\/wp\/v2\/categories?post=591680"},{"taxonomy":"post_tag","embeddable":true,"href":"https:\/\/www.hashtag.al\/index.php\/wp-json\/wp\/v2\/tags?post=591680"}],"curies":[{"name":"wp","href":"https:\/\/api.w.org\/{rel}","templated":true}]}}