{"id":591677,"date":"2023-04-21T16:26:45","date_gmt":"2023-04-21T14:26:45","guid":{"rendered":"https:\/\/www.hashtag.al\/?p=591677"},"modified":"2023-04-21T16:26:45","modified_gmt":"2023-04-21T14:26:45","slug":"plagosi-nje-vit-me-pare-nje-person-ne-sarande-arrestohet-ne-korfuz-38-vjecari","status":"publish","type":"post","link":"https:\/\/www.hashtag.al\/index.php\/2023\/04\/21\/plagosi-nje-vit-me-pare-nje-person-ne-sarande-arrestohet-ne-korfuz-38-vjecari\/","title":{"rendered":"Plagosi nj\u00eb vit m\u00eb par\u00eb nj\u00eb person n\u00eb Sarand\u00eb, arrestohet n\u00eb Korfuz 38-vje\u00e7ari","gt_translate_keys":[{"key":"rendered","format":"text"}]},"content":{"rendered":"<p><span style=\"color: #000000;\"><a style=\"color: #000000;\" href=\"https:\/\/www.hashtag.al\/wp-content\/uploads\/2023\/04\/arrestim-korfuz.jpg\"><img loading=\"lazy\" decoding=\"async\" class=\"aligncenter size-full wp-image-591678\" src=\"https:\/\/www.hashtag.al\/wp-content\/uploads\/2023\/04\/arrestim-korfuz.jpg\" alt=\"\" width=\"1920\" height=\"1200\" srcset=\"https:\/\/www.hashtag.al\/wp-content\/uploads\/2023\/04\/arrestim-korfuz.jpg 1920w, https:\/\/www.hashtag.al\/wp-content\/uploads\/2023\/04\/arrestim-korfuz-300x188.jpg 300w, https:\/\/www.hashtag.al\/wp-content\/uploads\/2023\/04\/arrestim-korfuz-1024x640.jpg 1024w, https:\/\/www.hashtag.al\/wp-content\/uploads\/2023\/04\/arrestim-korfuz-768x480.jpg 768w, https:\/\/www.hashtag.al\/wp-content\/uploads\/2023\/04\/arrestim-korfuz-1536x960.jpg 1536w\" sizes=\"auto, (max-width: 1920px) 100vw, 1920px\" \/><\/a><\/span><\/p>\n<p><span style=\"color: #000000;\">Policia greke ka arrestuar nj\u00eb shtetas shqiptar t\u00eb shpallur n\u00eb k\u00ebrkim p\u00ebr plagosje rreth nj\u00eb vit m\u00eb par\u00eb n\u00eb Sarand\u00eb.<\/span><\/p>\n<p><span style=\"color: #000000;\">38-vje\u00e7ari E. A, tentoi t\u00eb vriste nj\u00eb shtetas, rreth nj\u00eb vit m\u00eb par\u00eb, n\u00eb Sarand\u00eb, duke e goditur disa her\u00eb me mjet prer\u00ebs.<\/span><\/p>\n<p><span style=\"color: #000000;\">Ai u kap n\u00eb Korfuz pas informacioneve q\u00eb policia shqiptare p\u00ebrcolli p\u00ebr at\u00eb greke mbi vendndodhjen e tij.<\/span><\/p>\n<p><span style=\"color: #000000;\">Ndaj 38-vje\u00e7arit, Gjykata e Rrethit Gjyq\u00ebsor Sarand\u00eb ka caktuar mas\u00ebn e siguris\u00eb \u201cArrest n\u00eb burg\u201d, p\u00ebr vepr\u00ebn penale \u201cVrasja me dashje\u201d, mbetur n\u00eb tentativ\u00eb. M\u00eb dat\u00eb 09.04.2022, n\u00eb lagjen nr. 1, Sarand\u00eb, dyshohet se pas nj\u00eb konflikti t\u00eb \u00e7astit, shtetasi E. A. ka goditur disa her\u00eb me mjet prer\u00ebs (thik\u00eb), n\u00eb pjes\u00eb t\u00eb ndryshme t\u00eb trupit, shtetasin D. M. dhe i ka shkaktuar atij, d\u00ebme serioze p\u00ebr jet\u00ebn dhe sh\u00ebndetin.<\/span><\/p>\n<p><span style=\"color: #000000;\"><strong>Njoftimi i policis\u00eb.<\/strong><\/span><\/p>\n<p><span style=\"color: #000000;\">Finalizohet nj\u00eb tjet\u00ebr operacion i p\u00ebrbashk\u00ebt me homolog\u00ebt, p\u00ebr lokalizimin dhe kapjen e shtetasve t\u00eb k\u00ebrkuar nd\u00ebrkomb\u00ebtarisht, p\u00ebr krime kund\u00ebr personit.<\/span><\/p>\n<p><span style=\"color: #000000;\">Operacioni policor i koduar \u201cIshulli\u201c, u finalizua si rezultat i bashk\u00ebpunimit nd\u00ebrmjet Policis\u00eb s\u00eb Shtetit dhe Policis\u00eb s\u00eb Greqis\u00eb, si dhe fal\u00eb shk\u00ebmbimit t\u00eb informacionit nd\u00ebrmjet Interpol Tiran\u00ebs dhe Interpol Athin\u00ebs.<\/span><\/p>\n<p><span style=\"color: #000000;\">Tentoi t\u00eb vriste nj\u00eb shtetas, rreth nj\u00eb vit m\u00eb par\u00eb, n\u00eb Sarand\u00eb, duke e goditur disa her\u00eb me mjet prer\u00ebs (thik\u00eb), kapet n\u00eb Korfuz dhe arrestohet p\u00ebr t\u2019u ekstraduar drejt vendit ton\u00eb, 38-vje\u00e7ari i shpallur n\u00eb k\u00ebrkim.<\/span><\/p>\n<p><span style=\"color: #000000;\">N\u00eb kuad\u00ebr t\u00eb bashk\u00ebpunimit t\u00eb vazhduesh\u00ebm me partner\u00ebt nd\u00ebrkomb\u00ebtar\u00eb, me q\u00ebllim lokalizimin, arrestimin dhe ekstradimin e shtetasve t\u00eb shpallur n\u00eb k\u00ebrkim nd\u00ebrkomb\u00ebtar p\u00ebr vepra t\u00eb ndryshme penale dhe si rezultat i shk\u00ebmbimit t\u00eb menj\u00ebhersh\u00ebm t\u00eb informacionit nd\u00ebrmjet Policis\u00eb s\u00eb Shtetit dhe Policis\u00eb s\u00eb Greqis\u00eb, p\u00ebr vendndodhjen e nj\u00eb shtetasi t\u00eb k\u00ebrkuar p\u00ebr krime kund\u00ebr personit, kan\u00eb organizuar dhe finalizuar operacionin policor t\u00eb koduar \u201cIshulli\u201d,<\/span><\/p>\n<p><span style=\"color: #000000;\">Si rezultat i k\u00ebtij operacioni, \u00ebsht\u00eb kapur n\u00eb Korfuz, Greqi dhe \u00ebsht\u00eb arrestuar p\u00ebrkoh\u00ebsisht, me q\u00ebllim ekstradimin drejt vendit ton\u00eb, shtetasi i shpallur n\u00eb k\u00ebrkim nd\u00ebrkomb\u00ebtar E. A., 38 vje\u00e7, banues n\u00eb Sarand\u00eb.<\/span><\/p>\n<p><span style=\"color: #000000;\">Ndaj 38-vje\u00e7arit, Gjykata e Rrethit Gjyq\u00ebsor Sarand\u00eb ka caktuar mas\u00ebn e siguris\u00eb \u201cArrest n\u00eb burg\u201d, p\u00ebr vepr\u00ebn penale \u201cVrasja me dashje\u201d, mbetur n\u00eb tentativ\u00eb. M\u00eb dat\u00eb 09.04.2022, n\u00eb lagjen nr. 1, Sarand\u00eb, dyshohet se pas nj\u00eb konflikti t\u00eb \u00e7astit, shtetasi E. A. ka goditur disa her\u00eb me mjet prer\u00ebs (thik\u00eb), n\u00eb pjes\u00eb t\u00eb ndryshme t\u00eb trupit, shtetasin D. M. dhe i ka shkaktuar atij, d\u00ebme serioze p\u00ebr jet\u00ebn dhe sh\u00ebndetin.<\/span><\/p>\n<p><span style=\"color: #000000;\">Interpol Tirana, n\u00eb bashk\u00ebpunim me Interpol Athin\u00ebn, vijojn\u00eb veprimet p\u00ebr ekstradimin e 38-vje\u00e7arit, drejt vendit ton\u00eb.<\/span><\/p>\n","protected":false,"gt_translate_keys":[{"key":"rendered","format":"html"}]},"excerpt":{"rendered":"<p>Policia greke ka arrestuar nj\u00eb shtetas shqiptar t\u00eb shpallur n\u00eb k\u00ebrkim p\u00ebr plagosje rreth nj\u00eb vit m\u00eb par\u00eb n\u00eb Sarand\u00eb. 38-vje\u00e7ari E. A, tentoi t\u00eb vriste nj\u00eb shtetas, rreth nj\u00eb vit m\u00eb par\u00eb, n\u00eb Sarand\u00eb, duke e goditur disa her\u00eb me mjet prer\u00ebs. Ai u kap n\u00eb Korfuz pas informacioneve q\u00eb policia shqiptare p\u00ebrcolli p\u00ebr [&hellip;]<\/p>\n","protected":false,"gt_translate_keys":[{"key":"rendered","format":"html"}]},"author":32,"featured_media":591678,"comment_status":"closed","ping_status":"closed","sticky":false,"template":"","format":"standard","meta":{"footnotes":""},"categories":[65,13],"tags":[],"class_list":["post-591677","post","type-post","status-publish","format-standard","has-post-thumbnail","hentry","category-lajme","category-te-fundit"],"gt_translate_keys":[{"key":"link","format":"url"}],"_links":{"self":[{"href":"https:\/\/www.hashtag.al\/index.php\/wp-json\/wp\/v2\/posts\/591677","targetHints":{"allow":["GET"]}}],"collection":[{"href":"https:\/\/www.hashtag.al\/index.php\/wp-json\/wp\/v2\/posts"}],"about":[{"href":"https:\/\/www.hashtag.al\/index.php\/wp-json\/wp\/v2\/types\/post"}],"author":[{"embeddable":true,"href":"https:\/\/www.hashtag.al\/index.php\/wp-json\/wp\/v2\/users\/32"}],"replies":[{"embeddable":true,"href":"https:\/\/www.hashtag.al\/index.php\/wp-json\/wp\/v2\/comments?post=591677"}],"version-history":[{"count":0,"href":"https:\/\/www.hashtag.al\/index.php\/wp-json\/wp\/v2\/posts\/591677\/revisions"}],"wp:featuredmedia":[{"embeddable":true,"href":"https:\/\/www.hashtag.al\/index.php\/wp-json\/wp\/v2\/media\/591678"}],"wp:attachment":[{"href":"https:\/\/www.hashtag.al\/index.php\/wp-json\/wp\/v2\/media?parent=591677"}],"wp:term":[{"taxonomy":"category","embeddable":true,"href":"https:\/\/www.hashtag.al\/index.php\/wp-json\/wp\/v2\/categories?post=591677"},{"taxonomy":"post_tag","embeddable":true,"href":"https:\/\/www.hashtag.al\/index.php\/wp-json\/wp\/v2\/tags?post=591677"}],"curies":[{"name":"wp","href":"https:\/\/api.w.org\/{rel}","templated":true}]}}