{"id":591571,"date":"2023-04-20T21:19:30","date_gmt":"2023-04-20T19:19:30","guid":{"rendered":"https:\/\/www.hashtag.al\/?p=591571"},"modified":"2023-04-20T21:19:30","modified_gmt":"2023-04-20T19:19:30","slug":"qeveria-nxjerr-rregullat-e-reja-per-financimin-e-zyrave-me-qira-per-partite-politike","status":"publish","type":"post","link":"https:\/\/www.hashtag.al\/index.php\/2023\/04\/20\/qeveria-nxjerr-rregullat-e-reja-per-financimin-e-zyrave-me-qira-per-partite-politike\/","title":{"rendered":"Qeveria nxjerr rregullat e reja p\u00ebr financimin e zyrave me qira p\u00ebr partit\u00eb politike","gt_translate_keys":[{"key":"rendered","format":"text"}]},"content":{"rendered":"<p><span style=\"color: #000000;\"><a style=\"color: #000000;\" href=\"https:\/\/www.hashtag.al\/wp-content\/uploads\/2023\/04\/pszyra1.jpeg\"><img loading=\"lazy\" decoding=\"async\" class=\"aligncenter size-full wp-image-591572\" src=\"https:\/\/www.hashtag.al\/wp-content\/uploads\/2023\/04\/pszyra1.jpeg\" alt=\"\" width=\"1280\" height=\"853\" srcset=\"https:\/\/www.hashtag.al\/wp-content\/uploads\/2023\/04\/pszyra1.jpeg 1280w, https:\/\/www.hashtag.al\/wp-content\/uploads\/2023\/04\/pszyra1-300x200.jpeg 300w, https:\/\/www.hashtag.al\/wp-content\/uploads\/2023\/04\/pszyra1-1024x682.jpeg 1024w, https:\/\/www.hashtag.al\/wp-content\/uploads\/2023\/04\/pszyra1-768x512.jpeg 768w\" sizes=\"auto, (max-width: 1280px) 100vw, 1280px\" \/><\/a><\/span><\/p>\n<p><span style=\"color: #000000;\">Qeveria ka nxjerr\u00eb vendimin p\u00ebr rregullat dhe financimin p\u00ebr zyrat me qira p\u00ebr partit\u00eb politike n\u00eb nivel qendror dhe vendor.<\/span><\/p>\n<p><span style=\"color: #000000;\">Shteti financon p\u00ebr qiran\u00eb e nd\u00ebrtes\u00ebs s\u00eb selis\u00eb qendrore dhe p\u00ebr jo m\u00eb shum\u00eb se nj\u00eb zyr\u00eb vendore p\u00ebr \u00e7do parti, brenda territorit t\u00eb nj\u00eb bashkie.<\/span><\/p>\n<p><span style=\"color: #000000;\">Shteti financon qiran\u00eb e nd\u00ebrtes\u00ebs p\u00ebr nj\u00eb sip\u00ebrfaqe jo m\u00eb shum\u00eb se 100 m2 p\u00ebr selin\u00eb qendrore dhe jo m\u00eb shum\u00eb se 50 m2 p\u00ebr zyrat vendore t\u00eb partis\u00eb politike, p\u00ebr nj\u00eb vler\u00eb jo m\u00eb shum\u00eb se 1 000 lek\u00eb\/m2 n\u00eb muaj p\u00ebr zyra me pajisje dhe jo m\u00eb shum\u00eb se 750 lek\u00eb\/m2 n\u00eb muaj p\u00ebr zyra pa pajisje.<\/span><\/p>\n<p><span style=\"color: #000000;\">Vendimi i qeveris\u00eb vjen n\u00eb zbatim t\u00eb ligjit p\u00ebr partit\u00eb politike, ku detajet dhe rregullat e financimit t\u00eb partive politike p\u00ebr marrjen me qira t\u00eb zyrave p\u00ebrcaktohen nga K\u00ebshilli i Ministrave.<\/span><\/p>\n<p><span style=\"color: #000000;\">N\u00eb rregullat e reja t\u00eb miratuara, partit\u00eb politike fituese t\u00eb s\u00eb drejt\u00ebs p\u00ebr t\u00eb marr\u00eb financim p\u00ebr qiran\u00eb e zyr\u00ebs duhet t\u00eb ken\u00eb marr\u00eb t\u00eb pakt\u00ebn mbi 1% t\u00eb votave n\u00eb tre zgjedhjet e fundit. K\u00ebrkesa d\u00ebrgohet n\u00eb Ministrin\u00eb e Brendshme dhe n\u00eb brend\u00ebsi t\u00eb saj duhet t\u00eb ket\u00eb v\u00ebrtetimin e KQZ p\u00ebr rezultatin zgjedhor t\u00eb tre zgjedhjeve t\u00eb fundit t\u00eb partis\u00eb politike dhe v\u00ebrtetimin nga Kuvendit t\u00eb numrit t\u00eb deputet\u00ebve me t\u00eb cil\u00ebn p\u00ebrfaq\u00ebsohet n\u00eb parlament partia politike.<\/span><\/p>\n<p><span style=\"color: #000000;\">N\u00eb rregullat e p\u00ebrcaktuara nga qeveria, Ministria e Brendshme dhe Ministria e Financave vler\u00ebsojn\u00eb n\u00ebse ka prona t\u00eb lira n\u00eb pron\u00ebsi t\u00eb shtetit p\u00ebr t\u2019ia kaluar partin\u00eb politike, n\u00ebse nuk gjenden, at\u00ebher\u00eb partit\u00eb politike duhet ta gjejn\u00eb vet\u00eb dhe ti d\u00ebrgojn\u00eb Ministris\u00eb s\u00eb Brendshme dhe Ministris\u00eb s\u00eb Financave detajet e marr\u00ebveshjes s\u00eb qiran\u00eb.<\/span><\/p>\n<p>&nbsp;<\/p>\n","protected":false,"gt_translate_keys":[{"key":"rendered","format":"html"}]},"excerpt":{"rendered":"<p>Qeveria ka nxjerr\u00eb vendimin p\u00ebr rregullat dhe financimin p\u00ebr zyrat me qira p\u00ebr partit\u00eb politike n\u00eb nivel qendror dhe vendor. Shteti financon p\u00ebr qiran\u00eb e nd\u00ebrtes\u00ebs s\u00eb selis\u00eb qendrore dhe p\u00ebr jo m\u00eb shum\u00eb se nj\u00eb zyr\u00eb vendore p\u00ebr \u00e7do parti, brenda territorit t\u00eb nj\u00eb bashkie. Shteti financon qiran\u00eb e nd\u00ebrtes\u00ebs p\u00ebr nj\u00eb sip\u00ebrfaqe jo [&hellip;]<\/p>\n","protected":false,"gt_translate_keys":[{"key":"rendered","format":"html"}]},"author":32,"featured_media":591572,"comment_status":"closed","ping_status":"closed","sticky":false,"template":"","format":"standard","meta":{"footnotes":""},"categories":[65,13],"tags":[],"class_list":["post-591571","post","type-post","status-publish","format-standard","has-post-thumbnail","hentry","category-lajme","category-te-fundit"],"gt_translate_keys":[{"key":"link","format":"url"}],"_links":{"self":[{"href":"https:\/\/www.hashtag.al\/index.php\/wp-json\/wp\/v2\/posts\/591571","targetHints":{"allow":["GET"]}}],"collection":[{"href":"https:\/\/www.hashtag.al\/index.php\/wp-json\/wp\/v2\/posts"}],"about":[{"href":"https:\/\/www.hashtag.al\/index.php\/wp-json\/wp\/v2\/types\/post"}],"author":[{"embeddable":true,"href":"https:\/\/www.hashtag.al\/index.php\/wp-json\/wp\/v2\/users\/32"}],"replies":[{"embeddable":true,"href":"https:\/\/www.hashtag.al\/index.php\/wp-json\/wp\/v2\/comments?post=591571"}],"version-history":[{"count":0,"href":"https:\/\/www.hashtag.al\/index.php\/wp-json\/wp\/v2\/posts\/591571\/revisions"}],"wp:featuredmedia":[{"embeddable":true,"href":"https:\/\/www.hashtag.al\/index.php\/wp-json\/wp\/v2\/media\/591572"}],"wp:attachment":[{"href":"https:\/\/www.hashtag.al\/index.php\/wp-json\/wp\/v2\/media?parent=591571"}],"wp:term":[{"taxonomy":"category","embeddable":true,"href":"https:\/\/www.hashtag.al\/index.php\/wp-json\/wp\/v2\/categories?post=591571"},{"taxonomy":"post_tag","embeddable":true,"href":"https:\/\/www.hashtag.al\/index.php\/wp-json\/wp\/v2\/tags?post=591571"}],"curies":[{"name":"wp","href":"https:\/\/api.w.org\/{rel}","templated":true}]}}