{"id":591481,"date":"2023-04-20T13:29:31","date_gmt":"2023-04-20T11:29:31","guid":{"rendered":"https:\/\/www.hashtag.al\/?p=591481"},"modified":"2023-04-20T13:29:31","modified_gmt":"2023-04-20T11:29:31","slug":"alibeaj-takim-me-strukturat-ne-kavaje-shtrirja-e-dores-nuk-ka-qene-ndaj-berishes-i-jemi-drejtuar-pjeses-tjeter","status":"publish","type":"post","link":"https:\/\/www.hashtag.al\/index.php\/2023\/04\/20\/alibeaj-takim-me-strukturat-ne-kavaje-shtrirja-e-dores-nuk-ka-qene-ndaj-berishes-i-jemi-drejtuar-pjeses-tjeter\/","title":{"rendered":"Alibeaj takim me strukturat n\u00eb Kavaj\u00eb: Shtrirja e dor\u00ebs nuk ka qen\u00eb ndaj Berish\u00ebs, i jemi drejtuar pjes\u00ebs tjet\u00ebr","gt_translate_keys":[{"key":"rendered","format":"text"}]},"content":{"rendered":"<p><span style=\"color: #000000;\"><a href=\"https:\/\/www.hashtag.al\/wp-content\/uploads\/2023\/04\/1681987909_Screenshot10.jpg\"><img loading=\"lazy\" decoding=\"async\" class=\"aligncenter size-full wp-image-591482\" src=\"https:\/\/www.hashtag.al\/wp-content\/uploads\/2023\/04\/1681987909_Screenshot10.jpg\" alt=\"\" width=\"780\" height=\"440\" srcset=\"https:\/\/www.hashtag.al\/wp-content\/uploads\/2023\/04\/1681987909_Screenshot10.jpg 780w, https:\/\/www.hashtag.al\/wp-content\/uploads\/2023\/04\/1681987909_Screenshot10-300x169.jpg 300w, https:\/\/www.hashtag.al\/wp-content\/uploads\/2023\/04\/1681987909_Screenshot10-768x433.jpg 768w\" sizes=\"auto, (max-width: 780px) 100vw, 780px\" \/><\/a><\/span><\/p>\n<p><span style=\"color: #000000;\">Kreu i komanduar i PD Enkelejd Alibeaj ka zhvilluar nj\u00eb takim me strukturat n\u00eb qytetin e Kavaj\u00ebs.<\/span><\/p>\n<p><span style=\"color: #000000;\">N\u00eb fjal\u00ebn e tij, Alibeaj shprehu se gjithmon\u00eb ka qen\u00eb me shtrirje dore ndja demokrat\u00ebve p\u00ebr t\u00eb mos e p\u00ebr\u00e7ar\u00eb Partin\u00eb Demokratike. Alibeaj shtoi se kjo shtrirje dore nuk ka q\u00ebn\u00eb ndaj Sali Berish\u00ebs dhe se ofertat jan\u00eb b\u00ebr\u00eb, vet\u00ebm q\u00eb Berisha mos krijonte struktura paralele t\u00eb drejtuara prej tij. Alibeaj theksoi se Sali Berisha ka refuzuar \u00e7do lloj bashk\u00ebpunimi.<\/span><\/p>\n<p><span style=\"color: #000000;\">N\u00eb vijim Alibeaj, tha se e keqja m\u00eb e madhe e vendit quhet Edi Rama, i cili ka 60 bashki fal\u00eb gabimit t\u00eb PD q\u00eb nuk u fut\u00ebn n\u00eb zgjedhjet e 2019.<\/span><\/p>\n<p><span style=\"color: #000000;\"><em>\u201cN\u00eb momentin kur k\u00ebrkuam q\u00eb n\u00eb zgjedhjet lokale k\u00ebto q\u00eb po vijn\u00eb tashm\u00eb, t\u00eb mund ta ruanim t\u00eb pap\u00ebr\u00e7ar\u00eb Partin\u00eb Demokratike. Gjithmon\u00eb kemi qen\u00eb me ofert\u00eb, me shtrirje dore, jo ndaj Sali Berish\u00ebs, q\u00eb t\u00eb jemi t\u00eb qart\u00eb. T\u00eb gjitha ofertat q\u00eb kemi b\u00ebr\u00eb ne q\u00eb n\u00eb prill n\u00ebse e mbani mend, ka qen\u00eb q\u00eb t\u00eb mos krijoheshin struktura paralele t\u00eb drejtuara prej tij. Ndaj gjith\u00eb pjes\u00ebs tjet\u00ebr, demokrat\u00ebtve q\u00eb dy vite m\u00eb par\u00eb kemi qen\u00eb bashk\u00eb. Q\u00eb n\u00eb zgjedhjet e 2021 apo m\u00eb par\u00eb. Edhe k\u00ebrkesa p\u00ebr t\u00eb dal\u00eb me nj\u00eb kandidat, n\u00ebn logon e Partis\u00eb Demokratike nuk I drejtohej atij, I drejtohej pjes\u00ebs tjet\u00ebr, v\u00ebllez\u00ebrve dhe motrave tan\u00eb, k\u00ebtu n\u00eb Kavaj\u00eb. Sepse e keqja m\u00eb e madhe q\u00eb \u00ebsht\u00eb n\u00eb k\u00ebt\u00eb vend ka nj\u00eb em\u00ebr, quhet Edi Rama. Edi Rama dhe Edi Ramat e vegj\u00ebl n\u00ebp\u00ebr bashki, q\u00eb fatkeq\u00ebsisht sot jan\u00eb n\u00eb 60 bashki fal gabimit ton\u00eb fatal n\u00eb zgjedhjet e 2019-\u00ebs q\u00eb nuk u fut\u00ebm n\u00eb zgjedhje. E pra, k\u00ebto kan\u00eb qen\u00eb sjellje, q\u00ebndrime, pozicione tonat p\u00ebr t\u00eb mir\u00ebn jo vet\u00ebm t\u00eb demokrat\u00ebve, por t\u00eb t\u00eb gjith\u00eb shqiptar\u00ebve. Se p\u00ebrball\u00eb nj\u00eb t\u00eb keqe kaq t\u00eb madhe q\u00eb p\u00ebrfaq\u00ebson regjimi, jo pushteti, regjimi I Edi Ram\u00ebs me shpopullim t\u00eb vendit, me gjendjen ekonomike katastrofale, me krimin q\u00eb mbizot\u00ebron. 3 or\u00eb m\u00eb par\u00eb ndodhi krimi n\u00eb Lezh\u00eb, e ca dit\u00eb m\u00eb par\u00eb p\u00ebrs\u00ebri. Me munges\u00ebn totale t\u00eb ligjit, me munges\u00ebn totale t\u00eb shtetit, me humbjen e shpres\u00ebs. \u00cbsht\u00eb kaq e madhe kjo e keqe, sa p\u00ebr k\u00ebdo njeri do t\u00eb ishte njer\u00ebzore q\u00eb \u00e7far\u00ebdolloj qejfmbetje keqkuptimi q\u00eb mund t\u00eb kasha me vllain tim, Gencin, ta linim m\u00ebnjan\u00eb. E t\u2019I sh\u00ebrbenim njer\u00ebzve, e t\u00eb b\u00ebheshim bashk\u00eb. Mbase nuk b\u00ebheshim bashk\u00eb, do bashkonim forcat, do dilnim me nj\u00eb kandidat. Me nj\u00eb kandidat t\u00eb vet\u00ebm, kandidat i demokrat\u00ebve, i qytetar\u00ebve, n\u00ebn sigl\u00ebn e Partis\u00eb Demokratike. I pat\u00eb t\u00eb gjitha e refuzuan.\u201d<\/em><\/span><\/p>\n<p><span style=\"color: #000000;\">Alibeaj u ndal edhe tek koalicioni me Ilir Met\u00ebn, p\u00ebr t\u00eb cilin thot\u00eb se Berisha e kishte m\u00eb t\u00eb leht\u00eb t\u00eb b\u00ebnte nj\u00eb martes\u00eb me Ilir Met\u00ebn dhe t\u2019i sh\u00ebrbente t\u00eb majt\u00ebs, se sa t\u00eb bashk\u00ebpunonte p\u00ebr demokrat\u00ebt. Alibeaj tha se Ilir Meta \u00ebsht\u00eb ai q\u00eb ka l\u00ebn\u00eb n\u00eb balt\u00eb demokrat\u00ebt dhe b\u00ebri koalicion me Edi Ram\u00ebn.<\/span><\/p>\n<p><span style=\"color: #000000;\"><em>\u201cDhe u refuzuam n\u00eb m\u00ebnyr\u00eb neverit\u00ebse. Dhe m\u00eb e r\u00ebnd\u00eb akoma, ajo q\u00eb n\u00eb aspektin politik \u00ebsht\u00eb e papranueshme, \u00ebsht\u00eb fakti q\u00eb ajo se \u00e7far\u00eb ndodhi pas 3 marsit. E pati m\u00eb t\u00eb leht\u00eb q\u00eb t\u00eb shkoj\u00eb e t\u00eb b\u00ebj\u00eb nj\u00eb martes\u00eb me Ilier Met\u00ebn, e t\u2019I sh\u00ebrbej\u00eb nj\u00eb t\u00eb majte, e t\u2019i sh\u00ebrbej\u00eb\u00a0 nj\u00eb socialisti si Ilir Meta dhe t\u00eb kund\u00ebrvihet ndaj t\u00eb gjith\u00eb demokrat\u00ebve. Ata t\u00eb cil\u00ebt e kan\u00eb dashur, adhuruar, kontribuar, e kan\u00eb dashur, ka p\u00ebrfituar maksimalisht. Kjo \u00ebsht\u00eb nj\u00eb ndarje dhe nj\u00eb vij\u00eb e kuqe finale me t\u00eb. Me t\u00eb dhe me m\u00ebnyr\u00ebn se si\u00a0 ka konsideruar Partin\u00eb Demokratike, pron\u00eb private, prom\u00eb e tij\u00eb. Nj\u00eb parti e cila pretendohet q\u00eb t\u00eb lindi me t\u00eb dhe do t\u00eb duhet t\u00eb shkoj\u00eb n\u00eb varr\u00eb bashk\u00eb me t\u00eb, \u00ebsht\u00eb e papranueshme. Partin\u00eb Demokratike nuk \u00ebshte e nj\u00eb njeriu, nuk ka lindur p\u00ebr shkak t\u00eb nj\u00eb njeriu. Ka lindur k\u00ebtu, k\u00ebtu n\u00eb Kavaj\u00eb ka lindur, koh\u00eb m\u00eb par\u00eb se Sali Berisha t\u00eb merte flamurin e Partin\u00eb Demokratike. Epo historia nuk duhet t\u00eb g\u00ebnjej\u00eb, se ka qen\u00eb l\u00ebngata, zem\u00ebrimi, sakrifica e kavajasve fillimisht, por edhe t\u00eb shkodran\u00ebve ata t\u00eb cil\u00ebt i dhan\u00eb zjarr nj\u00eb d\u00ebshire, nj\u00eb nevoje t\u00eb madhe t\u00eb popullit m\u00eb t\u00eb shtypur n\u00eb 50 vite komuniz\u00ebm, p\u00ebr t\u00eb krijuar Partin\u00eb Demokratike. E p\u00ebrsa koh\u00eb ka lindur e t\u00eb gjith\u00ebve, e t\u00eb gjith\u00ebve \u00ebsht\u00eb. Dhe \u00ebsht\u00eb e papranueshme p\u00ebr Partin\u00eb Demokratike q\u00eb t\u00eb arrij\u00eb sot nga nj\u00eb pjes\u00eb q\u00eb t\u00eb merret p\u00ebr hallet personale, e t\u00eb meret t\u00eb shkoj\u00eb tek nj\u00eb parti e majt\u00eb. Ku tek Ilir Meta! Ilir Meta nuk ishte ky q\u00eb n\u00eb 2013-\u00ebn qeveriste me Partin\u00eb Demokratike. Ishte ai I cili I la demokrat\u00ebt n\u00eb balt\u00eb dhe shkoi b\u00ebri martes\u00ebn e radh\u00ebs me Edi Ram\u00ebn. Ajo q\u00eb vuajm ne sot, prej 10 vitesh pothuajse, nuk \u00ebsht\u00eb gj\u00eb tjet\u00ebr ve\u00e7se \u00ebsht\u00eb nj\u00eb regjim I cili vjen sipas edukat\u00ebs politike t\u00eb ish-bllokut\u201d, tha Alibeaj.<\/em><\/span><\/p>\n","protected":false,"gt_translate_keys":[{"key":"rendered","format":"html"}]},"excerpt":{"rendered":"<p>Kreu i komanduar i PD Enkelejd Alibeaj ka zhvilluar nj\u00eb takim me strukturat n\u00eb qytetin e Kavaj\u00ebs. N\u00eb fjal\u00ebn e tij, Alibeaj shprehu se gjithmon\u00eb ka qen\u00eb me shtrirje dore ndja demokrat\u00ebve p\u00ebr t\u00eb mos e p\u00ebr\u00e7ar\u00eb Partin\u00eb Demokratike. Alibeaj shtoi se kjo shtrirje dore nuk ka q\u00ebn\u00eb ndaj Sali Berish\u00ebs dhe se ofertat jan\u00eb [&hellip;]<\/p>\n","protected":false,"gt_translate_keys":[{"key":"rendered","format":"html"}]},"author":30,"featured_media":591482,"comment_status":"closed","ping_status":"closed","sticky":false,"template":"","format":"standard","meta":{"footnotes":""},"categories":[65],"tags":[],"class_list":["post-591481","post","type-post","status-publish","format-standard","has-post-thumbnail","hentry","category-lajme"],"gt_translate_keys":[{"key":"link","format":"url"}],"_links":{"self":[{"href":"https:\/\/www.hashtag.al\/index.php\/wp-json\/wp\/v2\/posts\/591481","targetHints":{"allow":["GET"]}}],"collection":[{"href":"https:\/\/www.hashtag.al\/index.php\/wp-json\/wp\/v2\/posts"}],"about":[{"href":"https:\/\/www.hashtag.al\/index.php\/wp-json\/wp\/v2\/types\/post"}],"author":[{"embeddable":true,"href":"https:\/\/www.hashtag.al\/index.php\/wp-json\/wp\/v2\/users\/30"}],"replies":[{"embeddable":true,"href":"https:\/\/www.hashtag.al\/index.php\/wp-json\/wp\/v2\/comments?post=591481"}],"version-history":[{"count":0,"href":"https:\/\/www.hashtag.al\/index.php\/wp-json\/wp\/v2\/posts\/591481\/revisions"}],"wp:featuredmedia":[{"embeddable":true,"href":"https:\/\/www.hashtag.al\/index.php\/wp-json\/wp\/v2\/media\/591482"}],"wp:attachment":[{"href":"https:\/\/www.hashtag.al\/index.php\/wp-json\/wp\/v2\/media?parent=591481"}],"wp:term":[{"taxonomy":"category","embeddable":true,"href":"https:\/\/www.hashtag.al\/index.php\/wp-json\/wp\/v2\/categories?post=591481"},{"taxonomy":"post_tag","embeddable":true,"href":"https:\/\/www.hashtag.al\/index.php\/wp-json\/wp\/v2\/tags?post=591481"}],"curies":[{"name":"wp","href":"https:\/\/api.w.org\/{rel}","templated":true}]}}