{"id":591474,"date":"2023-04-20T13:06:25","date_gmt":"2023-04-20T11:06:25","guid":{"rendered":"https:\/\/www.hashtag.al\/?p=591474"},"modified":"2023-04-20T13:06:25","modified_gmt":"2023-04-20T11:06:25","slug":"veliaj-me-banoret-e-njesise-7-investimet-kane-rritur-2-3-fish-vleren-e-prones","status":"publish","type":"post","link":"https:\/\/www.hashtag.al\/index.php\/2023\/04\/20\/veliaj-me-banoret-e-njesise-7-investimet-kane-rritur-2-3-fish-vleren-e-prones\/","title":{"rendered":"Veliaj me banor\u00ebt e Nj\u00ebsis\u00eb 7: Investimet kan\u00eb rritur 2-3 fish vler\u00ebn e pron\u00ebs","gt_translate_keys":[{"key":"rendered","format":"text"}]},"content":{"rendered":"<p><span style=\"color: #000000;\"><a href=\"https:\/\/www.hashtag.al\/wp-content\/uploads\/2023\/04\/1f03eec1-5ee3-445b-903a-855c56ad2319.jpg\"><img loading=\"lazy\" decoding=\"async\" class=\"aligncenter size-full wp-image-591475\" src=\"https:\/\/www.hashtag.al\/wp-content\/uploads\/2023\/04\/1f03eec1-5ee3-445b-903a-855c56ad2319.jpg\" alt=\"\" width=\"1600\" height=\"1066\" srcset=\"https:\/\/www.hashtag.al\/wp-content\/uploads\/2023\/04\/1f03eec1-5ee3-445b-903a-855c56ad2319.jpg 1600w, https:\/\/www.hashtag.al\/wp-content\/uploads\/2023\/04\/1f03eec1-5ee3-445b-903a-855c56ad2319-300x200.jpg 300w, https:\/\/www.hashtag.al\/wp-content\/uploads\/2023\/04\/1f03eec1-5ee3-445b-903a-855c56ad2319-1024x682.jpg 1024w, https:\/\/www.hashtag.al\/wp-content\/uploads\/2023\/04\/1f03eec1-5ee3-445b-903a-855c56ad2319-768x512.jpg 768w, https:\/\/www.hashtag.al\/wp-content\/uploads\/2023\/04\/1f03eec1-5ee3-445b-903a-855c56ad2319-1536x1023.jpg 1536w\" sizes=\"auto, (max-width: 1600px) 100vw, 1600px\" \/><\/a><\/span><\/p>\n<p><span style=\"color: #000000;\">Kandidati i PS p\u00ebr Tiran\u00ebn, Erion Veliaj, u takua me banor\u00eb t\u00eb Nj\u00ebsis\u00eb 7, kryesisht t\u00eb zon\u00ebs s\u00eb ish Fush\u00ebs s\u00eb Aviacionit, me t\u00eb cil\u00ebt mbolli edhe disa pem\u00eb n\u00eb vijim t\u00eb fushat\u00ebs s\u00eb gjelb\u00ebr drejt 14 Majit.<\/span><\/p>\n<p><span style=\"color: #000000;\">Veliaj tha se po t\u00eb shoh\u00ebsh zhvillimin e k\u00ebsaj zone, do t\u00eb thot\u00eb q\u00eb jo vet\u00ebm mund t\u00eb ecet p\u00ebrpara, por edhe mund t\u00eb mbahet ritmi me zhvillimin e pjes\u00ebve t\u00eb tjera t\u00eb qytetit.<\/span><\/p>\n<p><span style=\"color: #000000;\"><em>.\u201cSot, po t\u00eb shoh\u00ebsh se si me zhvillimin e ish Fush\u00ebs s\u00eb Aviacionit dhe me hapjen e Astirit pas tre vitesh bllokim, krejt papritur e gjith\u00eb lagjja tjet\u00ebr po konturohet dhe qyteti po rritet me t\u00eb nj\u00ebjt\u00ebn shpejt\u00ebsi, do t\u00eb thot\u00eb q\u00eb jo vet\u00ebm mund t\u00eb ecim p\u00ebrpara, por edhe mund t\u00eb mbajm\u00eb ritmin me zhvillimin e pjes\u00ebve t\u00eb tjera t\u00eb qytetit. Fakti q\u00eb edhe gjysma tjet\u00ebr q\u00eb konsiderohej nj\u00eb xhep midis Lan\u00ebs dhe Fush\u00ebs s\u00eb Aviacionit, sot \u00ebsht\u00eb kantieri m\u00eb i madh i zhvillimit dhe urbanizimit, flet vet\u00eb dhe mezi pres q\u00eb ta vazhdojm\u00eb k\u00ebt\u00eb pun\u00eb dhe t\u00eb ecim p\u00ebrpara,\u201d<\/em> u shpreh Veliaj.<\/span><\/p>\n<p><span style=\"color: #000000;\">Veliaj vijoi se t\u00eb gjitha inevestimet n\u00eb k\u00ebt\u00eb zon\u00eb ja kan\u00eb vvlejtur, pasi \u00e7mimi i pron\u00ebs te ish Fusha e Aviacionit q\u00eb n\u00eb 2015 dhe deri tani \u00ebsht\u00eb 2 apo 3 fishuar.<\/span><\/p>\n<p><span style=\"color: #000000;\">\u201c<em>Familja m\u00eb e r\u00ebnd\u00ebsishme politike \u00ebsht\u00eb familja jote. N\u00ebse ty t\u00eb intereson \u00e7erdhja, kopshti, shkolla, do lidh\u00ebsh kontrat\u00eb me ata q\u00eb t\u00eb b\u00ebn\u00eb kopshtin, \u00e7erdhen e shkoll\u00ebn. N\u00ebse dikush thot\u00eb hajde b\u00ebjm\u00eb luft\u00eb me Amerik\u00ebn, nuk besoj se ka njeri k\u00ebtu q\u00eb do t\u00eb b\u00ebj\u00eb luft\u00eb me Amerik\u00ebn. Kur mendoj se sa ka qen\u00eb \u00e7mimi i pron\u00ebs te ish Fusha e Aviacionit n\u00eb 2015 dhe si n\u00eb disa raste \u00ebsht\u00eb 2 apo 3-fishuar, do t\u00eb thot\u00eb q\u00eb kjo mbjellje pem\u00ebsh, ky pastrim, ky mjedis k\u00ebtu me terrenet sportive, i japin vler\u00eb. Kur b\u00ebhet edhe rruga, edhe infrastruktura arsimore, n\u00eb at\u00eb zon\u00eb q\u00eb konsiderohej xhep, sot i jep v\u00ebrtet\u00eb vler\u00eb pron\u00ebs,\u201d <\/em>deklaroi m\u00eb tej ai.<\/span><\/p>\n<p><span style=\"color: #000000;\">Ai u shpreh mir\u00ebnjoh\u00ebs p\u00ebr k\u00ebdo q\u00eb e vler\u00ebson pun\u00ebn dhe ndaj tha se partia Socialiste do t\u00eb vijoj\u00eb fushat\u00ebn pozitive larg sherreve e debateve politike.<\/span><\/p>\n<p><span style=\"color: #000000;\"><em>\u201cJu jam shum\u00eb mir\u00ebnjoh\u00ebs! E di q\u00eb fushata vjen m\u00eb at\u00eb frym\u00ebn e debatit. Parimi i k\u00ebsaj fushate \u00ebsht\u00eb, m\u00eb mir\u00eb mbjellim pem\u00eb e paqe, sesa sherr e inat. K\u00ebt\u00eb gj\u00eb e b\u00ebjm\u00eb p\u00ebr dashurin\u00eb e komunitetit ton\u00eb, jo se kemi inat dik\u00eb tjet\u00ebr. Kemi vendosur q\u00eb ato shpenzime t\u00eb fushat\u00ebs t\u2019i ndajm\u00eb. Patjet\u00ebr, do b\u00ebjm\u00eb edhe veprimtari promovuese, por n\u00eb pjes\u00ebn m\u00eb t\u00eb madhe duam t\u00eb mbjellim pem\u00eb. Kur shikoj ata q\u00eb paguajn\u00eb 100 mij\u00eb euro stadiumin, nd\u00ebrkoh\u00eb flasin p\u00ebr varf\u00ebrin\u00eb dhe t\u00eb nxjerrin syt\u00eb p\u00ebr t\u00ebrmetin dhe p\u00ebr pandemin\u00eb, pa b\u00ebr\u00eb dh\u00ebn\u00eb nj\u00eb pjat\u00eb sup\u00eb apo nj\u00eb pako ushqimore me lek\u00ebt q\u00eb u vijn\u00eb nga Rusia \u2013 se qartazi, rus\u00ebt jan\u00eb korrekt\u00eb me pagesat q\u00eb kan\u00eb p\u00ebr agjent\u00ebt e tyre k\u00ebtu \u2013 \u00ebsht\u00eb m\u00ebkat se si n\u00eb 2023 udh\u00ebheq\u00ebs politik\u00eb u flasin stadiumeve bosh, nd\u00ebrkoh\u00eb mund t\u00eb b\u00ebnin shum\u00eb e m\u00eb shum\u00eb pun\u00eb\u201d, <\/em>tha kryebashkiaku.<\/span><\/p>\n<p><span style=\"color: #000000;\">N\u00eb fund, ai e mbylli fjal\u00ebn e tij me nj\u00eb urim p\u00ebr t\u00eb gjith\u00eb besimtar\u00ebt mysliman\u00eb q\u00eb festojn\u00eb nes\u00ebr Bajramin: \u201c<em>P\u00ebr t\u00eb gjith\u00eb ata q\u00eb kan\u00eb agj\u00ebruar, Zoti ua pranoft\u00eb! G\u00ebzuar paraprakisht Bajramin t\u00eb gjith\u00eb atyre q\u00eb e festojn\u00eb dhe besoj se sot m\u00eb shum\u00eb se kurdo vlen shprehja e Fisht\u00ebs: \u2018Kemi Bajram e Pashk\u00eb, por Shqip\u00ebrin\u00eb e kemi bashk\u00eb\u2019. N\u00eb k\u00ebt\u00eb muaj na ran\u00eb t\u00eb gjitha bashk\u00eb, pik\u00ebrisht p\u00ebr t\u00eb ilustruar q\u00eb bashkimi sjell fuqin\u00eb e puna \u00ebsht\u00eb m\u00eb e mir\u00eb se dhuna dhe dashuria i reziston dhe urrejtjes. Un\u00eb besoj se gjithmon\u00eb e m\u00eb shum\u00eb njer\u00ebzit po binden q\u00eb gj\u00ebrat q\u00eb shkojn\u00eb p\u00ebrpara na e p\u00ebrmir\u00ebsojn\u00eb jet\u00ebn t\u00eb gjith\u00ebve\u201d.<\/em><\/span><\/p>\n","protected":false,"gt_translate_keys":[{"key":"rendered","format":"html"}]},"excerpt":{"rendered":"<p>Kandidati i PS p\u00ebr Tiran\u00ebn, Erion Veliaj, u takua me banor\u00eb t\u00eb Nj\u00ebsis\u00eb 7, kryesisht t\u00eb zon\u00ebs s\u00eb ish Fush\u00ebs s\u00eb Aviacionit, me t\u00eb cil\u00ebt mbolli edhe disa pem\u00eb n\u00eb vijim t\u00eb fushat\u00ebs s\u00eb gjelb\u00ebr drejt 14 Majit. Veliaj tha se po t\u00eb shoh\u00ebsh zhvillimin e k\u00ebsaj zone, do t\u00eb thot\u00eb q\u00eb jo vet\u00ebm mund [&hellip;]<\/p>\n","protected":false,"gt_translate_keys":[{"key":"rendered","format":"html"}]},"author":30,"featured_media":591475,"comment_status":"closed","ping_status":"closed","sticky":false,"template":"","format":"standard","meta":{"footnotes":""},"categories":[65],"tags":[],"class_list":["post-591474","post","type-post","status-publish","format-standard","has-post-thumbnail","hentry","category-lajme"],"gt_translate_keys":[{"key":"link","format":"url"}],"_links":{"self":[{"href":"https:\/\/www.hashtag.al\/index.php\/wp-json\/wp\/v2\/posts\/591474","targetHints":{"allow":["GET"]}}],"collection":[{"href":"https:\/\/www.hashtag.al\/index.php\/wp-json\/wp\/v2\/posts"}],"about":[{"href":"https:\/\/www.hashtag.al\/index.php\/wp-json\/wp\/v2\/types\/post"}],"author":[{"embeddable":true,"href":"https:\/\/www.hashtag.al\/index.php\/wp-json\/wp\/v2\/users\/30"}],"replies":[{"embeddable":true,"href":"https:\/\/www.hashtag.al\/index.php\/wp-json\/wp\/v2\/comments?post=591474"}],"version-history":[{"count":0,"href":"https:\/\/www.hashtag.al\/index.php\/wp-json\/wp\/v2\/posts\/591474\/revisions"}],"wp:featuredmedia":[{"embeddable":true,"href":"https:\/\/www.hashtag.al\/index.php\/wp-json\/wp\/v2\/media\/591475"}],"wp:attachment":[{"href":"https:\/\/www.hashtag.al\/index.php\/wp-json\/wp\/v2\/media?parent=591474"}],"wp:term":[{"taxonomy":"category","embeddable":true,"href":"https:\/\/www.hashtag.al\/index.php\/wp-json\/wp\/v2\/categories?post=591474"},{"taxonomy":"post_tag","embeddable":true,"href":"https:\/\/www.hashtag.al\/index.php\/wp-json\/wp\/v2\/tags?post=591474"}],"curies":[{"name":"wp","href":"https:\/\/api.w.org\/{rel}","templated":true}]}}