{"id":591267,"date":"2023-04-19T13:46:27","date_gmt":"2023-04-19T11:46:27","guid":{"rendered":"https:\/\/www.hashtag.al\/?p=591267"},"modified":"2023-04-19T13:46:27","modified_gmt":"2023-04-19T11:46:27","slug":"veliaj-takim-me-qytetaret-na-duhet-bashkepunimi-juaj-per-transformimin-e-kryeqytetit-mos-u-genjeni-me-premtime-elektorale","status":"publish","type":"post","link":"https:\/\/www.hashtag.al\/index.php\/2023\/04\/19\/veliaj-takim-me-qytetaret-na-duhet-bashkepunimi-juaj-per-transformimin-e-kryeqytetit-mos-u-genjeni-me-premtime-elektorale\/","title":{"rendered":"Veliaj takim me qytetar\u00ebt: Na duhet bashk\u00ebpunimi juaj p\u00ebr transformimin e kryeqytetit, mos u g\u00ebnjeni me premtime elektorale","gt_translate_keys":[{"key":"rendered","format":"text"}]},"content":{"rendered":"<p><a href=\"https:\/\/www.hashtag.al\/wp-content\/uploads\/2023\/04\/1681902690_WhatsAppImage20230419at1.05.40PM.jpeg\"><img loading=\"lazy\" decoding=\"async\" class=\"aligncenter size-full wp-image-591268\" src=\"https:\/\/www.hashtag.al\/wp-content\/uploads\/2023\/04\/1681902690_WhatsAppImage20230419at1.05.40PM.jpeg\" alt=\"\" width=\"780\" height=\"440\" srcset=\"https:\/\/www.hashtag.al\/wp-content\/uploads\/2023\/04\/1681902690_WhatsAppImage20230419at1.05.40PM.jpeg 780w, https:\/\/www.hashtag.al\/wp-content\/uploads\/2023\/04\/1681902690_WhatsAppImage20230419at1.05.40PM-300x169.jpeg 300w, https:\/\/www.hashtag.al\/wp-content\/uploads\/2023\/04\/1681902690_WhatsAppImage20230419at1.05.40PM-768x433.jpeg 768w\" sizes=\"auto, (max-width: 780px) 100vw, 780px\" \/><\/a><\/p>\n<p><span style=\"color: #000000;\">Kandidati PS p\u00ebr Bashkin\u00eb e Tiran\u00ebs, Erion Veliaj ka zhvilluar takime sot me banor\u00ebt e Nj\u00ebsis\u00eb 4, n\u00eb Tiran\u00eb, nga t\u00eb cil\u00ebt ka k\u00ebrkuar bashk\u00ebpunimin e qytetar\u00ebve, si e vetmja garanci p\u00ebr t\u00eb vijuar pun\u00ebn p\u00ebr transformimin e kryeqytetit.<\/span><\/p>\n<p><span style=\"color: #000000;\">Duke sjell\u00eb shembullin e Pallatit 4, i cili u shpall i pabanuesh\u00ebm dhe i rreziksh\u00ebm p\u00ebr banor\u00ebt, Veliaj tha se detyra e tij nuk \u00ebsht\u00eb t\u2019ju p\u00eblqej\u00eb t\u00eb gjith\u00ebve por t\u2019ju sh\u00ebrbej\u00eb t\u00eb gjith\u00ebve.<\/span><\/p>\n<p><span style=\"color: #000000;\">\u201c<em>Jo p\u00ebr parti e p\u00ebr politik\u00eb, por k\u00ebt\u00eb e them nga zemra, ne na duhet bashk\u00ebpunim! Takova disa miq q\u00eb ishin tek ai Pallati 4, i famshmi q\u00eb u politizua. Shkonte ky dh\u00ebndri yn\u00eb atje e u thoshte banor\u00ebve \u201crrini k\u00ebtu\u201d. T\u00eb tjer\u00eb m\u00eb thonin, \u201co lali, ke zgjedhjet p\u00ebrpara, l\u00ebri t\u00eb rrin\u00eb aty n\u00ebse duan t\u00eb rrin\u00eb, pse duhet t\u00eb b\u00ebsh sherr\u201d. Disa t\u00eb tjer\u00eb m\u00eb thoshin, \u201cl\u00ebri se \u00ebsht\u00eb edhe Vit i Ri\u201d. Nd\u00ebrkoh\u00eb, Drejtori i Instituti t\u00eb Nd\u00ebrtimit na kishte sjell\u00eb letr\u00ebn, e cila thoshte se pallati \u00ebsht\u00eb i pabanuesh\u00ebm dhe mund t\u2019i z\u00ebr\u00eb brenda. Ju kujtohet kur ra ai t\u00ebrmeti n\u00eb janar? Mund t\u2019i kishte z\u00ebn\u00eb brenda. Ndaj, detyra jon\u00eb nuk \u00ebsht\u00eb q\u00eb t\u2019iu p\u00eblqejm\u00eb t\u00eb gjith\u00ebve. Detyra jon\u00eb \u00ebsht\u00eb q\u00eb t\u2019iu sh\u00ebrbejm\u00eb t\u00eb gjith\u00ebve. Ishte nj\u00eb m\u00ebnyr\u00eb p\u00ebr t\u2019i krijuar k\u00ebtij komuniteti nj\u00eb super projekt nga Stefano Boeri q\u00eb n\u00eb Milano kushton sa fr\u00ebngu pul\u00ebn dhe kur e pyet dik\u00eb dhe i thua: \u201cSa t\u00eb vlen sht\u00ebpia sot? T\u00eb vlen m\u00eb pak apo t\u00eb vlen m\u00eb shum\u00eb?\u201d N\u00ebse sht\u00ebpia t\u00eb vlen m\u00eb shum\u00eb, kjo \u00ebsht\u00eb gj\u00eb e mir\u00eb se do t\u00eb thot\u00eb se nj\u00eb gj\u00eb q\u00eb vlente 100 lek\u00eb, sot vlen 200 lek\u00eb,\u201d<\/em> u shpreh Veliaj.<\/span><\/p>\n<p><span style=\"color: #000000;\">Ai u b\u00ebri thirrje qytetareve t\u00eb mos besojn\u00eb premtime elektorale p\u00ebr \u00e7do gj\u00eb falas, pasi n\u00ebse ata q\u00eb i b\u00ebjn\u00eb k\u00ebto premtime v\u00ebrtet do t\u2019i mendonin ato q\u00eb thonin, do t\u2019i aplikonin fillimisht aty ku kishin mund\u00ebsi, si n\u00eb Shkod\u00ebr, ku ka aktualisht nj\u00eb kryebashkiak t\u00eb djatht\u00eb.<\/span><\/p>\n<p><span style=\"color: #000000;\">\u201c<em>Kush beson ende te Sudja, duhet ta mendoj\u00eb edhe nj\u00ebher\u00eb! Ne e provuam k\u00ebt\u00eb \u201cfalas, falas, falas\u201d! Falas thoshte Sudja. Falas ishte dhe torta. Lan\u00eb kokrr\u00ebn e namit, 100-vjetori i Pavar\u00ebsis\u00eb, 100 vjet shtet duke marr\u00eb tort\u00ebn me lopata, legena e sapllake. Ata e kan\u00eb Shkodr\u00ebn, ta b\u00ebjn\u00eb falas atje, t\u00eb na e tregojn\u00eb si jan\u00eb falas atje autobus\u00ebt, taksit\u00eb. Nj\u00eb linj\u00eb kan\u00eb e s\u2019e b\u00ebjn\u00eb falas. Po t\u00eb na e provojn\u00eb q\u00eb funksionon, e b\u00ebjm\u00eb edhe ne. P\u00ebr sa koh\u00eb q\u00eb njer\u00ebzit nuk g\u00ebnjehen m\u00eb, e p\u00ebr sa koh\u00eb q\u00eb njer\u00ebzit kan\u00eb kuptuar q\u00eb, qyl nuk ka, vet\u00ebm me pun\u00eb, me pasion e bashk\u00ebpunim mund t\u00eb b\u00ebjm\u00eb gj\u00ebra t\u00eb mrekullueshme,\u201d<\/em> argumentoi Veliaj.<\/span><\/p>\n","protected":false,"gt_translate_keys":[{"key":"rendered","format":"html"}]},"excerpt":{"rendered":"<p>Kandidati PS p\u00ebr Bashkin\u00eb e Tiran\u00ebs, Erion Veliaj ka zhvilluar takime sot me banor\u00ebt e Nj\u00ebsis\u00eb 4, n\u00eb Tiran\u00eb, nga t\u00eb cil\u00ebt ka k\u00ebrkuar bashk\u00ebpunimin e qytetar\u00ebve, si e vetmja garanci p\u00ebr t\u00eb vijuar pun\u00ebn p\u00ebr transformimin e kryeqytetit. Duke sjell\u00eb shembullin e Pallatit 4, i cili u shpall i pabanuesh\u00ebm dhe i rreziksh\u00ebm p\u00ebr [&hellip;]<\/p>\n","protected":false,"gt_translate_keys":[{"key":"rendered","format":"html"}]},"author":30,"featured_media":591268,"comment_status":"closed","ping_status":"closed","sticky":false,"template":"","format":"standard","meta":{"footnotes":""},"categories":[65],"tags":[],"class_list":["post-591267","post","type-post","status-publish","format-standard","has-post-thumbnail","hentry","category-lajme"],"gt_translate_keys":[{"key":"link","format":"url"}],"_links":{"self":[{"href":"https:\/\/www.hashtag.al\/index.php\/wp-json\/wp\/v2\/posts\/591267","targetHints":{"allow":["GET"]}}],"collection":[{"href":"https:\/\/www.hashtag.al\/index.php\/wp-json\/wp\/v2\/posts"}],"about":[{"href":"https:\/\/www.hashtag.al\/index.php\/wp-json\/wp\/v2\/types\/post"}],"author":[{"embeddable":true,"href":"https:\/\/www.hashtag.al\/index.php\/wp-json\/wp\/v2\/users\/30"}],"replies":[{"embeddable":true,"href":"https:\/\/www.hashtag.al\/index.php\/wp-json\/wp\/v2\/comments?post=591267"}],"version-history":[{"count":0,"href":"https:\/\/www.hashtag.al\/index.php\/wp-json\/wp\/v2\/posts\/591267\/revisions"}],"wp:featuredmedia":[{"embeddable":true,"href":"https:\/\/www.hashtag.al\/index.php\/wp-json\/wp\/v2\/media\/591268"}],"wp:attachment":[{"href":"https:\/\/www.hashtag.al\/index.php\/wp-json\/wp\/v2\/media?parent=591267"}],"wp:term":[{"taxonomy":"category","embeddable":true,"href":"https:\/\/www.hashtag.al\/index.php\/wp-json\/wp\/v2\/categories?post=591267"},{"taxonomy":"post_tag","embeddable":true,"href":"https:\/\/www.hashtag.al\/index.php\/wp-json\/wp\/v2\/tags?post=591267"}],"curies":[{"name":"wp","href":"https:\/\/api.w.org\/{rel}","templated":true}]}}