{"id":591253,"date":"2023-04-19T12:28:12","date_gmt":"2023-04-19T10:28:12","guid":{"rendered":"https:\/\/www.hashtag.al\/?p=591253"},"modified":"2023-04-19T12:28:12","modified_gmt":"2023-04-19T10:28:12","slug":"sindikata-gjermane-shpall-greve-mbarekombetare-te-transportit-per-te-premten-reuters","status":"publish","type":"post","link":"https:\/\/www.hashtag.al\/index.php\/2023\/04\/19\/sindikata-gjermane-shpall-greve-mbarekombetare-te-transportit-per-te-premten-reuters\/","title":{"rendered":"Sindikata gjermane shpall grev\u00eb mbar\u00ebkomb\u00ebtare t\u00eb transportit p\u00ebr t\u00eb premten &#8211; Reuters","gt_translate_keys":[{"key":"rendered","format":"text"}]},"content":{"rendered":"<p><img loading=\"lazy\" decoding=\"async\" class=\"aligncenter size-full wp-image-591255\" src=\"https:\/\/www.hashtag.al\/wp-content\/uploads\/2023\/04\/ezgif.com-gif-maker-15.jpg\" alt=\"\" width=\"960\" height=\"640\" srcset=\"https:\/\/www.hashtag.al\/wp-content\/uploads\/2023\/04\/ezgif.com-gif-maker-15.jpg 960w, https:\/\/www.hashtag.al\/wp-content\/uploads\/2023\/04\/ezgif.com-gif-maker-15-300x200.jpg 300w, https:\/\/www.hashtag.al\/wp-content\/uploads\/2023\/04\/ezgif.com-gif-maker-15-768x512.jpg 768w\" sizes=\"auto, (max-width: 960px) 100vw, 960px\" \/><\/p>\n<p><span style=\"color: #000000;\">Sindikata EVG e Gjermanis\u00eb njoftoi t\u00eb m\u00ebrkur\u00ebn nj\u00eb grev\u00eb mbar\u00ebkomb\u00ebtare t\u00eb transportit p\u00ebr t\u00eb premten, me operatorin komb\u00ebtar hekurudhor Deutsche Bahn midis kompanive t\u00eb prekura.<\/span><\/p>\n<p><span style=\"color: #000000;\">Greva do prek\u00eb 50 kompani dhe do zgjas\u00eb nga ora 3 e m\u00ebngjesit deri n\u00eb 11 t\u00eb paradites, tha sindikata e hekurudhave dhe transportit.<\/span><\/p>\n<p><span style=\"color: #000000;\">Udh\u00ebtar\u00ebt duhet t\u00eb jen\u00eb t\u00eb p\u00ebrgatitur p\u00ebr vonesa dhe anulime, paralajm\u00ebroi ajo. Inflacioni i lart\u00eb n\u00eb ekonomin\u00eb m\u00eb t\u00eb madhe t\u00eb Evrop\u00ebs ka shkaktuar nj\u00eb val\u00eb grevash muajt e fundit pasi pun\u00ebtor\u00ebt k\u00ebrkojn\u00eb paga m\u00eb t\u00eb larta p\u00ebr t\u00eb kompensuar rritjen e kostos s\u00eb jetes\u00ebs.<\/span><\/p>\n<p><span style=\"color: #000000;\">Sindikata Verdi u ka b\u00ebr\u00eb thirrje gjithashtu punonj\u00ebsve t\u00eb kontrollit t\u00eb siguris\u00eb t\u00eb b\u00ebjn\u00eb grev\u00eb n\u00eb tre aeroporte t\u00eb enjten dhe t\u00eb premten. Aeroporti i Hamburgut t\u00eb mart\u00ebn tha se t\u00eb gjitha nisjet do anulohen ose do kryhen pa pasagjer\u00eb, me rreth 80,000 udh\u00ebtar\u00eb q\u00eb mund t\u00eb preken.<\/span><\/p>\n<p><span style=\"color: #000000;\">EVG, e cila po negocion n\u00eb em\u00ebr t\u00eb 230,000 pun\u00ebtor\u00ebve, po k\u00ebrkon nj\u00eb rritje pagash prej 12% ose t\u00eb pakt\u00ebn 650 euro shtes\u00eb n\u00eb muaj.<\/span><\/p>\n<p><span style=\"color: #000000;\">Deutsche Bahn n\u00eb pron\u00ebsi t\u00eb shtetit ka ofruar 5% m\u00eb shum\u00eb dhe pagesa t\u00eb nj\u00ebhershme deri n\u00eb 2500 euro.<\/span><\/p>\n","protected":false,"gt_translate_keys":[{"key":"rendered","format":"html"}]},"excerpt":{"rendered":"<p>Sindikata EVG e Gjermanis\u00eb njoftoi t\u00eb m\u00ebrkur\u00ebn nj\u00eb grev\u00eb mbar\u00ebkomb\u00ebtare t\u00eb transportit p\u00ebr t\u00eb premten, me operatorin komb\u00ebtar hekurudhor Deutsche Bahn midis kompanive t\u00eb prekura. Greva do prek\u00eb 50 kompani dhe do zgjas\u00eb nga ora 3 e m\u00ebngjesit deri n\u00eb 11 t\u00eb paradites, tha sindikata e hekurudhave dhe transportit. Udh\u00ebtar\u00ebt duhet t\u00eb jen\u00eb t\u00eb p\u00ebrgatitur [&hellip;]<\/p>\n","protected":false,"gt_translate_keys":[{"key":"rendered","format":"html"}]},"author":51,"featured_media":591255,"comment_status":"closed","ping_status":"closed","sticky":false,"template":"","format":"standard","meta":{"footnotes":""},"categories":[53],"tags":[],"class_list":["post-591253","post","type-post","status-publish","format-standard","has-post-thumbnail","hentry","category-fast-foodi"],"gt_translate_keys":[{"key":"link","format":"url"}],"_links":{"self":[{"href":"https:\/\/www.hashtag.al\/index.php\/wp-json\/wp\/v2\/posts\/591253","targetHints":{"allow":["GET"]}}],"collection":[{"href":"https:\/\/www.hashtag.al\/index.php\/wp-json\/wp\/v2\/posts"}],"about":[{"href":"https:\/\/www.hashtag.al\/index.php\/wp-json\/wp\/v2\/types\/post"}],"author":[{"embeddable":true,"href":"https:\/\/www.hashtag.al\/index.php\/wp-json\/wp\/v2\/users\/51"}],"replies":[{"embeddable":true,"href":"https:\/\/www.hashtag.al\/index.php\/wp-json\/wp\/v2\/comments?post=591253"}],"version-history":[{"count":0,"href":"https:\/\/www.hashtag.al\/index.php\/wp-json\/wp\/v2\/posts\/591253\/revisions"}],"wp:featuredmedia":[{"embeddable":true,"href":"https:\/\/www.hashtag.al\/index.php\/wp-json\/wp\/v2\/media\/591255"}],"wp:attachment":[{"href":"https:\/\/www.hashtag.al\/index.php\/wp-json\/wp\/v2\/media?parent=591253"}],"wp:term":[{"taxonomy":"category","embeddable":true,"href":"https:\/\/www.hashtag.al\/index.php\/wp-json\/wp\/v2\/categories?post=591253"},{"taxonomy":"post_tag","embeddable":true,"href":"https:\/\/www.hashtag.al\/index.php\/wp-json\/wp\/v2\/tags?post=591253"}],"curies":[{"name":"wp","href":"https:\/\/api.w.org\/{rel}","templated":true}]}}