{"id":591153,"date":"2023-04-18T21:37:57","date_gmt":"2023-04-18T19:37:57","guid":{"rendered":"https:\/\/www.hashtag.al\/?p=591153"},"modified":"2023-04-18T22:53:40","modified_gmt":"2023-04-18T20:53:40","slug":"fotoja-qe-u-kthye-ne-gracke-per-jurine-e-eksperteve","status":"publish","type":"post","link":"https:\/\/www.hashtag.al\/index.php\/2023\/04\/18\/fotoja-qe-u-kthye-ne-gracke-per-jurine-e-eksperteve\/","title":{"rendered":"Fotoja q\u00eb u kthye n\u00eb grack\u00eb p\u00ebr jurin\u00eb e ekspert\u00ebve","gt_translate_keys":[{"key":"rendered","format":"text"}]},"content":{"rendered":"<p><span style=\"color: #000000;\"><a style=\"color: #000000;\" href=\"https:\/\/www.hashtag.al\/wp-content\/uploads\/2023\/04\/fotografia-IA.png\"><img loading=\"lazy\" decoding=\"async\" class=\"aligncenter size-full wp-image-591154\" src=\"https:\/\/www.hashtag.al\/wp-content\/uploads\/2023\/04\/fotografia-IA.png\" alt=\"\" width=\"1454\" height=\"802\" srcset=\"https:\/\/www.hashtag.al\/wp-content\/uploads\/2023\/04\/fotografia-IA.png 1454w, https:\/\/www.hashtag.al\/wp-content\/uploads\/2023\/04\/fotografia-IA-300x165.png 300w, https:\/\/www.hashtag.al\/wp-content\/uploads\/2023\/04\/fotografia-IA-1024x565.png 1024w, https:\/\/www.hashtag.al\/wp-content\/uploads\/2023\/04\/fotografia-IA-768x424.png 768w, https:\/\/www.hashtag.al\/wp-content\/uploads\/2023\/04\/fotografia-IA-750x415.png 750w\" sizes=\"auto, (max-width: 1454px) 100vw, 1454px\" \/><\/a><\/span><\/p>\n<p><span style=\"color: #000000;\">Artisti gjerman Boris Eldagsen, ka refuzuar \u00e7mimin e madh p\u00ebr nj\u00eb fotografi pasi zbuloi se punimi i tij ishte krijuar duke p\u00ebrdorur Inteligjenc\u00ebn Artificiale (IA).<\/span><\/p>\n<p><span style=\"color: #000000;\">Fotografia e titulluar\u201d Pseudomnesia: Elektricisti\u201d, fitoi kategorin\u00eb e hapur krijuese n\u00eb \u00e7mimin Sony World Photography t\u00eb jav\u00ebs s\u00eb kaluar.<\/span><\/p>\n<p><span style=\"color: #000000;\">Ai tha se e p\u00ebrdori foton p\u00ebr t\u00eb testuar konkurrenc\u00ebn dhe p\u00ebr t\u00eb krijuar nj\u00eb diskutim p\u00ebr t\u00eb ardhmen e fotografis\u00eb.<\/span><\/p>\n<p><span style=\"color: #000000;\">Organizator\u00ebt e \u00e7mimit i than\u00eb BBC News se Eldagsen i kishte mashtruar ata rreth p\u00ebrdorimit t\u00eb IA q\u00eb do t\u00eb p\u00ebrfshihej.<\/span><\/p>\n<p><span style=\"color: #000000;\">N\u00eb nj\u00eb deklarat\u00eb t\u00eb shp\u00ebrndar\u00eb n\u00eb faqen e tij t\u00eb internetit, Eldagsen pranoi se kishte qen\u00eb nj\u00eb &#8220;majmun i pafytyr\u00eb&#8221;, duke fal\u00ebnderuar gjyqtar\u00ebt q\u00eb &#8220;p\u00ebrzgjodh\u00ebn imazhin tim dhe e b\u00ebn\u00eb k\u00ebt\u00eb nj\u00eb moment historik&#8221;, nd\u00ebrsa pyeti n\u00ebse ndonj\u00eb prej tyre &#8220;e dinte ose dyshonte se ishte gjeneruar nga IA&#8221;.<\/span><\/p>\n<p><span style=\"color: #000000;\">\u201c<em>Imazhet e IA dhe fotografia nuk duhet t\u00eb konkurrojn\u00eb me nj\u00ebra-tjetr\u00ebn n\u00eb nj\u00eb \u00e7mim si ky<\/em>,\u201d vazhdoi ai.<\/span><\/p>\n<p><span style=\"color: #000000;\">&#8220;<em>Ata jan\u00eb entitete t\u00eb ndryshme. IA nuk \u00ebsht\u00eb fotografi. Prandaj nuk do ta pranoj \u00e7mimin<\/em>.&#8221;<\/span><\/p>\n<p><span style=\"color: #000000;\">Imazhi n\u00eb fjal\u00eb tregonte nj\u00eb portret t\u00eb bezdissh\u00ebm bardh e zi t\u00eb dy grave nga breza t\u00eb ndrysh\u00ebm.<\/span><\/p>\n<p><span style=\"color: #000000;\">Por, si\u00e7 theksoi Eldagsen, n\u00eb deklarat\u00ebn e tij: &#8220;Di\u00e7ka nuk duket mir\u00eb, apo jo?&#8221; Kjo di\u00e7ka, sigurisht, \u00ebsht\u00eb fakti q\u00eb nuk \u00ebsht\u00eb aspak nj\u00eb fotografi e v\u00ebrtet\u00eb &#8211; por nj\u00eb imazh i prodhuar n\u00eb m\u00ebnyr\u00eb sintetike.<\/span><\/p>\n<p><span style=\"color: #000000;\">P\u00ebrdorimi i IA n\u00eb gjith\u00e7ka, nga shkrimi i k\u00ebng\u00ebve dhe eseve, tek makinat pa shofer, terapist\u00ebt e chatbox-it dhe zhvillimi i mjek\u00ebsis\u00eb \u00ebsht\u00eb debatuar gjer\u00ebsisht muajt e fundit. Tani p\u00ebrshtatshm\u00ebria dhe dobia e saj n\u00eb lidhje me fotografin\u00eb &#8211; ve\u00e7an\u00ebrisht &#8220;deepfakes&#8221; &#8211; \u00ebsht\u00eb v\u00ebn\u00eb n\u00eb fokus.<\/span><\/p>\n<p><span style=\"color: #000000;\">Nj\u00eb z\u00ebdh\u00ebn\u00ebs i Organizat\u00ebs Bot\u00ebrore t\u00eb Fotografis\u00eb, grupi fotografik i organizator\u00ebve t\u00eb ngjarjeve artistike Creo, tha se gjat\u00eb diskutimeve t\u00eb tyre me artistin, p\u00ebrpara se ai t\u00eb shpallej fitues, ai kishte konfirmuar se pjesa ishte nj\u00eb &#8220;bashk\u00ebkrijim&#8221; i imazhit t\u00eb tij duke p\u00ebrdorur IA.<\/span><\/p>\n<p><span style=\"color: #000000;\">Ai vuri n\u00eb dukje interesin e tij p\u00ebr &#8220;mund\u00ebsit\u00eb krijuese t\u00eb gjenerues\u00ebve t\u00eb IA&#8221;, nd\u00ebrsa &#8220;theksi i imazhit mb\u00ebshtetet shum\u00eb n\u00eb njohurit\u00eb e tij t\u00eb pasura n\u00eb fotografi&#8221;.<\/span><\/p>\n<p><span style=\"color: #000000;\"><strong>Analiz\u00eb nga Chris Vallance, reporter i lart\u00eb i teknologjis\u00eb n\u00eb BBC<\/strong><\/span><\/p>\n<p><span style=\"color: #000000;\">Kur nj\u00eb imazh i krijuar nga IA fitoi nj\u00eb konkurs shtet\u00ebror t\u00eb artit n\u00eb SHBA shtatorin e kaluar, ndezi nj\u00eb debat q\u00eb ka vijuar q\u00eb at\u00ebher\u00eb.<\/span><\/p>\n<p><span style=\"color: #000000;\">Gjat\u00eb gjith\u00eb koh\u00ebs fuqia e teknologjis\u00eb rritet n\u00eb dukje jav\u00eb pas jave.<\/span><\/p>\n<p><span style=\"color: #000000;\">Fotograf\u00ebt dhe artist\u00ebt q\u00eb m\u00eb par\u00eb mund ta ngush\u00ebllonin veten duke v\u00ebn\u00eb n\u00eb dukje t\u00eb metat n\u00eb imazhet e krijuara nga IA, tani e kuptojn\u00eb se ato po b\u00ebhen gjithnj\u00eb e m\u00eb t\u00eb v\u00ebshtira p\u00ebr t&#8217;u dalluar.<\/span><\/p>\n<p><span style=\"color: #000000;\">Muajin e kaluar, presidenti i Shoqat\u00ebs s\u00eb Fotograf\u00ebve, Tim Flach, m\u00eb tregoi p\u00ebr tronditjen e tij se sa e leht\u00eb ishte krijimi i nj\u00eb imazhi t\u00eb nj\u00eb tigri me inteligjenc\u00eb artificiale q\u00eb i ngjante shum\u00eb nj\u00eb fotoje q\u00eb duhej t\u00eb futej n\u00eb kafaz p\u00ebr ta kapur.<\/span><\/p>\n<p><span style=\"color: #000000;\">Shum\u00eb artist\u00eb dhe fotograf\u00eb akuzojn\u00eb sistemet e IA p\u00ebr shfryt\u00ebzim t\u00eb padrejt\u00eb t\u00eb veprave t\u00eb qindra mij\u00ebra krijuesve njer\u00ebzor\u00eb mbi t\u00eb cil\u00ebt sistemet jan\u00eb trajnuar &#8211; disa madje kan\u00eb nisur veprime ligjore.<\/span><\/p>\n<p><span style=\"color: #000000;\">Por t\u00eb tjer\u00ebt thjesht e konsiderojn\u00eb IA si nj\u00eb mjet tjet\u00ebr, nj\u00eb kategori t\u00eb re arti ndoshta, por jo m\u00eb pak t\u00eb vlefshme.<\/span><\/p>\n<p><span style=\"color: #000000;\">Vet\u00eb fotografia dikur ishte nj\u00eb shpikje e re dhe, p\u00ebr disa, k\u00ebrc\u00ebnuese, ata theksojn\u00eb.<\/span><\/p>\n<p><span style=\"color: #000000;\">Por nj\u00eb mori \u00e7\u00ebshtjesh shum\u00eb themelore mbeten t\u00eb paqarta, duke p\u00ebrfshir\u00eb se kush zot\u00ebron t\u00eb drejtat e autorit p\u00ebr nj\u00eb imazh t\u00eb IA.<\/span><\/p>\n<p><span style=\"color: #000000;\">P\u00ebrve\u00e7 fotove, IA ka krijuar nj\u00eb s\u00ebr\u00eb pyetjesh etike dhe ligjore ende pa p\u00ebrgjigje.<\/span><\/p>\n<p><span style=\"color: #000000;\"><strong>&#8220;Un\u00eb nuk e faj\u00ebsoj Borisin&#8221;<\/strong><\/span><\/p>\n<p><span style=\"color: #000000;\">Eldagsen i tha BBC-s\u00eb t\u00eb h\u00ebn\u00ebn se ai ua kishte b\u00ebr\u00eb t\u00eb qart\u00eb organizator\u00ebve se edhe ai d\u00ebshironte t\u00eb p\u00ebrfshihej publikisht n\u00eb &#8220;diskutimin e hapur&#8221; mbi k\u00ebt\u00eb tem\u00eb.<\/span><\/p>\n<p><span style=\"color: #000000;\">Ai sugjeroi gjithashtu dhurimin e \u00e7mimit p\u00ebr nj\u00eb festival fotografie t\u00eb organizuar n\u00eb Odesa, Ukrain\u00eb.<\/span><\/p>\n<p><span style=\"color: #000000;\">Fotografi dhe blogeri Feroz Khan tregoi nj\u00eb interes t\u00eb ve\u00e7ant\u00eb se si rrodh\u00ebn ngjarjet e jav\u00ebs s\u00eb kaluar. Dhe ai tha se nuk e faj\u00ebsoi artistin p\u00ebr shfaqjen se &#8220;ka nj\u00eb problem k\u00ebtu n\u00eb industrin\u00eb e fotografis\u00eb&#8221;.<\/span><\/p>\n<p><span style=\"color: #000000;\">\u201c<em>Si fillim, shumica e njer\u00ebzve e kan\u00eb t\u00eb v\u00ebshtir\u00eb t\u00eb dallojn\u00eb imazhet e krijuara nga AI nga fotografit\u00eb (t\u00eb pakt\u00ebn n\u00eb shikim t\u00eb par\u00eb),\u201d<\/em> shkroi ai. &#8220;Brenda disa muajsh, ndoshta do t\u00eb b\u00ebhet edhe m\u00eb e v\u00ebshtir\u00eb t\u00eb p\u00ebrcaktohen dallimet kritike n\u00ebse nuk shqyrtohen me kujdes.<\/span><\/p>\n<p><span style=\"color: #000000;\">\u201cMe k\u00ebt\u00eb q\u00ebllim, Boris ka deklaruar se d\u00ebshiron q\u00eb organizator\u00ebt e konkursit t\u00eb fotografis\u00eb t\u00eb ken\u00eb kategori t\u00eb ve\u00e7anta p\u00ebr imazhet e IA.<\/span><\/p>\n<p><span style=\"color: #000000;\">&#8220;<em>Un\u00eb e vler\u00ebsoj at\u00eb q\u00eb d\u00ebshironte k\u00ebt\u00eb dallim n\u00eb konkurset e fotografive. Po, ai hyri n\u00eb nj\u00eb imazh t\u00eb IA n\u00eb konkurs, por nuk duket se ishte i gatsh\u00ebm t\u00eb mashtronte dik\u00eb. Ai donte t\u00eb n\u00ebnvizonte nj\u00eb \u00e7\u00ebshtje q\u00eb sigurisht k\u00ebrkon shum\u00eb m\u00eb tep\u00ebr v\u00ebmendje nga t\u00eb gjith\u00eb<\/em>.&#8221;<\/span><\/p>\n<p><span style=\"color: #000000;\">Ai arriti n\u00eb p\u00ebrfundimin se Eldagsen kishte &#8220;treguar qart\u00eb se edhe fotograf\u00ebt me p\u00ebrvoj\u00eb dhe ekspert\u00ebt e artit mund t\u00eb mashtrohen&#8221;.<\/span><\/p>\n<p><span style=\"color: #000000;\">Nj\u00eb ekspozit\u00eb e fituesve dhe imazheve t\u00eb p\u00ebrzgjedhura n\u00eb list\u00ebn e ngusht\u00eb nga \u00c7mimet Bot\u00ebrore t\u00eb Fotografis\u00eb Sony t\u00eb k\u00ebtij viti po zhvillohet n\u00eb Somerset House, Lond\u00ebr nga tani deri m\u00eb 1 maj 2023.<\/span><\/p>\n","protected":false,"gt_translate_keys":[{"key":"rendered","format":"html"}]},"excerpt":{"rendered":"<p>Artisti gjerman Boris Eldagsen, ka refuzuar \u00e7mimin e madh p\u00ebr nj\u00eb fotografi pasi zbuloi se punimi i tij ishte krijuar duke p\u00ebrdorur Inteligjenc\u00ebn Artificiale (IA). Fotografia e titulluar\u201d Pseudomnesia: Elektricisti\u201d, fitoi kategorin\u00eb e hapur krijuese n\u00eb \u00e7mimin Sony World Photography t\u00eb jav\u00ebs s\u00eb kaluar. Ai tha se e p\u00ebrdori foton p\u00ebr t\u00eb testuar konkurrenc\u00ebn dhe [&hellip;]<\/p>\n","protected":false,"gt_translate_keys":[{"key":"rendered","format":"html"}]},"author":32,"featured_media":591154,"comment_status":"closed","ping_status":"closed","sticky":false,"template":"","format":"standard","meta":{"footnotes":""},"categories":[22,13],"tags":[],"class_list":["post-591153","post","type-post","status-publish","format-standard","has-post-thumbnail","hentry","category-ballina","category-te-fundit"],"gt_translate_keys":[{"key":"link","format":"url"}],"_links":{"self":[{"href":"https:\/\/www.hashtag.al\/index.php\/wp-json\/wp\/v2\/posts\/591153","targetHints":{"allow":["GET"]}}],"collection":[{"href":"https:\/\/www.hashtag.al\/index.php\/wp-json\/wp\/v2\/posts"}],"about":[{"href":"https:\/\/www.hashtag.al\/index.php\/wp-json\/wp\/v2\/types\/post"}],"author":[{"embeddable":true,"href":"https:\/\/www.hashtag.al\/index.php\/wp-json\/wp\/v2\/users\/32"}],"replies":[{"embeddable":true,"href":"https:\/\/www.hashtag.al\/index.php\/wp-json\/wp\/v2\/comments?post=591153"}],"version-history":[{"count":0,"href":"https:\/\/www.hashtag.al\/index.php\/wp-json\/wp\/v2\/posts\/591153\/revisions"}],"wp:featuredmedia":[{"embeddable":true,"href":"https:\/\/www.hashtag.al\/index.php\/wp-json\/wp\/v2\/media\/591154"}],"wp:attachment":[{"href":"https:\/\/www.hashtag.al\/index.php\/wp-json\/wp\/v2\/media?parent=591153"}],"wp:term":[{"taxonomy":"category","embeddable":true,"href":"https:\/\/www.hashtag.al\/index.php\/wp-json\/wp\/v2\/categories?post=591153"},{"taxonomy":"post_tag","embeddable":true,"href":"https:\/\/www.hashtag.al\/index.php\/wp-json\/wp\/v2\/tags?post=591153"}],"curies":[{"name":"wp","href":"https:\/\/api.w.org\/{rel}","templated":true}]}}