{"id":590951,"date":"2023-04-17T20:30:58","date_gmt":"2023-04-17T18:30:58","guid":{"rendered":"https:\/\/www.hashtag.al\/?p=590951"},"modified":"2023-04-17T20:30:58","modified_gmt":"2023-04-17T18:30:58","slug":"mediu-igli-cara-perfaqesues-dinjitoz-per-bashkine-e-durresit","status":"publish","type":"post","link":"https:\/\/www.hashtag.al\/index.php\/2023\/04\/17\/mediu-igli-cara-perfaqesues-dinjitoz-per-bashkine-e-durresit\/","title":{"rendered":"Mediu: Igli Cara p\u00ebrfaq\u00ebsues dinjitoz p\u00ebr Bashkin\u00eb e Durr\u00ebsit","gt_translate_keys":[{"key":"rendered","format":"text"}]},"content":{"rendered":"<p><span style=\"color: #000000;\"><a href=\"https:\/\/www.hashtag.al\/wp-content\/uploads\/2023\/04\/mediu-durres.jpg\"><img loading=\"lazy\" decoding=\"async\" class=\"aligncenter size-full wp-image-590952\" src=\"https:\/\/www.hashtag.al\/wp-content\/uploads\/2023\/04\/mediu-durres.jpg\" alt=\"\" width=\"424\" height=\"241\" srcset=\"https:\/\/www.hashtag.al\/wp-content\/uploads\/2023\/04\/mediu-durres.jpg 424w, https:\/\/www.hashtag.al\/wp-content\/uploads\/2023\/04\/mediu-durres-300x171.jpg 300w\" sizes=\"auto, (max-width: 424px) 100vw, 424px\" \/><\/a><\/span><\/p>\n<p><span style=\"color: #000000;\">Kryetari i Partis\u00eb Republikane, Fatmir Mediu, u shpreh se kandidati i koalicionit \u201cBashk\u00eb Fitojm\u00eb\u201d p\u00ebr zgjedhjet e 14 majit n\u00eb Durr\u00ebs, Igli Cara, \u00ebsht\u00eb nj\u00eb \u201cp\u00ebrfaq\u00ebsues dinjitoz\u201d bashkin\u00eb.<\/span><\/p>\n<p><span style=\"color: #000000;\">Mediu deklaroi se Shqip\u00ebria gjat\u00eb qeverisjes s\u00eb Edi Ram\u00ebs \u00ebsht\u00eb varf\u00ebruar dhe kapur nga krimi, nd\u00ebrsa shtoi se\u00a0vendi ndodhet n\u00eb nj\u00eb \u201cgjendje shoku social ekonomik\u201d dhe duhet shp\u00ebtuar me vot\u00eb n\u00eb 14 maj.<\/span><\/p>\n<p><span style=\"color: #000000;\">\u201c<em>Kjo \u00ebsht\u00eb lufta p\u00ebr t\u2019ia kthyer Durr\u00ebsin e mbar\u00eb Shqip\u00ebrin\u00eb qytetar\u00ebve shqiptar\u00eb. Iglin e kam njohur si qytetar t\u00eb Durr\u00ebsit q\u00eb e do qytetin, q\u00eb t\u00eb gjendet n\u00eb \u00e7do koh\u00eb, edhe kur ka pasur pushtet, edhe kur nuk ka pasur. I q\u00ebndron gjykimit t\u00eb fjal\u00ebs s\u00eb tij. Kam bindjen se Igli nuk \u00ebsht\u00eb vet\u00ebm nj\u00eb p\u00ebrfaq\u00ebsues dinjitoz i Durr\u00ebsit, por i mbar\u00eb Shqip\u00ebris\u00eb. Parat\u00eb e korrupsionit jan\u00eb n\u00eb sh\u00ebrbim t\u00eb Plot\u00eb t\u00eb Ram\u00ebs.<\/em><\/span><\/p>\n<p><span style=\"color: #000000;\"><em>Ky k\u00ebrc\u00ebnon p\u00ebr grabitje prone\u2026 Ata mendojn\u00eb se \u00ebsht\u00eb n\u00eb shitje edhe jeta jon\u00eb, edhe dinjiteti yn\u00eb. Shum\u00eb njer\u00ebz nga frika druhen t\u00eb dalin hapur dhe t\u00eb thon\u00eb fjal\u00ebn e tyre. Ka nj\u00eb shprehje t\u00eb famshme, q\u00eb armiku m\u00eb i madh i liris\u00eb, \u00ebsht\u00eb skllavi i lumtur. K\u00ebshtu b\u00ebjn\u00eb k\u00ebta, duke na kthyer n\u00eb skllev\u00ebr modern\u00eb. Fitorja e Iglit do t\u00eb \u00e7lironte edhe frik\u00ebn n\u00eb t\u00eb gjith\u00eb Shqip\u00ebrin\u00eb. E kaluara e shtetit monist n\u00eb Shqip\u00ebri, koh\u00ebs kur partia ishte zot mbi zot nuk \u00ebsht\u00eb nj\u00eb e kaluar e larg\u00ebt. Kjo e kaluar shikojm\u00eb t\u00eb kthehet \u00e7do dit\u00eb, pluralizmi politik \u00ebsht\u00eb z\u00ebvend\u00ebsuar me pazare politike.<\/em><\/span><\/p>\n<p><span style=\"color: #000000;\"><em>Droga dhe krimi kan\u00eb zaptuar vendin. P\u00ebrpara thot\u00eb Rama, por p\u00ebr ku? Drejt varf\u00ebris\u00eb q\u00eb ka kapur Shqip\u00ebrin\u00eb? P\u00ebrpara p\u00ebr shkat\u00ebrrimin e opozit\u00ebs dhe t\u00eb interesit komb\u00ebtar? P\u00ebr t\u2019u b\u00ebr\u00eb ata pronar\u00eb t\u00eb jet\u00ebs politike, ekonomike dhe mediatike? Qeveria k\u00ebrkon t\u00eb shkoj\u00eb p\u00ebrpara dhe l\u00eb pas shqiptar\u00ebt pa shpres\u00eb. Ata dhunohen \u00e7do dit\u00eb. Shqip\u00ebria \u00ebsht\u00eb n\u00eb gjendje shoku social dhe ekonomik. Pushteti lokal \u00ebsht\u00eb nj\u00ebsoj si n\u00eb koh\u00ebn e komunizmit, nj\u00eb zgjatim i Ram\u00ebs. Zona t\u00eb t\u00ebra rurale jan\u00eb l\u00ebn\u00eb jasht\u00eb v\u00ebmendjes. Ata e shohin Durr\u00ebsin si nj\u00eb pla\u00e7k\u00eb tregu.<\/em><\/span><\/p>\n<p><span style=\"color: #000000;\"><em>Ka nj\u00eb aleanc\u00eb mbar\u00ebbot\u00ebrore q\u00eb po k\u00ebrkon t\u00eb na shkat\u00ebrrojn\u00eb. T\u00eb flas\u00ebsh p\u00ebr Shqip\u00ebri e komb shqiptar \u00ebsht\u00eb nacionaliz\u00ebm. T\u00eb flas\u00ebsh p\u00ebr miq\u00ebsi me Beogradin \u00ebsht\u00eb europianiz\u00ebm. T\u00eb thyejm\u00eb tabut\u00eb duke par\u00eb politikan\u00ebt si zot\u201d,<\/em> u shpreh Mediu.<\/span><\/p>\n","protected":false,"gt_translate_keys":[{"key":"rendered","format":"html"}]},"excerpt":{"rendered":"<p>Kryetari i Partis\u00eb Republikane, Fatmir Mediu, u shpreh se kandidati i koalicionit \u201cBashk\u00eb Fitojm\u00eb\u201d p\u00ebr zgjedhjet e 14 majit n\u00eb Durr\u00ebs, Igli Cara, \u00ebsht\u00eb nj\u00eb \u201cp\u00ebrfaq\u00ebsues dinjitoz\u201d bashkin\u00eb. Mediu deklaroi se Shqip\u00ebria gjat\u00eb qeverisjes s\u00eb Edi Ram\u00ebs \u00ebsht\u00eb varf\u00ebruar dhe kapur nga krimi, nd\u00ebrsa shtoi se\u00a0vendi ndodhet n\u00eb nj\u00eb \u201cgjendje shoku social ekonomik\u201d dhe duhet [&hellip;]<\/p>\n","protected":false,"gt_translate_keys":[{"key":"rendered","format":"html"}]},"author":32,"featured_media":590952,"comment_status":"closed","ping_status":"closed","sticky":false,"template":"","format":"standard","meta":{"footnotes":""},"categories":[65,13],"tags":[],"class_list":["post-590951","post","type-post","status-publish","format-standard","has-post-thumbnail","hentry","category-lajme","category-te-fundit"],"gt_translate_keys":[{"key":"link","format":"url"}],"_links":{"self":[{"href":"https:\/\/www.hashtag.al\/index.php\/wp-json\/wp\/v2\/posts\/590951","targetHints":{"allow":["GET"]}}],"collection":[{"href":"https:\/\/www.hashtag.al\/index.php\/wp-json\/wp\/v2\/posts"}],"about":[{"href":"https:\/\/www.hashtag.al\/index.php\/wp-json\/wp\/v2\/types\/post"}],"author":[{"embeddable":true,"href":"https:\/\/www.hashtag.al\/index.php\/wp-json\/wp\/v2\/users\/32"}],"replies":[{"embeddable":true,"href":"https:\/\/www.hashtag.al\/index.php\/wp-json\/wp\/v2\/comments?post=590951"}],"version-history":[{"count":0,"href":"https:\/\/www.hashtag.al\/index.php\/wp-json\/wp\/v2\/posts\/590951\/revisions"}],"wp:featuredmedia":[{"embeddable":true,"href":"https:\/\/www.hashtag.al\/index.php\/wp-json\/wp\/v2\/media\/590952"}],"wp:attachment":[{"href":"https:\/\/www.hashtag.al\/index.php\/wp-json\/wp\/v2\/media?parent=590951"}],"wp:term":[{"taxonomy":"category","embeddable":true,"href":"https:\/\/www.hashtag.al\/index.php\/wp-json\/wp\/v2\/categories?post=590951"},{"taxonomy":"post_tag","embeddable":true,"href":"https:\/\/www.hashtag.al\/index.php\/wp-json\/wp\/v2\/tags?post=590951"}],"curies":[{"name":"wp","href":"https:\/\/api.w.org\/{rel}","templated":true}]}}