{"id":590885,"date":"2023-04-17T13:56:25","date_gmt":"2023-04-17T11:56:25","guid":{"rendered":"https:\/\/www.hashtag.al\/?p=590885"},"modified":"2023-04-17T13:59:10","modified_gmt":"2023-04-17T11:59:10","slug":"pd-thirrje-kqz-se-dhe-ama-s-te-mos-perdoret-logoja-e-pd-se-nga-subjekte-qe-skane-lidhje-me-kete-force-te-respektohen-vendimet-e-gjykatave","status":"publish","type":"post","link":"https:\/\/www.hashtag.al\/index.php\/2023\/04\/17\/pd-thirrje-kqz-se-dhe-ama-s-te-mos-perdoret-logoja-e-pd-se-nga-subjekte-qe-skane-lidhje-me-kete-force-te-respektohen-vendimet-e-gjykatave\/","title":{"rendered":"PD thirrje KQZ-s\u00eb dhe AMA-s: T\u00eb mos p\u00ebrdoret logoja e PD-s\u00eb nga subjekte q\u00eb s\u2019kan\u00eb lidhje me k\u00ebt\u00eb forc\u00eb","gt_translate_keys":[{"key":"rendered","format":"text"}]},"content":{"rendered":"<p><span style=\"color: #000000;\"><a style=\"color: #000000;\" href=\"https:\/\/www.hashtag.al\/wp-content\/uploads\/2023\/04\/Karabina.png\"><img loading=\"lazy\" decoding=\"async\" class=\"aligncenter size-full wp-image-590886\" src=\"https:\/\/www.hashtag.al\/wp-content\/uploads\/2023\/04\/Karabina.png\" alt=\"\" width=\"692\" height=\"437\" srcset=\"https:\/\/www.hashtag.al\/wp-content\/uploads\/2023\/04\/Karabina.png 692w, https:\/\/www.hashtag.al\/wp-content\/uploads\/2023\/04\/Karabina-300x189.png 300w\" sizes=\"auto, (max-width: 692px) 100vw, 692px\" \/><\/a><\/span><\/p>\n<p><span style=\"color: #000000;\">Partia Demokratike i ka d\u00ebrguar sot nj\u00eb let\u00ebr AMA-s dhe KQZ-s\u00eb p\u00ebr t\u00eb ndaluar p\u00ebrdorimin e logon dhe simboleve t\u00eb PD-s\u00eb nga subjekte t\u00eb tjera.<\/span><\/p>\n<p><span style=\"color: #000000;\">Drejtoresha e komunikimit t\u00eb fushat\u00ebs s\u00eb kandidatit p\u00ebr bashkin\u00eb Tiran\u00eb, Mirela Karabina tha sot se PD i b\u00ebn thirrje institucioneve shqiptare t\u00eb t\u00eb marrin masa p\u00ebr zbatimin e vendimeve t\u00eb gjykatave.<\/span><\/p>\n<p><span style=\"color: #000000;\">N\u00eb deklarat\u00eb thuhet m\u00eb tej se Partia Demokratike e Shqip\u00ebris\u00eb, p\u00ebrfaq\u00ebsohet n\u00eb gar\u00ebn p\u00ebr Bashkin\u00eb Tiran\u00eb me t\u00eb vetmin kandidat, zotin Roland Bejko, i njohur dhe i regjistruar n\u00eb k\u00ebto zgjedhje sipas t\u00eb gjitha ligjeve n\u00eb fuqi dhe n\u00eb zbatim t\u00eb kodit zgjedhor shqiptar<\/span><\/p>\n<p><span style=\"color: #000000;\">DEKLARATA E PLOT\u00cb<\/span><\/p>\n<p><span style=\"color: #000000;\"><em>Shtabi elektoral i kandidatit t\u00eb Partis\u00eb Demokratike p\u00ebr Bashkin\u00eb Tiran\u00eb, zotit Roland Bejko, i b\u00ebn\u00eb thirrje institucioneve shqiptare, Komisionit Qendror t\u00eb Zgjedhjeve, AMA-s dhe mediave, t\u00eb marrin masa dhe t\u00eb ndalojn\u00eb menj\u00ebher\u00eb p\u00ebrdorimin e emrit t\u00eb Partis\u00eb Demokratike, logos dhe simboleve t\u00eb saj nga subjekte zgjedhore t\u00eb cilat nuk kan\u00eb asnj\u00eb lidhje me Partin\u00eb Demokratike.<\/em><\/span><\/p>\n<p><span style=\"color: #000000;\"><em>Ne k\u00ebrkojm\u00eb nga k\u00ebto institucione, zbatimin e shtetit ligjor dhe vendimeve t\u00eb gjykatave t\u00eb Republik\u00ebs s\u00eb Shqip\u00ebris\u00eb. I b\u00ebjm\u00eb thirrje \u00e7do subjekti politik, t\u00eb mos p\u00ebrdorin dhe keqp\u00ebrdorin emrin e Partis\u00eb Demokratike, n\u00eb media apo takime elektorale, nga njer\u00ebz dhe drejtues t\u00eb formacioneve t\u00eb ndryshme elektorale.<\/em><\/span><\/p>\n<p><span style=\"color: #000000;\"><em>Partia Demokratike e Shqip\u00ebris\u00eb, p\u00ebrfaq\u00ebsohet n\u00eb gar\u00ebn p\u00ebr Bashkin\u00eb Tiran\u00eb me t\u00eb vetmin kandidat, zotin Roland Bejko, i njohur dhe i regjistruar n\u00eb k\u00ebto zgjedhje sipas t\u00eb gjitha ligjeve n\u00eb fuqi dhe n\u00eb zbatim t\u00eb kodit zgjedhor shqiptar. Ne do t\u00eb marrim t\u00eb gjitha masat ligjore p\u00ebr t\u00eb mbrojtur identitetin e Partis\u00eb Demokratike, identitetin e t\u00eb djatht\u00ebs shqiptare q\u00eb ajo p\u00ebrfaq\u00ebson.<\/em><\/span><\/p>\n<p><span style=\"color: #000000;\"><em>Partia Demokratike ka paraqitur sot \u201cAnkes\u00eb n\u00eb lidhje me keqinfomimin e disa subjekteve mediatike\u201d drejtuar:<\/em><\/span><\/p>\n<p><span style=\"color: #000000;\"><em>Znj. Armela Krasniqi, Kryetare e Autoriteti te Mediave Audiovizive,<\/em><\/span><\/p>\n<p><span style=\"color: #000000;\"><em>Znj. Desada Metaj, Z\u00ebvend\u00ebskryetare e Mediave Audiovizive,<\/em><\/span><\/p>\n<p><span style=\"color: #000000;\"><em>1.Ilirjan Celibashi, Komisioner Shtet\u00ebror i Zgjedhjeve.<\/em><\/span><\/p>\n<p><span style=\"color: #000000;\"><em>Gjithashtu, i b\u00ebjm\u00eb thirrje mediave dhe institucioneve q\u00eb monitorojn\u00eb ato, t\u00eb zbatojn\u00eb parimin e hap\u00ebsirave televizive sipas parimit \u201cpar condicion\u201d p\u00ebr subjektin politik Partia Demokratike si partia m\u00eb e madhe opozitare dhe t\u00eb gjith\u00eb kandidat\u00ebve t\u00eb saj p\u00ebr k\u00ebshillat bashkiak dhe kryetar bashkie.<\/em><\/span><\/p>\n","protected":false,"gt_translate_keys":[{"key":"rendered","format":"html"}]},"excerpt":{"rendered":"<p>Partia Demokratike i ka d\u00ebrguar sot nj\u00eb let\u00ebr AMA-s dhe KQZ-s\u00eb p\u00ebr t\u00eb ndaluar p\u00ebrdorimin e logon dhe simboleve t\u00eb PD-s\u00eb nga subjekte t\u00eb tjera. Drejtoresha e komunikimit t\u00eb fushat\u00ebs s\u00eb kandidatit p\u00ebr bashkin\u00eb Tiran\u00eb, Mirela Karabina tha sot se PD i b\u00ebn thirrje institucioneve shqiptare t\u00eb t\u00eb marrin masa p\u00ebr zbatimin e vendimeve t\u00eb [&hellip;]<\/p>\n","protected":false,"gt_translate_keys":[{"key":"rendered","format":"html"}]},"author":30,"featured_media":590886,"comment_status":"closed","ping_status":"closed","sticky":false,"template":"","format":"standard","meta":{"footnotes":""},"categories":[65],"tags":[],"class_list":["post-590885","post","type-post","status-publish","format-standard","has-post-thumbnail","hentry","category-lajme"],"gt_translate_keys":[{"key":"link","format":"url"}],"_links":{"self":[{"href":"https:\/\/www.hashtag.al\/index.php\/wp-json\/wp\/v2\/posts\/590885","targetHints":{"allow":["GET"]}}],"collection":[{"href":"https:\/\/www.hashtag.al\/index.php\/wp-json\/wp\/v2\/posts"}],"about":[{"href":"https:\/\/www.hashtag.al\/index.php\/wp-json\/wp\/v2\/types\/post"}],"author":[{"embeddable":true,"href":"https:\/\/www.hashtag.al\/index.php\/wp-json\/wp\/v2\/users\/30"}],"replies":[{"embeddable":true,"href":"https:\/\/www.hashtag.al\/index.php\/wp-json\/wp\/v2\/comments?post=590885"}],"version-history":[{"count":0,"href":"https:\/\/www.hashtag.al\/index.php\/wp-json\/wp\/v2\/posts\/590885\/revisions"}],"wp:featuredmedia":[{"embeddable":true,"href":"https:\/\/www.hashtag.al\/index.php\/wp-json\/wp\/v2\/media\/590886"}],"wp:attachment":[{"href":"https:\/\/www.hashtag.al\/index.php\/wp-json\/wp\/v2\/media?parent=590885"}],"wp:term":[{"taxonomy":"category","embeddable":true,"href":"https:\/\/www.hashtag.al\/index.php\/wp-json\/wp\/v2\/categories?post=590885"},{"taxonomy":"post_tag","embeddable":true,"href":"https:\/\/www.hashtag.al\/index.php\/wp-json\/wp\/v2\/tags?post=590885"}],"curies":[{"name":"wp","href":"https:\/\/api.w.org\/{rel}","templated":true}]}}