{"id":590772,"date":"2023-04-16T20:06:51","date_gmt":"2023-04-16T18:06:51","guid":{"rendered":"https:\/\/www.hashtag.al\/?p=590772"},"modified":"2023-04-16T20:07:19","modified_gmt":"2023-04-16T18:07:19","slug":"diplomatet-e-vendeve-te-g7-takohen-ne-japoni-diskutime-per-tensionet-kine-tajvan-dhe-lufta-ne-ukraine","status":"publish","type":"post","link":"https:\/\/www.hashtag.al\/index.php\/2023\/04\/16\/diplomatet-e-vendeve-te-g7-takohen-ne-japoni-diskutime-per-tensionet-kine-tajvan-dhe-lufta-ne-ukraine\/","title":{"rendered":"Diplomat\u00ebt e vendeve t\u00eb G7 takohen n\u00eb Japoni, diskutime p\u00ebr tensionet Kin\u00eb-Tajvan dhe luft\u00ebn n\u00eb Ukrain\u00eb","gt_translate_keys":[{"key":"rendered","format":"text"}]},"content":{"rendered":"<p><a href=\"https:\/\/www.hashtag.al\/wp-content\/uploads\/2023\/04\/Screenshot-2023-04-16-195534.png\"><img loading=\"lazy\" decoding=\"async\" class=\"aligncenter size-full wp-image-590773\" src=\"https:\/\/www.hashtag.al\/wp-content\/uploads\/2023\/04\/Screenshot-2023-04-16-195534.png\" alt=\"\" width=\"1012\" height=\"550\" srcset=\"https:\/\/www.hashtag.al\/wp-content\/uploads\/2023\/04\/Screenshot-2023-04-16-195534.png 1012w, https:\/\/www.hashtag.al\/wp-content\/uploads\/2023\/04\/Screenshot-2023-04-16-195534-300x163.png 300w, https:\/\/www.hashtag.al\/wp-content\/uploads\/2023\/04\/Screenshot-2023-04-16-195534-768x417.png 768w\" sizes=\"auto, (max-width: 1012px) 100vw, 1012px\" \/><\/a><\/p>\n<p><span style=\"color: #000000;\">Diplomat\u00ebt kryesor\u00eb t\u00eb G7 mb\u00ebrrit\u00ebn t\u00eb diel\u00ebn n\u00eb qytetin turistik japonez t\u00eb Karuizawa p\u00ebr bisedimet q\u00eb do t\u00eb dominohen nga krizat e dyfishta: Presioni n\u00eb rritje i Kin\u00ebs ndaj Tajvanit dhe lufta e Rusis\u00eb n\u00eb Ukrain\u00eb.<\/span><\/p>\n<p><span style=\"color: #000000;\">Takimi vjen disa dit\u00eb pasi Kina p\u00ebrfundoi st\u00ebrvitjet e m\u00ebdha ushtarake rreth Tajvanit t\u00eb vet\u00ebqeverisur dhe me Pekinin q\u00eb ndaloi anijet nga nj\u00eb zon\u00eb n\u00eb veri t\u00eb ishullit t\u00eb diel\u00ebn.<\/span><\/p>\n<p><span style=\"color: #000000;\">T\u00eb enjten, Koreja e Veriut l\u00ebshoi at\u00eb q\u00eb tha se ishte nj\u00eb raket\u00eb e re balistike nd\u00ebrkontinentale me l\u00ebnd\u00eb djeg\u00ebse t\u00eb ngurt\u00eb, e fundit n\u00eb nj\u00eb mori testesh q\u00eb kan\u00eb alarmuar per\u00ebndimin.<\/span><\/p>\n<p><span style=\"color: #000000;\">Kryeministri i Japonis\u00eb Fumio Kishida, qeveria e t\u00eb cilit ka rinovuar politik\u00ebn e mbrojtjes dhe shpenzimet p\u00ebrball\u00eb fuqis\u00eb kineze n\u00eb rritje, ka paralajm\u00ebruar vazhdimisht se \u201cUkraina sot mund t\u00eb jet\u00eb Azia Lindore nes\u00ebr\u201d.<\/span><\/p>\n<p><span style=\"color: #000000;\">G7 e ka paralajm\u00ebruar rregullisht Kin\u00ebn kund\u00ebr p\u00ebrpjekjeve p\u00ebr t\u00eb pushtuar Tajvanin dhe an\u00ebtar\u00ebt individual\u00eb kan\u00eb dh\u00ebn\u00eb alarmin dit\u00ebt e fundit.<\/span><\/p>\n<p><span style=\"color: #000000;\">\u201cNj\u00eb p\u00ebrshkall\u00ebzim ushtarak n\u00eb ngushtic\u00ebn e Tajvanit\u2026 do t\u00eb ishte nj\u00eb skenar tmerri p\u00ebr t\u00eb gjith\u00eb bot\u00ebn,\u201d tha Ministrja e Jashtme gjermane Annalena Baerbock t\u00eb premten n\u00eb Pekin.<\/span><\/p>\n<p><span style=\"color: #000000;\">Por do t\u00eb ket\u00eb nj\u00eb fokus t\u00eb rinovuar n\u00eb gjuh\u00ebn e grupimit pas komenteve t\u00eb fundit nga presidenti francez Emmanuel Macron.<\/span><\/p>\n<p><span style=\"color: #000000;\">K\u00ebmb\u00ebngulja e tij, pas nj\u00eb udh\u00ebtimi n\u00eb Pekin, se Evropa duhet t\u00eb shmang\u00eb \u201ckrizat q\u00eb nuk jan\u00eb tonat\u201d ka ngritur vetullat dhe zem\u00ebrimin e aleat\u00ebve t\u00eb Parisit, nd\u00ebrsa ka k\u00ebnaqur zyrtar\u00ebt kinez\u00eb.<\/span><\/p>\n<p><span style=\"color: #000000;\">Parisi ka punuar p\u00ebr t\u00eb zbutur reagimin, duke k\u00ebmb\u00ebngulur se pik\u00ebpamjet e Franc\u00ebs nuk kan\u00eb ndryshuar dhe shumica e v\u00ebzhguesve presin q\u00eb grupi t\u00eb p\u00ebrs\u00ebris\u00eb q\u00ebndrimet e m\u00ebparshme duke paralajm\u00ebruar Kin\u00ebn kund\u00ebr \u201cndryshimit t\u00eb status quo-s\u00eb me forc\u00eb\u201d.<\/span><\/p>\n","protected":false,"gt_translate_keys":[{"key":"rendered","format":"html"}]},"excerpt":{"rendered":"<p>Diplomat\u00ebt kryesor\u00eb t\u00eb G7 mb\u00ebrrit\u00ebn t\u00eb diel\u00ebn n\u00eb qytetin turistik japonez t\u00eb Karuizawa p\u00ebr bisedimet q\u00eb do t\u00eb dominohen nga krizat e dyfishta: Presioni n\u00eb rritje i Kin\u00ebs ndaj Tajvanit dhe lufta e Rusis\u00eb n\u00eb Ukrain\u00eb. Takimi vjen disa dit\u00eb pasi Kina p\u00ebrfundoi st\u00ebrvitjet e m\u00ebdha ushtarake rreth Tajvanit t\u00eb vet\u00ebqeverisur dhe me Pekinin q\u00eb [&hellip;]<\/p>\n","protected":false,"gt_translate_keys":[{"key":"rendered","format":"html"}]},"author":30,"featured_media":590773,"comment_status":"closed","ping_status":"closed","sticky":false,"template":"","format":"standard","meta":{"footnotes":""},"categories":[6],"tags":[],"class_list":["post-590772","post","type-post","status-publish","format-standard","has-post-thumbnail","hentry","category-nderkombetare"],"gt_translate_keys":[{"key":"link","format":"url"}],"_links":{"self":[{"href":"https:\/\/www.hashtag.al\/index.php\/wp-json\/wp\/v2\/posts\/590772","targetHints":{"allow":["GET"]}}],"collection":[{"href":"https:\/\/www.hashtag.al\/index.php\/wp-json\/wp\/v2\/posts"}],"about":[{"href":"https:\/\/www.hashtag.al\/index.php\/wp-json\/wp\/v2\/types\/post"}],"author":[{"embeddable":true,"href":"https:\/\/www.hashtag.al\/index.php\/wp-json\/wp\/v2\/users\/30"}],"replies":[{"embeddable":true,"href":"https:\/\/www.hashtag.al\/index.php\/wp-json\/wp\/v2\/comments?post=590772"}],"version-history":[{"count":0,"href":"https:\/\/www.hashtag.al\/index.php\/wp-json\/wp\/v2\/posts\/590772\/revisions"}],"wp:featuredmedia":[{"embeddable":true,"href":"https:\/\/www.hashtag.al\/index.php\/wp-json\/wp\/v2\/media\/590773"}],"wp:attachment":[{"href":"https:\/\/www.hashtag.al\/index.php\/wp-json\/wp\/v2\/media?parent=590772"}],"wp:term":[{"taxonomy":"category","embeddable":true,"href":"https:\/\/www.hashtag.al\/index.php\/wp-json\/wp\/v2\/categories?post=590772"},{"taxonomy":"post_tag","embeddable":true,"href":"https:\/\/www.hashtag.al\/index.php\/wp-json\/wp\/v2\/tags?post=590772"}],"curies":[{"name":"wp","href":"https:\/\/api.w.org\/{rel}","templated":true}]}}