{"id":590710,"date":"2023-04-16T15:00:45","date_gmt":"2023-04-16T13:00:45","guid":{"rendered":"https:\/\/www.hashtag.al\/?p=590710"},"modified":"2023-04-16T15:16:30","modified_gmt":"2023-04-16T13:16:30","slug":"pamje-te-renda-gangsteri-indian-i-kthyer-ne-politikan-vritet-teksa-fliste-me-gazetaret-ne-transmetim-te-drejtperdrejte-video","status":"publish","type":"post","link":"https:\/\/www.hashtag.al\/index.php\/2023\/04\/16\/pamje-te-renda-gangsteri-indian-i-kthyer-ne-politikan-vritet-teksa-fliste-me-gazetaret-ne-transmetim-te-drejtperdrejte-video\/","title":{"rendered":"PAMJE T\u00cb R\u00cbNDA\/ Gangsteri indian i kthyer n\u00eb politikan vritet teksa fliste me gazetar\u00ebt n\u00eb transmetim t\u00eb drejtp\u00ebrdrejt\u00eb (VIDEO)","gt_translate_keys":[{"key":"rendered","format":"text"}]},"content":{"rendered":"<p><img loading=\"lazy\" decoding=\"async\" class=\"aligncenter size-full wp-image-590724\" src=\"https:\/\/www.hashtag.al\/wp-content\/uploads\/2023\/04\/ezgif.com-webp-to-jpg-29.jpg\" alt=\"\" width=\"1200\" height=\"900\" srcset=\"https:\/\/www.hashtag.al\/wp-content\/uploads\/2023\/04\/ezgif.com-webp-to-jpg-29.jpg 1200w, https:\/\/www.hashtag.al\/wp-content\/uploads\/2023\/04\/ezgif.com-webp-to-jpg-29-300x225.jpg 300w, https:\/\/www.hashtag.al\/wp-content\/uploads\/2023\/04\/ezgif.com-webp-to-jpg-29-1024x768.jpg 1024w, https:\/\/www.hashtag.al\/wp-content\/uploads\/2023\/04\/ezgif.com-webp-to-jpg-29-768x576.jpg 768w\" sizes=\"auto, (max-width: 1200px) 100vw, 1200px\" \/><\/p>\n<p><span style=\"color: #000000;\">Gangsteri indian dhe ish-politikani Atiq Ahmed u q\u00ebllua p\u00ebr vdekje gjat\u00eb nj\u00eb transmetimi t\u00eb drejtp\u00ebrdrejt\u00eb t\u00eb shtun\u00ebn mbr\u00ebma, nd\u00ebrsa ai dhe v\u00ebllai i tij po shoq\u00ebroheshin nga policia dhe po flisnin me gazetar\u00ebt. Vrasja ndodhi n\u00eb qytetin Prayagraj, n\u00eb shtetin verior t\u00eb Indis\u00eb, Uttar Pradesh.<\/span><\/p>\n<p><span style=\"color: #000000;\">Atiq Ahmed, i cili po vuante nj\u00eb d\u00ebnim t\u00eb p\u00ebrjetsh\u00ebm p\u00ebr rr\u00ebmbim, dhe v\u00ebllai i tij Ashraf po shoq\u00ebroheshin n\u00eb spital p\u00ebr nj\u00eb kontroll mjek\u00ebsor.<\/span><\/p>\n<p><span style=\"color: #000000;\">I lidhur me pranga dhe i rrethuar nga oficer\u00ebt, Ahmedi po fliste me disa gazetar\u00eb kur u q\u00ebllua n\u00eb distanc\u00eb. Nga t\u00eb sht\u00ebnat humbi jet\u00ebn edhe i v\u00ebllai nd\u00ebrsa nj\u00eb polic dhe nj\u00eb gazetar u plagos\u00ebn.<\/span><\/p>\n<p><span style=\"color: #000000;\">P\u00ebrsona t\u00eb tjer\u00eb u pan\u00eb gjithashtu duke gjuajtur t\u00eb sht\u00ebna n\u00eb trupat e v\u00ebllez\u00ebrve pasi ata ran\u00eb p\u00ebrtok\u00eb.<\/span><\/p>\n<p><span style=\"color: #000000;\">N\u00eb vendin e ngjarjes u ndaluan tre t\u00eb dyshuar. Oficeri i policis\u00eb Ramit Sharma tha se sulmuesit iu afruan Ahmedit duke u paraqitur si gazetar\u00eb.<\/span><\/p>\n<p><span style=\"color: #000000;\"><em>&#8220;Gjith\u00e7ka ndodhi n\u00eb pak sekonda,&#8221;<\/em> tha ai.<\/span><\/p>\n<p><span style=\"color: #000000;\">Mediat indiane cituan burime t\u00eb qeveris\u00eb rajonale t\u00eb ken\u00eb th\u00ebn\u00eb se t\u00eb gjith\u00eb t\u00eb dyshuarit kan\u00eb t\u00eb kaluar kriminale. Sipas nj\u00eb raporti krimi t\u00eb cituar nga mediat, sulmuesit u than\u00eb oficer\u00ebve se donin t\u00eb vrisnin v\u00ebllez\u00ebrit Ahmed \u2018p\u00ebr t&#8217;u b\u00ebr\u00eb t\u00eb njohur\u2019.<\/span><\/p>\n<div style=\"width: 1170px;\" class=\"wp-video\"><video class=\"wp-video-shortcode\" id=\"video-590710-1\" width=\"1170\" height=\"658\" preload=\"metadata\" controls=\"controls\"><source type=\"video\/mp4\" src=\"https:\/\/www.hashtag.al\/wp-content\/uploads\/2023\/04\/Moment-When-Gangster-Atiq-Was-Killed-Shooting-Caught-on-Live-TV.mp4?_=1\" \/><a href=\"https:\/\/www.hashtag.al\/wp-content\/uploads\/2023\/04\/Moment-When-Gangster-Atiq-Was-Killed-Shooting-Caught-on-Live-TV.mp4\">https:\/\/www.hashtag.al\/wp-content\/uploads\/2023\/04\/Moment-When-Gangster-Atiq-Was-Killed-Shooting-Caught-on-Live-TV.mp4<\/a><\/video><\/div>\n<p>&nbsp;<\/p>\n<p><span style=\"color: #000000;\">Ahmed ka lindur n\u00eb Prayagraj n\u00eb vitin 1962. Sipas mediave, ai u akuzua p\u00ebr her\u00eb t\u00eb par\u00eb p\u00ebr vrasje n\u00eb mosh\u00ebn 17-vje\u00e7are dhe p\u00ebrfundimisht u ngrit n\u00eb drejtimin e nj\u00eb rrjeti kriminal n\u00eb Uttar Pradesh. Ai kishte m\u00eb shum\u00eb se 100 \u00e7\u00ebshtje penale t\u00eb nisura kund\u00ebr tij gjat\u00eb dy dekadave t\u00eb fundit.<\/span><\/p>\n<p><span style=\"color: #000000;\">Pavar\u00ebsisht reputacionit t\u00eb tij, Ahmed u zgjodh p\u00ebr t\u00eb sh\u00ebrbyer n\u00eb asamblen\u00eb shtet\u00ebrore t\u00eb Uttar Pradesh p\u00ebr pes\u00eb mandate radhazi midis 1989 dhe 2004 dhe ishte an\u00ebtar i Lok Sabha, dhoma e ul\u00ebt e parlamentit komb\u00ebtar t\u00eb Indis\u00eb midis 2004 dhe 2009.<\/span><\/p>\n<p><span style=\"color: #000000;\">Muajin e kaluar, Ahmed u d\u00ebnua me burgim t\u00eb p\u00ebrjetsh\u00ebm p\u00ebr rr\u00ebmbimin e avokatit Umesh Pal n\u00eb vitin 2006. Pal ishte nj\u00eb d\u00ebshmitar ky\u00e7 n\u00eb vrasjen e politikanit Raju Pal n\u00eb vitin 2005, rivali i Ahmed.<\/span><\/p>\n<p><span style=\"color: #000000;\">Umesh Pal u vra n\u00eb shkurt. Ahmed dhe djali i tij 19-vje\u00e7ar Asad ishin nd\u00ebr t\u00eb dyshuarit p\u00ebr vrasjen e avokatit. Vet\u00eb Asad u vra t\u00eb enjten n\u00eb nj\u00eb shk\u00ebmbim zjarri me policin\u00eb.<\/span><\/p>\n<p><img loading=\"lazy\" decoding=\"async\" class=\"aligncenter size-full wp-image-590712\" src=\"https:\/\/www.hashtag.al\/wp-content\/uploads\/2023\/04\/ezgif.com-webp-to-jpg-28.jpg\" alt=\"\" width=\"770\" height=\"517\" srcset=\"https:\/\/www.hashtag.al\/wp-content\/uploads\/2023\/04\/ezgif.com-webp-to-jpg-28.jpg 770w, https:\/\/www.hashtag.al\/wp-content\/uploads\/2023\/04\/ezgif.com-webp-to-jpg-28-300x201.jpg 300w, https:\/\/www.hashtag.al\/wp-content\/uploads\/2023\/04\/ezgif.com-webp-to-jpg-28-768x516.jpg 768w\" sizes=\"auto, (max-width: 770px) 100vw, 770px\" \/><\/p>\n","protected":false,"gt_translate_keys":[{"key":"rendered","format":"html"}]},"excerpt":{"rendered":"<p>Gangsteri indian dhe ish-politikani Atiq Ahmed u q\u00ebllua p\u00ebr vdekje gjat\u00eb nj\u00eb transmetimi t\u00eb drejtp\u00ebrdrejt\u00eb t\u00eb shtun\u00ebn mbr\u00ebma, nd\u00ebrsa ai dhe v\u00ebllai i tij po shoq\u00ebroheshin nga policia dhe po flisnin me gazetar\u00ebt. Vrasja ndodhi n\u00eb qytetin Prayagraj, n\u00eb shtetin verior t\u00eb Indis\u00eb, Uttar Pradesh. Atiq Ahmed, i cili po vuante nj\u00eb d\u00ebnim t\u00eb p\u00ebrjetsh\u00ebm [&hellip;]<\/p>\n","protected":false,"gt_translate_keys":[{"key":"rendered","format":"html"}]},"author":51,"featured_media":590724,"comment_status":"closed","ping_status":"closed","sticky":false,"template":"","format":"standard","meta":{"footnotes":""},"categories":[22,6],"tags":[],"class_list":["post-590710","post","type-post","status-publish","format-standard","has-post-thumbnail","hentry","category-ballina","category-nderkombetare"],"gt_translate_keys":[{"key":"link","format":"url"}],"_links":{"self":[{"href":"https:\/\/www.hashtag.al\/index.php\/wp-json\/wp\/v2\/posts\/590710","targetHints":{"allow":["GET"]}}],"collection":[{"href":"https:\/\/www.hashtag.al\/index.php\/wp-json\/wp\/v2\/posts"}],"about":[{"href":"https:\/\/www.hashtag.al\/index.php\/wp-json\/wp\/v2\/types\/post"}],"author":[{"embeddable":true,"href":"https:\/\/www.hashtag.al\/index.php\/wp-json\/wp\/v2\/users\/51"}],"replies":[{"embeddable":true,"href":"https:\/\/www.hashtag.al\/index.php\/wp-json\/wp\/v2\/comments?post=590710"}],"version-history":[{"count":0,"href":"https:\/\/www.hashtag.al\/index.php\/wp-json\/wp\/v2\/posts\/590710\/revisions"}],"wp:featuredmedia":[{"embeddable":true,"href":"https:\/\/www.hashtag.al\/index.php\/wp-json\/wp\/v2\/media\/590724"}],"wp:attachment":[{"href":"https:\/\/www.hashtag.al\/index.php\/wp-json\/wp\/v2\/media?parent=590710"}],"wp:term":[{"taxonomy":"category","embeddable":true,"href":"https:\/\/www.hashtag.al\/index.php\/wp-json\/wp\/v2\/categories?post=590710"},{"taxonomy":"post_tag","embeddable":true,"href":"https:\/\/www.hashtag.al\/index.php\/wp-json\/wp\/v2\/tags?post=590710"}],"curies":[{"name":"wp","href":"https:\/\/api.w.org\/{rel}","templated":true}]}}