{"id":590471,"date":"2023-04-15T11:42:18","date_gmt":"2023-04-15T09:42:18","guid":{"rendered":"https:\/\/www.hashtag.al\/?p=590471"},"modified":"2023-04-15T11:42:18","modified_gmt":"2023-04-15T09:42:18","slug":"rama-nga-kavaja-kush-voton-berishen-e-meten-kthehet-mbrapa-i-kishin-lene-ne-harrese-bashkite","status":"publish","type":"post","link":"https:\/\/www.hashtag.al\/index.php\/2023\/04\/15\/rama-nga-kavaja-kush-voton-berishen-e-meten-kthehet-mbrapa-i-kishin-lene-ne-harrese-bashkite\/","title":{"rendered":"Rama nga Kavaja: Kush voton Berish\u00ebn e Met\u00ebn kthehet mbrapa i kishin l\u00ebn\u00eb n\u00eb harres\u00eb bashkit\u00eb","gt_translate_keys":[{"key":"rendered","format":"text"}]},"content":{"rendered":"<p><span style=\"color: #000000;\"><a style=\"color: #000000;\" href=\"https:\/\/www.hashtag.al\/wp-content\/uploads\/2023\/04\/rama-kavaje.png\"><img loading=\"lazy\" decoding=\"async\" class=\"aligncenter size-full wp-image-590472\" src=\"https:\/\/www.hashtag.al\/wp-content\/uploads\/2023\/04\/rama-kavaje.png\" alt=\"\" width=\"1073\" height=\"607\" srcset=\"https:\/\/www.hashtag.al\/wp-content\/uploads\/2023\/04\/rama-kavaje.png 1073w, https:\/\/www.hashtag.al\/wp-content\/uploads\/2023\/04\/rama-kavaje-300x170.png 300w, https:\/\/www.hashtag.al\/wp-content\/uploads\/2023\/04\/rama-kavaje-1024x579.png 1024w, https:\/\/www.hashtag.al\/wp-content\/uploads\/2023\/04\/rama-kavaje-768x434.png 768w\" sizes=\"auto, (max-width: 1073px) 100vw, 1073px\" \/><\/a><\/span><\/p>\n<p><span style=\"color: #000000;\">Kryetari i Partis\u00eb Socialiste, Edi Rama gjat\u00eb nj\u00eb takimi n\u00eb Kavaj\u00eb n\u00eb vijim t\u00eb fushat\u00ebs zgjedhore p\u00ebr zgjedhjet e 14 majit.<\/span><\/p>\n<p><span style=\"color: #000000;\">Rama tha se Rama e Meta i kishin l\u00ebn\u00eb n\u00eb harres\u00eb bashkit\u00eb.<\/span><\/p>\n<p><span style=\"color: #000000;\"><em>\u201cMu kujtua se si ishte hyrja e Kavaj\u00ebs kur mor\u00ebm detyr\u00ebn. Dukej realisht n\u00eb at\u00eb koh\u00eb si hyrje n\u00eb nj\u00eb vat\u00ebr t\u00eb d\u00ebshp\u00ebrimit, t\u00eb harres\u00ebs, rr\u00ebnimit. ishte e gjith\u00eb Kavaja. I kam para syve pamjet e Kavaj\u00ebs dhe e kam parasysh pun\u00ebn, projektet dhe p\u00ebrpjekjet p\u00ebr t\u00eb nisur ndryshimin e madh. K\u00ebtu n\u00eb Kavaj\u00eb, ndryshe nga shumic\u00ebn e bashkive, na ndodh q\u00eb ky qytet t\u00eb kthehet n\u00eb duart e atyre q\u00eb n\u00eb 30 vjet q\u00eb kur ka zgjedhje, s\u2019kan\u00eb mundur t\u00eb krijojn\u00eb nj\u00eb shembull t\u00eb vet\u00ebm se din\u00eb t\u00eb kujdesen p\u00ebr nj\u00eb bashki, apo fshat.<\/em><\/span><\/p>\n<p><span style=\"color: #000000;\"><em>M\u00eb kujtohet kur Kavaja u kthye n\u00eb duar e tyre t\u00eb vetmet probleme q\u00eb kishim me Kavaj\u00ebn nuk ishte se si t\u00eb b\u00ebnim nj\u00eb kopsht m\u00eb shum\u00eb, apo si t\u00eb krijojm\u00eb di\u00e7ka t\u00eb re, por e kishin mendjen te lejet e dh\u00ebna n\u00eb r\u00ebr\u00eb, n\u00eb kund\u00ebrshtim me \u00e7do sens t\u00eb s\u00eb bukur\u00ebs. E vetmja gj\u00eb q\u00eb mbaj mend kur e rimor\u00ebn Kavaj\u00ebn ishte se si ky qytet t\u00eb vihej n\u00eb funksion t\u00eb nj\u00eb grupi q\u00eb vepronte si nj\u00eb band\u00eb. Dua t\u2019u them atyre q\u00eb votojn\u00eb p\u00ebr ata. Po mir\u00eb mo keni nj\u00eb minimum ndjeshm\u00ebrie n\u00eb mos p\u00ebr vete, por p\u00ebr f\u00ebmij\u00ebt tuaj. Ata kur e kishin Kavaj\u00ebn, e kan\u00eb degjeneruar. Le t\u00eb m\u00eb dal\u00eb nj\u00ebri dhe t\u00eb m\u00eb tregoj\u00eb nj\u00eb bashki dhe t\u00eb thot\u00eb; jo e ke gabim. Shihni Shkodr\u00ebn. Kush e b\u00ebri Shkodr\u00ebn ashtu? Zoti?! Jo! Historia jo. Shkodr\u00ebn e b\u00ebri ashtu, vet\u00ebm ata q\u00eb ecin mbrapsht. Shkoni kthehuni n\u00eb sht\u00ebpi duke ecur mbrapsh!\u2019- <\/em>tha Rama.<\/span><\/p>\n","protected":false,"gt_translate_keys":[{"key":"rendered","format":"html"}]},"excerpt":{"rendered":"<p>Kryetari i Partis\u00eb Socialiste, Edi Rama gjat\u00eb nj\u00eb takimi n\u00eb Kavaj\u00eb n\u00eb vijim t\u00eb fushat\u00ebs zgjedhore p\u00ebr zgjedhjet e 14 majit. Rama tha se Rama e Meta i kishin l\u00ebn\u00eb n\u00eb harres\u00eb bashkit\u00eb. \u201cMu kujtua se si ishte hyrja e Kavaj\u00ebs kur mor\u00ebm detyr\u00ebn. Dukej realisht n\u00eb at\u00eb koh\u00eb si hyrje n\u00eb nj\u00eb vat\u00ebr t\u00eb [&hellip;]<\/p>\n","protected":false,"gt_translate_keys":[{"key":"rendered","format":"html"}]},"author":32,"featured_media":590472,"comment_status":"closed","ping_status":"closed","sticky":false,"template":"","format":"standard","meta":{"footnotes":""},"categories":[65,13],"tags":[],"class_list":["post-590471","post","type-post","status-publish","format-standard","has-post-thumbnail","hentry","category-lajme","category-te-fundit"],"gt_translate_keys":[{"key":"link","format":"url"}],"_links":{"self":[{"href":"https:\/\/www.hashtag.al\/index.php\/wp-json\/wp\/v2\/posts\/590471","targetHints":{"allow":["GET"]}}],"collection":[{"href":"https:\/\/www.hashtag.al\/index.php\/wp-json\/wp\/v2\/posts"}],"about":[{"href":"https:\/\/www.hashtag.al\/index.php\/wp-json\/wp\/v2\/types\/post"}],"author":[{"embeddable":true,"href":"https:\/\/www.hashtag.al\/index.php\/wp-json\/wp\/v2\/users\/32"}],"replies":[{"embeddable":true,"href":"https:\/\/www.hashtag.al\/index.php\/wp-json\/wp\/v2\/comments?post=590471"}],"version-history":[{"count":0,"href":"https:\/\/www.hashtag.al\/index.php\/wp-json\/wp\/v2\/posts\/590471\/revisions"}],"wp:featuredmedia":[{"embeddable":true,"href":"https:\/\/www.hashtag.al\/index.php\/wp-json\/wp\/v2\/media\/590472"}],"wp:attachment":[{"href":"https:\/\/www.hashtag.al\/index.php\/wp-json\/wp\/v2\/media?parent=590471"}],"wp:term":[{"taxonomy":"category","embeddable":true,"href":"https:\/\/www.hashtag.al\/index.php\/wp-json\/wp\/v2\/categories?post=590471"},{"taxonomy":"post_tag","embeddable":true,"href":"https:\/\/www.hashtag.al\/index.php\/wp-json\/wp\/v2\/tags?post=590471"}],"curies":[{"name":"wp","href":"https:\/\/api.w.org\/{rel}","templated":true}]}}