{"id":590456,"date":"2023-04-15T09:40:54","date_gmt":"2023-04-15T07:40:54","guid":{"rendered":"https:\/\/www.hashtag.al\/?p=590456"},"modified":"2023-04-15T09:40:54","modified_gmt":"2023-04-15T07:40:54","slug":"konflikti-ne-tiktok-mes-te-rinjve-con-ne-perdorimin-e-armeve-ne-durres-plagosen-dy-persona","status":"publish","type":"post","link":"https:\/\/www.hashtag.al\/index.php\/2023\/04\/15\/konflikti-ne-tiktok-mes-te-rinjve-con-ne-perdorimin-e-armeve-ne-durres-plagosen-dy-persona\/","title":{"rendered":"Konflikti n\u00eb TikTok mes t\u00eb rinjve \u00e7on n\u00eb p\u00ebrdorimin e arm\u00ebve n\u00eb Durr\u00ebs, plagosen dy persona","gt_translate_keys":[{"key":"rendered","format":"text"}]},"content":{"rendered":"<p><span style=\"color: #000000;\"><a href=\"https:\/\/www.hashtag.al\/wp-content\/uploads\/2023\/04\/klajd-mansaku.jpg\"><img loading=\"lazy\" decoding=\"async\" class=\"aligncenter size-full wp-image-590457\" src=\"https:\/\/www.hashtag.al\/wp-content\/uploads\/2023\/04\/klajd-mansaku.jpg\" alt=\"\" width=\"780\" height=\"440\" srcset=\"https:\/\/www.hashtag.al\/wp-content\/uploads\/2023\/04\/klajd-mansaku.jpg 780w, https:\/\/www.hashtag.al\/wp-content\/uploads\/2023\/04\/klajd-mansaku-300x169.jpg 300w, https:\/\/www.hashtag.al\/wp-content\/uploads\/2023\/04\/klajd-mansaku-768x433.jpg 768w\" sizes=\"auto, (max-width: 780px) 100vw, 780px\" \/><\/a><\/span><\/p>\n<p><span style=\"color: #000000;\">Nj\u00eb konflikt verbal n\u00eb rrjetin social Tik-Tok ka \u00e7uar n\u00eb p\u00ebrdorimin e arm\u00ebve t\u00eb zjarrit n\u00eb Durr\u00ebs, ku p\u00ebr pasoj\u00eb kan\u00eb mbetur t\u00eb plagosur dy 21-vje\u00e7ar\u00eb, banues n\u00eb lagjen nr.12 n\u00eb Durr\u00ebs.<\/span><\/p>\n<p><span style=\"color: #000000;\">Klajd Mansaku, 25-vje\u00e7 dyshohet e ka q\u00eblluar m\u00eb arm\u00eb zjarri n\u00eb drejtim t\u00eb t\u00eb rinjve dhe p\u00ebr pasoj\u00eb kan\u00eb mbetur t\u00eb plagosur Jurgen Vrioni, i cili pas ndihm\u00ebs mjek\u00ebsore ka dal\u00eb nga spitali dhe Arben Haxhiu, i cili ndodhet n\u00eb spital dhe po merr ndihm\u00ebn mjek\u00ebsore.<\/span><\/p>\n<p><span style=\"color: #000000;\">Sipas policis\u00eb, rezulton se autori i dyshuar Klajd Mansaku ka debatuar mbr\u00ebmjen e kaluar n\u00eb telefon me Mario Vrionin (kush\u00ebriri i Jurgen Vrionit) dhe kan\u00eb l\u00ebn\u00eb nj\u00eb takim p\u00ebr t\u2019u sqaruar n\u00eb af\u00ebrsi t\u00eb sht\u00ebpis\u00eb s\u00eb tij.<\/span><\/p>\n<p><span style=\"color: #000000;\">I riu ka marr\u00eb kush\u00ebririn e tij Jurgen Vrionin dhe Arben Haxhiun, ky i fundit shok i tyre i p\u00ebrbashk\u00ebt dhe kan\u00eb shkuar n\u00eb vendin ku kishin l\u00ebn\u00eb takimin p\u00ebr tu sqaruar. Por n\u00eb momentin kur kan\u00eb shkuar p\u00ebr tu sqaruar, Klajdi Mansaku, sapo i ka par\u00eb q\u00eb i jan\u00eb afruar ka q\u00eblluar me arm\u00eb zjarri n\u00eb drejtim t\u00eb makin\u00ebs s\u00eb Mario Vrionit, dhe \u00ebsht\u00eb larguar menj\u00ebher\u00eb.<\/span><\/p>\n<p><span style=\"color: #000000;\">Si pasoj\u00eb, (dyshohet nga plumb rikoshet) jan\u00eb l\u00ebnduar leht\u00eb Jurgen Vrioni dhe Arben Haxhiu, q\u00eb aktualisht po merr ndihm\u00eb mjek\u00ebsore dhe \u00ebsht\u00eb jasht\u00eb rrezikut p\u00ebr jet\u00ebn. Mario Vrioni rezulton me precedent t\u00eb m\u00ebparsh\u00ebm penal p\u00ebr l\u00ebnd\u00ebt narkotike dhe drejtim automjeti pa patent\u00eb.<\/span><\/p>\n<p><span style=\"color: #000000;\">Grupi hetimor n\u00eb bashk\u00ebpunim me Prokurorin\u00eb po vijon pun\u00ebn\u00a0 p\u00ebr dokumentimin e plot\u00eb t\u00eb rrethanave t\u00eb ngjarjes.<\/span><\/p>\n<p><span style=\"color: #000000;\">Nd\u00ebrkoh\u00eb nga sh\u00ebrbimet e Policis\u00eb jan\u00eb ngritur pika kontrolli, n\u00eb akset rrugore, jan\u00eb njoftuar pikat e kalimit kufitar, dhe po ushtrohen kontrolle n\u00eb banesa e ambiente\u00a0 ku dyshohet se mund te fshihet 25 vje\u00e7ari me q\u00ebllim kapjen e tij.<\/span><\/p>\n","protected":false,"gt_translate_keys":[{"key":"rendered","format":"html"}]},"excerpt":{"rendered":"<p>Nj\u00eb konflikt verbal n\u00eb rrjetin social Tik-Tok ka \u00e7uar n\u00eb p\u00ebrdorimin e arm\u00ebve t\u00eb zjarrit n\u00eb Durr\u00ebs, ku p\u00ebr pasoj\u00eb kan\u00eb mbetur t\u00eb plagosur dy 21-vje\u00e7ar\u00eb, banues n\u00eb lagjen nr.12 n\u00eb Durr\u00ebs. Klajd Mansaku, 25-vje\u00e7 dyshohet e ka q\u00eblluar m\u00eb arm\u00eb zjarri n\u00eb drejtim t\u00eb t\u00eb rinjve dhe p\u00ebr pasoj\u00eb kan\u00eb mbetur t\u00eb plagosur Jurgen [&hellip;]<\/p>\n","protected":false,"gt_translate_keys":[{"key":"rendered","format":"html"}]},"author":32,"featured_media":590457,"comment_status":"closed","ping_status":"closed","sticky":false,"template":"","format":"standard","meta":{"footnotes":""},"categories":[65,13],"tags":[],"class_list":["post-590456","post","type-post","status-publish","format-standard","has-post-thumbnail","hentry","category-lajme","category-te-fundit"],"gt_translate_keys":[{"key":"link","format":"url"}],"_links":{"self":[{"href":"https:\/\/www.hashtag.al\/index.php\/wp-json\/wp\/v2\/posts\/590456","targetHints":{"allow":["GET"]}}],"collection":[{"href":"https:\/\/www.hashtag.al\/index.php\/wp-json\/wp\/v2\/posts"}],"about":[{"href":"https:\/\/www.hashtag.al\/index.php\/wp-json\/wp\/v2\/types\/post"}],"author":[{"embeddable":true,"href":"https:\/\/www.hashtag.al\/index.php\/wp-json\/wp\/v2\/users\/32"}],"replies":[{"embeddable":true,"href":"https:\/\/www.hashtag.al\/index.php\/wp-json\/wp\/v2\/comments?post=590456"}],"version-history":[{"count":0,"href":"https:\/\/www.hashtag.al\/index.php\/wp-json\/wp\/v2\/posts\/590456\/revisions"}],"wp:featuredmedia":[{"embeddable":true,"href":"https:\/\/www.hashtag.al\/index.php\/wp-json\/wp\/v2\/media\/590457"}],"wp:attachment":[{"href":"https:\/\/www.hashtag.al\/index.php\/wp-json\/wp\/v2\/media?parent=590456"}],"wp:term":[{"taxonomy":"category","embeddable":true,"href":"https:\/\/www.hashtag.al\/index.php\/wp-json\/wp\/v2\/categories?post=590456"},{"taxonomy":"post_tag","embeddable":true,"href":"https:\/\/www.hashtag.al\/index.php\/wp-json\/wp\/v2\/tags?post=590456"}],"curies":[{"name":"wp","href":"https:\/\/api.w.org\/{rel}","templated":true}]}}