{"id":590323,"date":"2023-04-14T13:07:54","date_gmt":"2023-04-14T11:07:54","guid":{"rendered":"https:\/\/www.hashtag.al\/?p=590323"},"modified":"2023-04-14T13:07:54","modified_gmt":"2023-04-14T11:07:54","slug":"gjykata-e-elbasanit-vendos-mosekstradimin-e-svetlana-timofeevas-ne-rusi","status":"publish","type":"post","link":"https:\/\/www.hashtag.al\/index.php\/2023\/04\/14\/gjykata-e-elbasanit-vendos-mosekstradimin-e-svetlana-timofeevas-ne-rusi\/","title":{"rendered":"Gjykata e Elbasanit vendos mosekstradimin e Svetlana Timofeevas n\u00eb Rusi","gt_translate_keys":[{"key":"rendered","format":"text"}]},"content":{"rendered":"<p><span style=\"color: #000000;\"><a style=\"color: #000000;\" href=\"https:\/\/www.hashtag.al\/wp-content\/uploads\/2023\/04\/Svetlana.png\"><img loading=\"lazy\" decoding=\"async\" class=\"aligncenter size-full wp-image-590324\" src=\"https:\/\/www.hashtag.al\/wp-content\/uploads\/2023\/04\/Svetlana.png\" alt=\"\" width=\"674\" height=\"349\" srcset=\"https:\/\/www.hashtag.al\/wp-content\/uploads\/2023\/04\/Svetlana.png 674w, https:\/\/www.hashtag.al\/wp-content\/uploads\/2023\/04\/Svetlana-300x155.png 300w\" sizes=\"auto, (max-width: 674px) 100vw, 674px\" \/><\/a><\/span><\/p>\n<p><span style=\"color: #000000;\">Gjykata e Elbasanit ka vendosur q\u00eb shtetasja ruse Svetlana Timofeva t\u00eb mos ekstradohet n\u00eb Rusi.<\/span><\/p>\n<p><span style=\"color: #000000;\">Prokuroria k\u00ebrkoi mospranimin e k\u00ebrkes\u00ebs s\u00eb ekstradimit nga shteti rus me arsyet se n\u00eb vendin e saj nuk do t\u2019i sigurohen t\u00eb drejtat ligjore sipas konvent\u00ebs s\u00eb t\u00eb drejtave t\u00eb njeriut, teksa n\u00eb Shqip\u00ebri ka nj\u00eb proces penal n\u00eb ngarkim t\u00eb saj.<\/span><\/p>\n<p><span style=\"color: #000000;\">N\u00eb t\u00eb nj\u00ebjt\u00ebn linj\u00eb ishte dhe q\u00ebndrimi i avokatit mbrojt\u00ebs Fatmir Lushi.<\/span><\/p>\n<p><span style=\"color: #000000;\">N\u00eb fund, gjykata pranoi k\u00ebrkes\u00ebn e prokuroris\u00eb p\u00ebr t\u00eb mos ekstraduar blogur\u00ebn ruse.<\/span><\/p>\n<p><span style=\"color: #000000;\">Timofeeva, 34 vje\u00e7, u arrestua m\u00eb 20 gusht 2022 s\u00eb bashku me Mikahil Zorin, 23 vje\u00e7 dhe ukrainasin Fedir Alpatov, 24 vje\u00e7, pas nj\u00eb incidenti t\u00eb ndodhur brenda rrethimit t\u00eb ish-uzin\u00ebs s\u00eb arm\u00ebve n\u00eb Gramsh. Zorin kund\u00ebrshtoi dy ushtarak\u00ebt q\u00eb tentuan ta ndalonin dhe p\u00ebrdori spray me piper kund\u00ebr tyre.<\/span><\/p>\n","protected":false,"gt_translate_keys":[{"key":"rendered","format":"html"}]},"excerpt":{"rendered":"<p>Gjykata e Elbasanit ka vendosur q\u00eb shtetasja ruse Svetlana Timofeva t\u00eb mos ekstradohet n\u00eb Rusi. Prokuroria k\u00ebrkoi mospranimin e k\u00ebrkes\u00ebs s\u00eb ekstradimit nga shteti rus me arsyet se n\u00eb vendin e saj nuk do t\u2019i sigurohen t\u00eb drejtat ligjore sipas konvent\u00ebs s\u00eb t\u00eb drejtave t\u00eb njeriut, teksa n\u00eb Shqip\u00ebri ka nj\u00eb proces penal n\u00eb ngarkim [&hellip;]<\/p>\n","protected":false,"gt_translate_keys":[{"key":"rendered","format":"html"}]},"author":32,"featured_media":590324,"comment_status":"closed","ping_status":"closed","sticky":false,"template":"","format":"standard","meta":{"footnotes":""},"categories":[65,13],"tags":[],"class_list":["post-590323","post","type-post","status-publish","format-standard","has-post-thumbnail","hentry","category-lajme","category-te-fundit"],"gt_translate_keys":[{"key":"link","format":"url"}],"_links":{"self":[{"href":"https:\/\/www.hashtag.al\/index.php\/wp-json\/wp\/v2\/posts\/590323","targetHints":{"allow":["GET"]}}],"collection":[{"href":"https:\/\/www.hashtag.al\/index.php\/wp-json\/wp\/v2\/posts"}],"about":[{"href":"https:\/\/www.hashtag.al\/index.php\/wp-json\/wp\/v2\/types\/post"}],"author":[{"embeddable":true,"href":"https:\/\/www.hashtag.al\/index.php\/wp-json\/wp\/v2\/users\/32"}],"replies":[{"embeddable":true,"href":"https:\/\/www.hashtag.al\/index.php\/wp-json\/wp\/v2\/comments?post=590323"}],"version-history":[{"count":0,"href":"https:\/\/www.hashtag.al\/index.php\/wp-json\/wp\/v2\/posts\/590323\/revisions"}],"wp:featuredmedia":[{"embeddable":true,"href":"https:\/\/www.hashtag.al\/index.php\/wp-json\/wp\/v2\/media\/590324"}],"wp:attachment":[{"href":"https:\/\/www.hashtag.al\/index.php\/wp-json\/wp\/v2\/media?parent=590323"}],"wp:term":[{"taxonomy":"category","embeddable":true,"href":"https:\/\/www.hashtag.al\/index.php\/wp-json\/wp\/v2\/categories?post=590323"},{"taxonomy":"post_tag","embeddable":true,"href":"https:\/\/www.hashtag.al\/index.php\/wp-json\/wp\/v2\/tags?post=590323"}],"curies":[{"name":"wp","href":"https:\/\/api.w.org\/{rel}","templated":true}]}}