{"id":590309,"date":"2023-04-14T12:03:47","date_gmt":"2023-04-14T10:03:47","guid":{"rendered":"https:\/\/www.hashtag.al\/?p=590309"},"modified":"2023-04-14T12:03:47","modified_gmt":"2023-04-14T10:03:47","slug":"tentoi-te-fuste-ne-menyre-te-parregullt-nga-kakavija-nje-17-vjecare-arrestohet-33-vjecari","status":"publish","type":"post","link":"https:\/\/www.hashtag.al\/index.php\/2023\/04\/14\/tentoi-te-fuste-ne-menyre-te-parregullt-nga-kakavija-nje-17-vjecare-arrestohet-33-vjecari\/","title":{"rendered":"Tentoi t\u00eb fuste n\u00eb m\u00ebnyr\u00eb t\u00eb parregullt nga Kakavija nj\u00eb 17-vje\u00e7are, arrestohet 33-vje\u00e7ari","gt_translate_keys":[{"key":"rendered","format":"text"}]},"content":{"rendered":"<p><span style=\"color: #000000;\"><a href=\"https:\/\/www.hashtag.al\/wp-content\/uploads\/2022\/12\/kakavije.jpeg\"><img loading=\"lazy\" decoding=\"async\" class=\"aligncenter size-full wp-image-570022\" src=\"https:\/\/www.hashtag.al\/wp-content\/uploads\/2022\/12\/kakavije.jpeg\" alt=\"\" width=\"890\" height=\"439\" srcset=\"https:\/\/www.hashtag.al\/wp-content\/uploads\/2022\/12\/kakavije.jpeg 890w, https:\/\/www.hashtag.al\/wp-content\/uploads\/2022\/12\/kakavije-300x148.jpeg 300w, https:\/\/www.hashtag.al\/wp-content\/uploads\/2022\/12\/kakavije-768x379.jpeg 768w\" sizes=\"auto, (max-width: 890px) 100vw, 890px\" \/><\/a><\/span><\/p>\n<p><span style=\"color: #000000;\">Nj\u00eb 33-vje\u00e7ar banues n\u00eb Fier \u00ebsht\u00eb ndaluar n\u00eb Kakavij\u00eb pasi tentoi t\u00eb fuste n\u00eb m\u00ebnyr\u00eb t\u00eb parregullt nj\u00eb 17-vje\u00e7are.<\/span><\/p>\n<p><span style=\"color: #000000;\">Shtetasi M.G akuzohet p\u00ebr vepr\u00ebn penale \u201cNdihma p\u00ebr kalim t\u00eb paligjsh\u00ebm t\u00eb kufijve\u201d.<\/span><\/p>\n<p><span style=\"color: #000000;\">Ai e kishte shoq\u00ebruar 17-vje\u00e7aren nga Athina n\u00eb Kakavij\u00eb dhe po e ndihmonte t\u00eb hynte n\u00eb m\u00ebnyr\u00eb t\u00eb parregullt n\u00eb territorin shqiptar.<\/span><\/p>\n<p><span style=\"color: #000000;\">\u201c<em>Seksioni p\u00ebr Hetimin e Trafiqeve t\u00eb Paligjshme n\u00eb DVP Gjirokast\u00ebr, n\u00eb bashk\u00ebpunim me sh\u00ebrbimet e Policis\u00eb Kufitare Kakavij\u00eb dhe sh\u00ebrbimet e FRONTEX-it, n\u00eb vijim t\u00eb pun\u00ebs p\u00ebr goditjen e paligjshm\u00ebrive n\u00eb k\u00ebt\u00eb pik\u00eb t\u00eb kalimit kufitar, bazuar dhe n\u00eb inteligjenc\u00ebn informative, organizuan dhe finalizuan operacionin policor &#8220;Front&#8221;, si rezultat i t\u00eb cilit u arrestua n\u00eb flagranc\u00eb shtetasi:<\/em><\/span><\/p>\n<p><span style=\"color: #000000;\"><em>M.<\/em><em>G., 33 vje\u00e7, banues n\u00eb Fier, p\u00ebr vepr\u00ebn penale \u201cNdihma p\u00ebr kalim t\u00eb paligjsh\u00ebm t\u00eb kufijve\u201d.<\/em><\/span><\/p>\n<p><span style=\"color: #000000;\"><em>Ky shtetas \u00ebsht\u00eb kapur n\u00eb flagranc\u00eb n\u00eb PPK Kakavij\u00eb, duke tentuar t\u00eb ndihmonte p\u00ebr t\u00eb hyr\u00eb n\u00eb m\u00ebnyr\u00eb t\u00eb parregullt, n\u00eb territorin e Republik\u00ebs s\u00eb Shqip\u00ebris\u00eb, nj\u00eb shtetase 17-vje\u00e7are, t\u00eb cilin e kishte shoq\u00ebruar nga Athina n\u00eb Kakavij\u00eb. <\/em><\/span><\/p>\n<p><span style=\"color: #000000;\"><em>N\u00eb cil\u00ebsin\u00eb e prov\u00ebs materiale u sekuestruan 1 aparat celular dhe nj\u00eb shum\u00eb parash.<\/em><\/span><\/p>\n<p><span style=\"color: #000000;\"><em>Materialet i kaluan Prokuroris\u00eb pran\u00eb Gjykat\u00ebs s\u00eb Rrethit Gjyq\u00ebsor Gjirokast\u00ebr, p\u00ebr veprime t\u00eb m\u00ebtejshme<\/em>\u201d-njofton policia.<\/span><\/p>\n<p>&nbsp;<\/p>\n","protected":false,"gt_translate_keys":[{"key":"rendered","format":"html"}]},"excerpt":{"rendered":"<p>Nj\u00eb 33-vje\u00e7ar banues n\u00eb Fier \u00ebsht\u00eb ndaluar n\u00eb Kakavij\u00eb pasi tentoi t\u00eb fuste n\u00eb m\u00ebnyr\u00eb t\u00eb parregullt nj\u00eb 17-vje\u00e7are. Shtetasi M.G akuzohet p\u00ebr vepr\u00ebn penale \u201cNdihma p\u00ebr kalim t\u00eb paligjsh\u00ebm t\u00eb kufijve\u201d. Ai e kishte shoq\u00ebruar 17-vje\u00e7aren nga Athina n\u00eb Kakavij\u00eb dhe po e ndihmonte t\u00eb hynte n\u00eb m\u00ebnyr\u00eb t\u00eb parregullt n\u00eb territorin shqiptar. \u201cSeksioni [&hellip;]<\/p>\n","protected":false,"gt_translate_keys":[{"key":"rendered","format":"html"}]},"author":32,"featured_media":570022,"comment_status":"closed","ping_status":"closed","sticky":false,"template":"","format":"standard","meta":{"footnotes":""},"categories":[65,13],"tags":[],"class_list":["post-590309","post","type-post","status-publish","format-standard","has-post-thumbnail","hentry","category-lajme","category-te-fundit"],"gt_translate_keys":[{"key":"link","format":"url"}],"_links":{"self":[{"href":"https:\/\/www.hashtag.al\/index.php\/wp-json\/wp\/v2\/posts\/590309","targetHints":{"allow":["GET"]}}],"collection":[{"href":"https:\/\/www.hashtag.al\/index.php\/wp-json\/wp\/v2\/posts"}],"about":[{"href":"https:\/\/www.hashtag.al\/index.php\/wp-json\/wp\/v2\/types\/post"}],"author":[{"embeddable":true,"href":"https:\/\/www.hashtag.al\/index.php\/wp-json\/wp\/v2\/users\/32"}],"replies":[{"embeddable":true,"href":"https:\/\/www.hashtag.al\/index.php\/wp-json\/wp\/v2\/comments?post=590309"}],"version-history":[{"count":0,"href":"https:\/\/www.hashtag.al\/index.php\/wp-json\/wp\/v2\/posts\/590309\/revisions"}],"wp:featuredmedia":[{"embeddable":true,"href":"https:\/\/www.hashtag.al\/index.php\/wp-json\/wp\/v2\/media\/570022"}],"wp:attachment":[{"href":"https:\/\/www.hashtag.al\/index.php\/wp-json\/wp\/v2\/media?parent=590309"}],"wp:term":[{"taxonomy":"category","embeddable":true,"href":"https:\/\/www.hashtag.al\/index.php\/wp-json\/wp\/v2\/categories?post=590309"},{"taxonomy":"post_tag","embeddable":true,"href":"https:\/\/www.hashtag.al\/index.php\/wp-json\/wp\/v2\/tags?post=590309"}],"curies":[{"name":"wp","href":"https:\/\/api.w.org\/{rel}","templated":true}]}}