{"id":590111,"date":"2023-04-13T10:45:21","date_gmt":"2023-04-13T08:45:21","guid":{"rendered":"https:\/\/www.hashtag.al\/?p=590111"},"modified":"2023-04-13T11:47:13","modified_gmt":"2023-04-13T09:47:13","slug":"arabia-saudite-nis-bisedime-te-rendesishme-me-sirine","status":"publish","type":"post","link":"https:\/\/www.hashtag.al\/index.php\/2023\/04\/13\/arabia-saudite-nis-bisedime-te-rendesishme-me-sirine\/","title":{"rendered":"Arabia Saudite nis bisedime t\u00eb r\u00ebnd\u00ebsishme me Sirin\u00eb","gt_translate_keys":[{"key":"rendered","format":"text"}]},"content":{"rendered":"<p><span style=\"color: #000000;\"><img loading=\"lazy\" decoding=\"async\" class=\"aligncenter size-full wp-image-590112\" src=\"https:\/\/www.hashtag.al\/wp-content\/uploads\/2023\/04\/arabisiri.jpg\" alt=\"\" width=\"768\" height=\"432\" srcset=\"https:\/\/www.hashtag.al\/wp-content\/uploads\/2023\/04\/arabisiri.jpg 768w, https:\/\/www.hashtag.al\/wp-content\/uploads\/2023\/04\/arabisiri-300x169.jpg 300w\" sizes=\"auto, (max-width: 768px) 100vw, 768px\" \/><\/span><\/p>\n<p><span style=\"color: #000000;\">Ministri i Jasht\u00ebm sirian Faisal Mekdad udh\u00ebtoi n\u00eb Arabin\u00eb Saudite t\u00eb m\u00ebrkur\u00ebn, udh\u00ebtimi i par\u00eb i till\u00eb q\u00eb kur Riadi nd\u00ebrpreu marr\u00ebdh\u00ebniet diplomatike me Damaskun n\u00eb vitin 2012. Sipas nj\u00eb deklarate t\u00eb p\u00ebrbashk\u00ebt shtypi pas vizit\u00ebs, Arabia Saudite ka mb\u00ebshtetur unitetin dhe integritetin sirian, ka d\u00ebnuar terrorizmin dhe ka mb\u00ebshtetur nj\u00eb zgjidhje politike p\u00ebr luft\u00ebn 12-vje\u00e7are.<\/span><\/p>\n<p><span style=\"color: #000000;\">Ministri i Jasht\u00ebm saudit Princi Faisal bin Farhan Al Saud kishte ftuar kolegun e tij sirian n\u00eb Jeddah p\u00ebr t\u00eb diskutuar \u2018p\u00ebrpjekjet p\u00ebr t\u00eb gjetur nj\u00eb zgjidhje politike p\u00ebr kriz\u00ebn siriane q\u00eb ruan unitetin, sigurin\u00eb, stabilitetin, identitetin arab dhe integritetin territorial t\u00eb Siris\u00eb duke i sh\u00ebrbyer gjithashtu interesave t\u00eb popullit t\u00eb saj v\u00eblla\u2019, thuhet n\u00eb deklarat\u00ebn e cituar nga agjencit\u00eb shtet\u00ebrore t\u00eb lajmeve t\u00eb t\u00eb dy vendeve.<\/span><\/p>\n<p><span style=\"color: #000000;\">Princi Faisal dhe Dr. Mekdad ran\u00eb dakord p\u00ebr nevoj\u00ebn p\u00ebr t\u00eb adresuar \u00e7\u00ebshtjet humanitare dhe p\u00ebr t\u00eb lejuar ndihm\u00ebn \u2018t\u00eb arrij\u00eb n\u00eb t\u00eb gjitha zonat e Siris\u00eb\u2019, t\u00eb krijoj\u00eb kushte p\u00ebr kthimin e refugjat\u00ebve dhe t\u00eb zhvendosurve dhe \u2018t\u00eb stabilizoj\u00eb situat\u00ebn n\u00eb t\u00eb gjith\u00eb territoret siriane\u2019.<\/span><\/p>\n<p><span style=\"color: #000000;\">T\u00eb dy pal\u00ebt u angazhuan gjithashtu p\u00ebr rritjen e siguris\u00eb dhe \u2018luftimin e terrorizmit n\u00eb t\u00eb gjitha format e tij\u2019 dhe ran\u00eb dakord p\u00ebr nevoj\u00ebn p\u00ebr \u2018t\u00eb mb\u00ebshtetur institucionet e shtetit sirian p\u00ebr t\u00eb zgjeruar kontrollin e tij mbi territoret e tij p\u00ebr t&#8217;i dh\u00ebn\u00eb fund pranis\u00eb s\u00eb milicive t\u00eb armatosura dhe nd\u00ebrhyrjes s\u00eb jashtme n\u00eb pun\u00ebt e brendshme siriane\u2019.<\/span><\/p>\n<p><span style=\"color: #000000;\">Disa pjes\u00eb t\u00eb Siris\u00eb veriore jan\u00eb aktualisht n\u00ebn kontrollin e militant\u00ebve t\u00eb mb\u00ebshtetur nga Turqia, nd\u00ebrsa zona n\u00eb verilindje t\u00eb lumit Eufrat mbahet nga milicit\u00eb kurde t\u00eb mb\u00ebshtetur nga SHBA. Disa qindra trupa amerikane jan\u00eb gjithashtu n\u00eb vend.<\/span><\/p>\n<p><span style=\"color: #000000;\">Dy ministrat e Jasht\u00ebm diskutuan gjithashtu hapat e nevojsh\u00ebm p\u00ebr t\u00eb arritur \u2018nj\u00eb zgjidhje politike gjith\u00ebp\u00ebrfshir\u00ebse t\u00eb kriz\u00ebs siriane\u2019, n\u00eb m\u00ebnyr\u00eb q\u00eb vendi t\u00eb mund t\u00eb kthehet n\u00eb \u2018vath\u00ebn arabe\u2019, thuhet n\u00eb deklarat\u00ebn e tyre t\u00eb p\u00ebrbashk\u00ebt.<\/span><\/p>\n<p><span style=\"color: #000000;\">Damasku dhe Riadi kan\u00eb filluar procedurat e nevojshme p\u00ebr t\u00eb rifilluar udh\u00ebtimin ajror dhe sh\u00ebrbimet konsullore midis dy vendeve, nd\u00ebrsa Siria fal\u00ebnderoi Arabin\u00eb Saudite p\u00ebr ndihm\u00ebn humanitare t\u00eb ofruar pas t\u00ebrmeteve katastrofike t\u00eb shkurtit. Pjesa m\u00eb e madhe e ndihm\u00ebs p\u00ebr Sirin\u00eb \u00ebsht\u00eb penguar nga sanksionet e vendosura nga SHBA kund\u00ebr Damaskut.<\/span><\/p>\n<p><span style=\"color: #000000;\">Arabia Saudite nd\u00ebrpreu marr\u00ebdh\u00ebniet diplomatike me Sirin\u00eb n\u00eb shkurt t\u00eb vitit 2012, duke u bashkuar me SHBA-n\u00eb n\u00eb mb\u00ebshtetjen e militant\u00ebve q\u00eb k\u00ebrkuan t\u00eb rr\u00ebzonin presidentin Bashar Assad. Me mb\u00ebshtetjen e Rusis\u00eb dhe Iranit, qeveria n\u00eb Damask arriti t\u00eb rezistoj\u00eb ndaj milicive rebele.<\/span><\/p>\n<p><span style=\"color: #000000;\">Thashethemet se Riadi po p\u00ebrgatitej t\u00eb ndryshonte kursin filluan t\u00eb qarkullojn\u00eb muajin e kaluar, menj\u00ebher\u00eb pasi Kina nd\u00ebrmjet\u00ebsoi nj\u00eb marr\u00ebveshje midis Arabis\u00eb Saudite dhe Iranit p\u00ebr normalizimin e marr\u00ebdh\u00ebnieve. Q\u00eb at\u00ebher\u00eb, mbret\u00ebria ka nisur gjithashtu bisedimet e paqes p\u00ebr t&#8217;i dh\u00ebn\u00eb fund konfliktit tet\u00ebvje\u00e7ar n\u00eb Jemen.<\/span><\/p>\n<p><span style=\"color: #000000;\"><span style=\"color: #ff0000;\"><strong>VINI RE<\/strong><\/span>: Ky material \u00ebsht\u00eb pron\u00ebsi intelektuale e <a href=\"https:\/\/www.rt.com\/news\/574635-saudi-syria-territorial-integrity\/\"><span style=\"color: #0000ff;\">RT<\/span><\/a><\/span><\/p>\n<p><span style=\"color: #000000;\">P\u00ebrgatiti p\u00ebr <span style=\"color: #0000ff;\">Hashtag.al,<\/span> Klodian Manjani<\/span><\/p>\n","protected":false,"gt_translate_keys":[{"key":"rendered","format":"html"}]},"excerpt":{"rendered":"<p>Ministri i Jasht\u00ebm sirian Faisal Mekdad udh\u00ebtoi n\u00eb Arabin\u00eb Saudite t\u00eb m\u00ebrkur\u00ebn, udh\u00ebtimi i par\u00eb i till\u00eb q\u00eb kur Riadi nd\u00ebrpreu marr\u00ebdh\u00ebniet diplomatike me Damaskun n\u00eb vitin 2012. Sipas nj\u00eb deklarate t\u00eb p\u00ebrbashk\u00ebt shtypi pas vizit\u00ebs, Arabia Saudite ka mb\u00ebshtetur unitetin dhe integritetin sirian, ka d\u00ebnuar terrorizmin dhe ka mb\u00ebshtetur nj\u00eb zgjidhje politike p\u00ebr luft\u00ebn [&hellip;]<\/p>\n","protected":false,"gt_translate_keys":[{"key":"rendered","format":"html"}]},"author":51,"featured_media":590112,"comment_status":"closed","ping_status":"closed","sticky":false,"template":"","format":"standard","meta":{"footnotes":""},"categories":[22],"tags":[],"class_list":["post-590111","post","type-post","status-publish","format-standard","has-post-thumbnail","hentry","category-ballina"],"gt_translate_keys":[{"key":"link","format":"url"}],"_links":{"self":[{"href":"https:\/\/www.hashtag.al\/index.php\/wp-json\/wp\/v2\/posts\/590111","targetHints":{"allow":["GET"]}}],"collection":[{"href":"https:\/\/www.hashtag.al\/index.php\/wp-json\/wp\/v2\/posts"}],"about":[{"href":"https:\/\/www.hashtag.al\/index.php\/wp-json\/wp\/v2\/types\/post"}],"author":[{"embeddable":true,"href":"https:\/\/www.hashtag.al\/index.php\/wp-json\/wp\/v2\/users\/51"}],"replies":[{"embeddable":true,"href":"https:\/\/www.hashtag.al\/index.php\/wp-json\/wp\/v2\/comments?post=590111"}],"version-history":[{"count":0,"href":"https:\/\/www.hashtag.al\/index.php\/wp-json\/wp\/v2\/posts\/590111\/revisions"}],"wp:featuredmedia":[{"embeddable":true,"href":"https:\/\/www.hashtag.al\/index.php\/wp-json\/wp\/v2\/media\/590112"}],"wp:attachment":[{"href":"https:\/\/www.hashtag.al\/index.php\/wp-json\/wp\/v2\/media?parent=590111"}],"wp:term":[{"taxonomy":"category","embeddable":true,"href":"https:\/\/www.hashtag.al\/index.php\/wp-json\/wp\/v2\/categories?post=590111"},{"taxonomy":"post_tag","embeddable":true,"href":"https:\/\/www.hashtag.al\/index.php\/wp-json\/wp\/v2\/tags?post=590111"}],"curies":[{"name":"wp","href":"https:\/\/api.w.org\/{rel}","templated":true}]}}