{"id":590108,"date":"2023-04-13T10:33:33","date_gmt":"2023-04-13T08:33:33","guid":{"rendered":"https:\/\/www.hashtag.al\/?p=590108"},"modified":"2023-04-13T10:33:33","modified_gmt":"2023-04-13T08:33:33","slug":"te-jesh-aleat-sdo-te-thote-te-jesh-vasal-macron-rithekson-qendrimin-e-frances-ndaj-shba-se","status":"publish","type":"post","link":"https:\/\/www.hashtag.al\/index.php\/2023\/04\/13\/te-jesh-aleat-sdo-te-thote-te-jesh-vasal-macron-rithekson-qendrimin-e-frances-ndaj-shba-se\/","title":{"rendered":"\u201cT\u00eb jesh aleat s\u2019do t\u00eb thot\u00eb t\u00eb jesh vasal\u201d &#8211; Macron rithekson\u00a0 q\u00ebndrimin e Franc\u00ebs ndaj SHBA-s\u00eb","gt_translate_keys":[{"key":"rendered","format":"text"}]},"content":{"rendered":"<p><img loading=\"lazy\" decoding=\"async\" class=\"aligncenter size-full wp-image-590109\" src=\"https:\/\/www.hashtag.al\/wp-content\/uploads\/2023\/04\/macronrutte.jpg\" alt=\"\" width=\"768\" height=\"432\" srcset=\"https:\/\/www.hashtag.al\/wp-content\/uploads\/2023\/04\/macronrutte.jpg 768w, https:\/\/www.hashtag.al\/wp-content\/uploads\/2023\/04\/macronrutte-300x169.jpg 300w\" sizes=\"auto, (max-width: 768px) 100vw, 768px\" \/><\/p>\n<p>Parisi \u00ebsht\u00eb nj\u00eb aleat dhe jo nj\u00eb \u2018vasal\u2019 i Uashingtonit, tha t\u00eb m\u00ebrkur\u00ebn presidenti francez Emmanuel Macron, duke mbrojtur komentet e tij p\u00ebr \u2018autonomin\u00eb strategjike\u2019 t\u00eb BE-s\u00eb n\u00eb lidhje me tensionet n\u00eb rritje midis SHBA-s\u00eb dhe Kin\u00ebs.<\/p>\n<p><em>\u201cT\u00eb jesh aleat nuk do t\u00eb thot\u00eb t\u00eb jesh vasal&#8230;nuk do t\u00eb thot\u00eb se nuk kemi t\u00eb drejt\u00eb t\u00eb mendojm\u00eb vet\u00eb\u201d<\/em>, tha Macron n\u00eb Amsterdam n\u00eb nj\u00eb konferenc\u00eb t\u00eb p\u00ebrbashk\u00ebt shtypi me kryeministrin holandez Mark Rutte.<\/p>\n<p>I pyetur p\u00ebr q\u00ebndrimin francez ndaj Tajvanit, Macron tha se Parisi mb\u00ebshtet status quo-n\u00eb, q\u00eb do t\u00eb thot\u00eb \u2018politik\u00ebn e nj\u00eb Kine dhe k\u00ebrkimin p\u00ebr nj\u00eb zgjidhje paq\u00ebsore t\u00eb situat\u00ebs\u2019.<\/p>\n<p>Duke u kthyer nga udh\u00ebtimi i tij n\u00eb Kin\u00eb t\u00eb diel\u00ebn, Macron argumentoi se BE-ja nuk mund t\u00eb jet\u00eb thjesht \u2018pasues i Amerik\u00ebs\u2019 dhe se nuk \u00ebsht\u00eb n\u00eb interesin e bllokut t\u00eb ngjall\u00eb tensionet mbi Tajvanin.<\/p>\n<p><em>\u201cGj\u00ebja m\u00eb e keqe do t\u00eb ishte t\u00eb mendosh se ne evropian\u00ebt duhet t\u00eb b\u00ebhemi ndjek\u00ebs n\u00eb k\u00ebt\u00eb tem\u00eb dhe t\u00eb marrim udh\u00ebzimet nga axhenda e SHBA-s\u00eb dhe nj\u00eb reagim i tepruar kinez,\u201d<\/em> u tha ai gazetar\u00ebve.<\/p>\n<p>V\u00ebrejtjet fituan nj\u00eb qortim t\u00eb shpejt\u00eb nga senatori amerikan Marco Rubio, nj\u00eb republikan nga Florida n\u00eb komitetin e pun\u00ebve t\u00eb jashtme, i cili sugjeroi se Uashingtoni mund t\u00eb largohej nga BE duke ia l\u00ebn\u00eb k\u00ebsaj t\u00eb fundit trajtimin e konfliktin n\u00eb Ukrain\u00eb.<\/p>\n<p>Kryetari i parlamentit tajvanez Ju Si-kun argumentoi t\u00eb mart\u00ebn se Franca kishte braktisur moton e saj &#8216;liri, barazi, v\u00ebllaz\u00ebri&#8217; dhe se demokracit\u00eb e p\u00ebrparuara nuk duhet t\u00eb \u2018injorojn\u00eb jet\u00ebn dhe vdekjen e njer\u00ebzve n\u00eb vende t\u00eb tjera\u2019, duke shtuar se komentet e Macron e lan\u00eb at\u00eb \u2018t\u00eb habitur\u2019.<\/p>\n<p>Nd\u00ebrkoh\u00eb, ministri francez i Financave, Bruno Le Maire, tha se Macron kishte \u2018shum\u00eb t\u00eb drejt\u00eb p\u00ebr t\u00eb k\u00ebrkuar pavar\u00ebsin\u00eb dhe sovranitetin europian\u2019, nd\u00ebrsa presidenti i K\u00ebshillit Europian, Charles Michel, vuri n\u00eb dukje se \u2018shum\u00eb\u2019 udh\u00ebheq\u00ebs t\u00eb vendeve t\u00eb BE-s\u00eb mendojn\u00eb si Macron, megjith\u00ebse ata \u2018nuk do t&#8217;i thoshin gj\u00ebrat n\u00eb t\u00eb nj\u00ebjt\u00ebn m\u00ebnyr\u00eb\u2019.<\/p>\n<p>Kur u pyet n\u00eb lidhje me komentet e presidentit francez t\u00eb h\u00ebn\u00ebn, Departamenti i Shtetit i SHBA-s\u00eb tha se Franca \u00ebsht\u00eb nj\u00eb aleat i vjet\u00ebr dhe se mosmarr\u00ebveshjet e rast\u00ebsishme nuk e d\u00ebmtojn\u00eb \u2018partneritetin e thell\u00eb\u2019 me Parisin.<\/p>\n<p>Sa i p\u00ebrket q\u00ebndrimit t\u00eb BE-s\u00eb, nj\u00eb z\u00ebdh\u00ebn\u00ebs i Departamentit t\u00eb Shtetit citoi nj\u00eb fjalim t\u00eb fundit t\u00eb presidentes s\u00eb bllokut, Ursula von der Leyen, i cili e p\u00ebrshkroi Kin\u00ebn si \u2018nj\u00eb k\u00ebrc\u00ebnim t\u00eb siguris\u00eb komb\u00ebtare dhe ekonomike\u2019 dhe tha se ka \u2018konvergjenc\u00eb t\u00eb madhe\u2019 midis Uashingtonit dhe Brukselit.<\/p>\n","protected":false,"gt_translate_keys":[{"key":"rendered","format":"html"}]},"excerpt":{"rendered":"<p>Parisi \u00ebsht\u00eb nj\u00eb aleat dhe jo nj\u00eb \u2018vasal\u2019 i Uashingtonit, tha t\u00eb m\u00ebrkur\u00ebn presidenti francez Emmanuel Macron, duke mbrojtur komentet e tij p\u00ebr \u2018autonomin\u00eb strategjike\u2019 t\u00eb BE-s\u00eb n\u00eb lidhje me tensionet n\u00eb rritje midis SHBA-s\u00eb dhe Kin\u00ebs. \u201cT\u00eb jesh aleat nuk do t\u00eb thot\u00eb t\u00eb jesh vasal&#8230;nuk do t\u00eb thot\u00eb se nuk kemi t\u00eb drejt\u00eb [&hellip;]<\/p>\n","protected":false,"gt_translate_keys":[{"key":"rendered","format":"html"}]},"author":51,"featured_media":590109,"comment_status":"closed","ping_status":"closed","sticky":false,"template":"","format":"standard","meta":{"footnotes":""},"categories":[53],"tags":[],"class_list":["post-590108","post","type-post","status-publish","format-standard","has-post-thumbnail","hentry","category-fast-foodi"],"gt_translate_keys":[{"key":"link","format":"url"}],"_links":{"self":[{"href":"https:\/\/www.hashtag.al\/index.php\/wp-json\/wp\/v2\/posts\/590108","targetHints":{"allow":["GET"]}}],"collection":[{"href":"https:\/\/www.hashtag.al\/index.php\/wp-json\/wp\/v2\/posts"}],"about":[{"href":"https:\/\/www.hashtag.al\/index.php\/wp-json\/wp\/v2\/types\/post"}],"author":[{"embeddable":true,"href":"https:\/\/www.hashtag.al\/index.php\/wp-json\/wp\/v2\/users\/51"}],"replies":[{"embeddable":true,"href":"https:\/\/www.hashtag.al\/index.php\/wp-json\/wp\/v2\/comments?post=590108"}],"version-history":[{"count":0,"href":"https:\/\/www.hashtag.al\/index.php\/wp-json\/wp\/v2\/posts\/590108\/revisions"}],"wp:featuredmedia":[{"embeddable":true,"href":"https:\/\/www.hashtag.al\/index.php\/wp-json\/wp\/v2\/media\/590109"}],"wp:attachment":[{"href":"https:\/\/www.hashtag.al\/index.php\/wp-json\/wp\/v2\/media?parent=590108"}],"wp:term":[{"taxonomy":"category","embeddable":true,"href":"https:\/\/www.hashtag.al\/index.php\/wp-json\/wp\/v2\/categories?post=590108"},{"taxonomy":"post_tag","embeddable":true,"href":"https:\/\/www.hashtag.al\/index.php\/wp-json\/wp\/v2\/tags?post=590108"}],"curies":[{"name":"wp","href":"https:\/\/api.w.org\/{rel}","templated":true}]}}