{"id":590104,"date":"2023-04-13T10:17:36","date_gmt":"2023-04-13T08:17:36","guid":{"rendered":"https:\/\/www.hashtag.al\/?p=590104"},"modified":"2023-04-13T10:17:36","modified_gmt":"2023-04-13T08:17:36","slug":"i-kapen-ne-furgon-13-emigrante-qe-po-i-conte-ne-mal-te-zi-pranga-66-vjecarit-ne-shkoder","status":"publish","type":"post","link":"https:\/\/www.hashtag.al\/index.php\/2023\/04\/13\/i-kapen-ne-furgon-13-emigrante-qe-po-i-conte-ne-mal-te-zi-pranga-66-vjecarit-ne-shkoder\/","title":{"rendered":"I kapen n\u00eb furgon 13 emigrant\u00eb q\u00eb\u00a0 po i \u00e7onte n\u00eb Mal t\u00eb Zi, pranga\u00a0 66-vje\u00e7arit n\u00eb Shkod\u00ebr","gt_translate_keys":[{"key":"rendered","format":"text"}]},"content":{"rendered":"<p><img loading=\"lazy\" decoding=\"async\" class=\"aligncenter size-full wp-image-590105\" src=\"https:\/\/www.hashtag.al\/wp-content\/uploads\/2023\/04\/policia3.png\" alt=\"\" width=\"1238\" height=\"621\" srcset=\"https:\/\/www.hashtag.al\/wp-content\/uploads\/2023\/04\/policia3.png 1238w, https:\/\/www.hashtag.al\/wp-content\/uploads\/2023\/04\/policia3-300x150.png 300w, https:\/\/www.hashtag.al\/wp-content\/uploads\/2023\/04\/policia3-1024x514.png 1024w, https:\/\/www.hashtag.al\/wp-content\/uploads\/2023\/04\/policia3-768x385.png 768w\" sizes=\"auto, (max-width: 1238px) 100vw, 1238px\" \/><\/p>\n<p><span style=\"color: #000000;\">Nj\u00eb 66-vje\u00e7ar \u00ebsht\u00eb arrestuar n\u00eb Shkod\u00ebr pasi\u00a0 \u00ebsht\u00eb kapur duke transportuar drejt kufirit me Malin e Zi 13 emigrant\u00eb t\u00eb paligjsh\u00ebm t\u00eb cil\u00ebt i kishte marr\u00eb n\u00eb Sarand\u00eb.<\/span><\/p>\n<p><span style=\"color: #000000;\"> Personi me iniciale A.K. u ndalua n\u00eb rrug\u00ebn Lezh\u00eb-Shkod\u00ebr nd\u00ebrsa gjat\u00eb operacionit t\u00eb policis\u00eb u sekuestrua furgoni q\u00eb po p\u00ebrdorej p\u00ebr transportin e emigrant\u00ebve, 22 mij\u00eb lek\u00eb t\u00eb reja e 450 euro.<\/span><\/p>\n<p><span style=\"color: #000000;\"><strong>Njoftimi<\/strong><\/span><\/p>\n<p><span style=\"color: #000000;\"><em>\u201cFinalizohet operacioni policor i koduar \u201cAksi\u201d, p\u00ebr goditjen e veprimtaris\u00eb kriminale t\u00eb dh\u00ebnies ndihm\u00eb shtetasve t\u00eb huaj, kundrejt pages\u00ebs, p\u00ebr kalim t\u00eb paligjsh\u00ebm t\u00eb kufirit.<\/em><\/span><\/p>\n<p><span style=\"color: #000000;\"><em>Operacioni u zhvillua nga Drejtoria Vendore e Kufirit dhe Migracionit Shkod\u00ebr, n\u00eb bashk\u00ebpunim me Seksionin p\u00ebr Hetimin e Narkotik\u00ebve dhe Trafiqeve t\u00eb Paligjshme, t\u00eb DVP Shkod\u00ebr.<\/em><\/span><\/p>\n<p><span style=\"color: #000000;\"><em>U kap n\u00eb flagranc\u00eb duke transportuar, kundrejt pages\u00ebs, drejt kufirit me Malin e Zi, 13 shtetas t\u00eb huaj q\u00eb i kishte marr\u00eb n\u00eb Sarand\u00eb, vihet n\u00eb pranga drejtuesi i automjetit. <\/em><\/span><\/p>\n<p><span style=\"color: #000000;\"><em>Sekuestrohen automjeti (furgon), 2 aparate celulare, 22 000 lek\u00eb dhe 450 euro.<\/em><\/span><\/p>\n<p><span style=\"color: #000000;\"><em>Sh\u00ebrbimet e Drejtoris\u00eb Vendore t\u00eb Kufirit dhe Migracionit Shkod\u00ebr, n\u00eb bashk\u00ebpunim me specialist\u00ebt e Seksionit p\u00ebr Hetimin e Narkotik\u00ebve dhe Trafiqeve t\u00eb Paligjshme, bazuar n\u00eb informacionet e siguruara nga inteligjenca informative p\u00ebr nj\u00eb rast t\u00eb dh\u00ebnies ndihm\u00eb shtetasve t\u00eb huaj, p\u00ebr kalim t\u00eb paligjsh\u00ebm t\u00eb kufirit, kan\u00eb organizuar dhe finalizuar operacionit policor t\u00eb koduar \u201cAksi\u201d.<\/em><\/span><\/p>\n<p><span style=\"color: #000000;\"><em>Gjat\u00eb operacionit, n\u00eb aksin rrugor Lezh\u00eb-Shkod\u00ebr, n\u00eb vendin e quajtur \u201cBeltoj\u00eb\u201d, sh\u00ebrbimet e Policis\u00eb i kan\u00eb b\u00ebr\u00eb shenj\u00eb ndalimi automjetit (furgon) me drejtues shtetasin A. K. N\u00eb k\u00ebt\u00eb automjet ishin pasagjer\u00eb 13 shtetas t\u00eb huaj (nga Bangladeshi dhe India), t\u00eb cil\u00ebt dyshohet se shtetasi A. K. i kishte marr\u00eb n\u00eb Sarand\u00eb dhe po i transportonte, kundrejt pages\u00ebs, n\u00eb drejtim t\u00eb kufirit me Malin e Zi, me q\u00ebllim q\u00eb ata t\u00eb kalonin n\u00eb vendet e BE-s\u00eb. <\/em><\/span><\/p>\n<p><span style=\"color: #000000;\"><em>Automjeti tip \u201cHuyndai\u201d u sekuestrua n\u00eb cil\u00ebsin\u00eb e prov\u00ebs materiale, s\u00eb bashku me 2 aparate celulare, 22 000 lek\u00eb dhe 450 euro. <\/em><\/span><\/p>\n<p><span style=\"color: #000000;\"><em>N\u00eb vijim t\u00eb veprimeve p\u00ebr k\u00ebt\u00eb rast, u arrestua n\u00eb flagranc\u00eb drejtuesi i automjetit, shtetasi A. K., 66 vje\u00e7, banues n\u00eb Shkod\u00ebr. <\/em><\/span><\/p>\n<p><span style=\"color: #000000;\"><em>Vijojn\u00eb veprimet hetimore p\u00ebr identifikimin dhe v\u00ebnien p\u00ebrpara p\u00ebrgjegj\u00ebsis\u00eb ligjore t\u00eb shtetasve t\u00eb tjer\u00eb t\u00eb p\u00ebrfshir\u00eb n\u00eb k\u00ebt\u00eb veprimtari kriminale.<\/em><\/span><\/p>\n<p><span style=\"color: #000000;\"><em>Materialet i kaluan Prokuroris\u00eb pran\u00eb Gjykat\u00ebs s\u00eb Rrethit Gjyq\u00ebsor Shkod\u00ebr, p\u00ebr veprime t\u00eb m\u00ebtejshme.\u201d<\/em><\/span><\/p>\n<p><img loading=\"lazy\" decoding=\"async\" class=\"aligncenter size-full wp-image-590106\" src=\"https:\/\/www.hashtag.al\/wp-content\/uploads\/2023\/04\/policia2.png\" alt=\"\" width=\"1224\" height=\"615\" srcset=\"https:\/\/www.hashtag.al\/wp-content\/uploads\/2023\/04\/policia2.png 1224w, https:\/\/www.hashtag.al\/wp-content\/uploads\/2023\/04\/policia2-300x151.png 300w, https:\/\/www.hashtag.al\/wp-content\/uploads\/2023\/04\/policia2-1024x515.png 1024w, https:\/\/www.hashtag.al\/wp-content\/uploads\/2023\/04\/policia2-768x386.png 768w\" sizes=\"auto, (max-width: 1224px) 100vw, 1224px\" \/><\/p>\n","protected":false,"gt_translate_keys":[{"key":"rendered","format":"html"}]},"excerpt":{"rendered":"<p>Nj\u00eb 66-vje\u00e7ar \u00ebsht\u00eb arrestuar n\u00eb Shkod\u00ebr pasi\u00a0 \u00ebsht\u00eb kapur duke transportuar drejt kufirit me Malin e Zi 13 emigrant\u00eb t\u00eb paligjsh\u00ebm t\u00eb cil\u00ebt i kishte marr\u00eb n\u00eb Sarand\u00eb. Personi me iniciale A.K. u ndalua n\u00eb rrug\u00ebn Lezh\u00eb-Shkod\u00ebr nd\u00ebrsa gjat\u00eb operacionit t\u00eb policis\u00eb u sekuestrua furgoni q\u00eb po p\u00ebrdorej p\u00ebr transportin e emigrant\u00ebve, 22 mij\u00eb lek\u00eb [&hellip;]<\/p>\n","protected":false,"gt_translate_keys":[{"key":"rendered","format":"html"}]},"author":51,"featured_media":590105,"comment_status":"closed","ping_status":"closed","sticky":false,"template":"","format":"standard","meta":{"footnotes":""},"categories":[65,13],"tags":[],"class_list":["post-590104","post","type-post","status-publish","format-standard","has-post-thumbnail","hentry","category-lajme","category-te-fundit"],"gt_translate_keys":[{"key":"link","format":"url"}],"_links":{"self":[{"href":"https:\/\/www.hashtag.al\/index.php\/wp-json\/wp\/v2\/posts\/590104","targetHints":{"allow":["GET"]}}],"collection":[{"href":"https:\/\/www.hashtag.al\/index.php\/wp-json\/wp\/v2\/posts"}],"about":[{"href":"https:\/\/www.hashtag.al\/index.php\/wp-json\/wp\/v2\/types\/post"}],"author":[{"embeddable":true,"href":"https:\/\/www.hashtag.al\/index.php\/wp-json\/wp\/v2\/users\/51"}],"replies":[{"embeddable":true,"href":"https:\/\/www.hashtag.al\/index.php\/wp-json\/wp\/v2\/comments?post=590104"}],"version-history":[{"count":0,"href":"https:\/\/www.hashtag.al\/index.php\/wp-json\/wp\/v2\/posts\/590104\/revisions"}],"wp:featuredmedia":[{"embeddable":true,"href":"https:\/\/www.hashtag.al\/index.php\/wp-json\/wp\/v2\/media\/590105"}],"wp:attachment":[{"href":"https:\/\/www.hashtag.al\/index.php\/wp-json\/wp\/v2\/media?parent=590104"}],"wp:term":[{"taxonomy":"category","embeddable":true,"href":"https:\/\/www.hashtag.al\/index.php\/wp-json\/wp\/v2\/categories?post=590104"},{"taxonomy":"post_tag","embeddable":true,"href":"https:\/\/www.hashtag.al\/index.php\/wp-json\/wp\/v2\/tags?post=590104"}],"curies":[{"name":"wp","href":"https:\/\/api.w.org\/{rel}","templated":true}]}}