{"id":589861,"date":"2023-04-11T23:58:56","date_gmt":"2023-04-11T21:58:56","guid":{"rendered":"https:\/\/www.hashtag.al\/?p=589861"},"modified":"2023-04-11T23:58:56","modified_gmt":"2023-04-11T21:58:56","slug":"haradinaj-i-del-ne-mbeshtetje-kurtit-mund-ta-shajme-sa-te-duam-por-marreveshja-me-serbine-eshte-me-e-mira-e-mundshme","status":"publish","type":"post","link":"https:\/\/www.hashtag.al\/index.php\/2023\/04\/11\/haradinaj-i-del-ne-mbeshtetje-kurtit-mund-ta-shajme-sa-te-duam-por-marreveshja-me-serbine-eshte-me-e-mira-e-mundshme\/","title":{"rendered":"Haradinaj i del n\u00eb mb\u00ebshtetje Kurtit: Mund ta shajm\u00eb sa t\u00eb duam por marr\u00ebveshja me Serbin\u00eb \u00ebsht\u00eb m\u00eb e mira e mundshme","gt_translate_keys":[{"key":"rendered","format":"text"}]},"content":{"rendered":"<p><span style=\"color: #000000;\"><a style=\"color: #000000;\" href=\"https:\/\/www.hashtag.al\/wp-content\/uploads\/2023\/01\/HARADINAJ.jpg\"><img loading=\"lazy\" decoding=\"async\" class=\"aligncenter size-full wp-image-571685\" src=\"https:\/\/www.hashtag.al\/wp-content\/uploads\/2023\/01\/HARADINAJ.jpg\" alt=\"\" width=\"780\" height=\"440\" srcset=\"https:\/\/www.hashtag.al\/wp-content\/uploads\/2023\/01\/HARADINAJ.jpg 780w, https:\/\/www.hashtag.al\/wp-content\/uploads\/2023\/01\/HARADINAJ-300x169.jpg 300w, https:\/\/www.hashtag.al\/wp-content\/uploads\/2023\/01\/HARADINAJ-768x433.jpg 768w\" sizes=\"auto, (max-width: 780px) 100vw, 780px\" \/><\/a><\/span><\/p>\n<p><span style=\"color: #000000;\">Kryetari i Aleanc\u00ebs p\u00ebr Ardhm\u00ebrin\u00eb e Kosov\u00ebs, Ramush Haradinaj, ka th\u00ebn\u00eb se marr\u00ebveshja n\u00eb mes t\u00eb Kosov\u00ebs dhe Serbis\u00eb \u00ebsht\u00eb m\u00eb e mira e mundshme.<\/span><\/p>\n<p><span style=\"color: #000000;\">\u201cMarr\u00ebveshja \u00ebsht\u00eb m\u00eb e mira, nuk e ka rezultatin final q\u00eb do t\u00eb ishte njohja bilaterale me Serbin\u00eb, por krejt materia e k\u00ebsaj marr\u00ebveshjeje \u00ebsht\u00eb m\u00eb e mira q\u00eb ekziston\u201d, ka th\u00ebn\u00eb Haradinaj ne Klan Kosova.<\/span><\/p>\n<p><span style=\"color: #000000;\">Haradinaj tha se nenet q\u00eb jan\u00eb pjes\u00eb e marr\u00ebveshjes nuk jan\u00eb krijuar p\u00ebr marr\u00ebdh\u00ebnien n\u00eb mes t\u00eb dyja vendeve, por, sipas tij, jan\u00eb t\u00eb cituara nga konventa nd\u00ebrkomb\u00ebtare me t\u00eb cilat kan\u00eb funksionuar shum\u00eb vende.<\/span><\/p>\n<p><span style=\"color: #000000;\">Ai theksoi se n\u00eb k\u00ebt\u00eb marr\u00ebveshje nuk flitet p\u00ebr autonomi.<\/span><\/p>\n<p><span style=\"color: #000000;\">\u201cNe mund ta shajm\u00eb Kurtin sa t\u00eb doni, ruajuni me marr\u00ebveshjen, nuk jan\u00eb autonomi, nuk ka kompensime p\u00ebr Serbin\u00eb n\u00eb k\u00ebt\u00eb marr\u00ebveshje. Marr\u00ebveshja \u00ebsht\u00eb e mir\u00eb, ve\u00e7 harrojeni Kurtin nj\u00eb her\u00eb. Nuk e ka shkruar Kurti marr\u00ebveshjen po \u00ebsht\u00eb e Amerik\u00ebs, mendoj m\u00eb s\u00eb shumti kontribut ka ajo\u201d, \u00ebsht\u00eb shprehur Haradinaj.<\/span><\/p>\n","protected":false,"gt_translate_keys":[{"key":"rendered","format":"html"}]},"excerpt":{"rendered":"<p>Kryetari i Aleanc\u00ebs p\u00ebr Ardhm\u00ebrin\u00eb e Kosov\u00ebs, Ramush Haradinaj, ka th\u00ebn\u00eb se marr\u00ebveshja n\u00eb mes t\u00eb Kosov\u00ebs dhe Serbis\u00eb \u00ebsht\u00eb m\u00eb e mira e mundshme. \u201cMarr\u00ebveshja \u00ebsht\u00eb m\u00eb e mira, nuk e ka rezultatin final q\u00eb do t\u00eb ishte njohja bilaterale me Serbin\u00eb, por krejt materia e k\u00ebsaj marr\u00ebveshjeje \u00ebsht\u00eb m\u00eb e mira q\u00eb ekziston\u201d, [&hellip;]<\/p>\n","protected":false,"gt_translate_keys":[{"key":"rendered","format":"html"}]},"author":32,"featured_media":571685,"comment_status":"closed","ping_status":"closed","sticky":false,"template":"","format":"standard","meta":{"footnotes":""},"categories":[149,13],"tags":[],"class_list":["post-589861","post","type-post","status-publish","format-standard","has-post-thumbnail","hentry","category-kosoverajon","category-te-fundit"],"gt_translate_keys":[{"key":"link","format":"url"}],"_links":{"self":[{"href":"https:\/\/www.hashtag.al\/index.php\/wp-json\/wp\/v2\/posts\/589861","targetHints":{"allow":["GET"]}}],"collection":[{"href":"https:\/\/www.hashtag.al\/index.php\/wp-json\/wp\/v2\/posts"}],"about":[{"href":"https:\/\/www.hashtag.al\/index.php\/wp-json\/wp\/v2\/types\/post"}],"author":[{"embeddable":true,"href":"https:\/\/www.hashtag.al\/index.php\/wp-json\/wp\/v2\/users\/32"}],"replies":[{"embeddable":true,"href":"https:\/\/www.hashtag.al\/index.php\/wp-json\/wp\/v2\/comments?post=589861"}],"version-history":[{"count":0,"href":"https:\/\/www.hashtag.al\/index.php\/wp-json\/wp\/v2\/posts\/589861\/revisions"}],"wp:featuredmedia":[{"embeddable":true,"href":"https:\/\/www.hashtag.al\/index.php\/wp-json\/wp\/v2\/media\/571685"}],"wp:attachment":[{"href":"https:\/\/www.hashtag.al\/index.php\/wp-json\/wp\/v2\/media?parent=589861"}],"wp:term":[{"taxonomy":"category","embeddable":true,"href":"https:\/\/www.hashtag.al\/index.php\/wp-json\/wp\/v2\/categories?post=589861"},{"taxonomy":"post_tag","embeddable":true,"href":"https:\/\/www.hashtag.al\/index.php\/wp-json\/wp\/v2\/tags?post=589861"}],"curies":[{"name":"wp","href":"https:\/\/api.w.org\/{rel}","templated":true}]}}