{"id":589856,"date":"2023-04-11T23:32:07","date_gmt":"2023-04-11T21:32:07","guid":{"rendered":"https:\/\/www.hashtag.al\/?p=589856"},"modified":"2023-04-12T00:13:57","modified_gmt":"2023-04-11T22:13:57","slug":"ilir-beqaj-refuzon-mandatin-e-deputetit","status":"publish","type":"post","link":"https:\/\/www.hashtag.al\/index.php\/2023\/04\/11\/ilir-beqaj-refuzon-mandatin-e-deputetit\/","title":{"rendered":"Ilir Beqaj refuzon mandatin e deputetit","gt_translate_keys":[{"key":"rendered","format":"text"}]},"content":{"rendered":"<p style=\"padding-left: 40px;\"><span style=\"color: #000000;\"><a href=\"https:\/\/www.hashtag.al\/wp-content\/uploads\/2020\/05\/Ilir-Beqaj11-1-e1588437562573.jpg\"><img loading=\"lazy\" decoding=\"async\" class=\"aligncenter size-full wp-image-370875\" src=\"https:\/\/www.hashtag.al\/wp-content\/uploads\/2020\/05\/Ilir-Beqaj11-1-e1588437562573.jpg\" alt=\"\" width=\"1289\" height=\"724\" srcset=\"https:\/\/www.hashtag.al\/wp-content\/uploads\/2020\/05\/Ilir-Beqaj11-1-e1588437562573.jpg 1289w, https:\/\/www.hashtag.al\/wp-content\/uploads\/2020\/05\/Ilir-Beqaj11-1-e1588437562573-300x169.jpg 300w, https:\/\/www.hashtag.al\/wp-content\/uploads\/2020\/05\/Ilir-Beqaj11-1-e1588437562573-768x431.jpg 768w, https:\/\/www.hashtag.al\/wp-content\/uploads\/2020\/05\/Ilir-Beqaj11-1-e1588437562573-1024x575.jpg 1024w\" sizes=\"auto, (max-width: 1289px) 100vw, 1289px\" \/><\/a><\/span><\/p>\n<p><span style=\"color: #000000;\">Ilir Beqaj nuk ka pranuar mandatin e deputetit p\u00ebr qarkun Shkod\u00ebr.<\/span><\/p>\n<p><span style=\"color: #000000;\">Pas dor\u00ebzimit t\u00eb mandatit t\u00eb Benet Becit si kandidat p\u00ebr Bashkin\u00eb e Shkodr\u00ebs n\u00ebn sigl\u00ebn e Partis\u00eb Socialiste, duket se ish-Ministri i Sh\u00ebndet\u00ebsis\u00eb n\u00eb qeverin\u00eb Rama 1 nuk e t\u00ebrheq m\u00eb puna si i zgjedhur i popullit.<\/span><\/p>\n<p><span style=\"color: #000000;\">Edhe pse Beqaj u largua nga parlamenti duke iu hequr mandati p\u00ebr shkak t\u00eb p\u00ebrfshirjes s\u00eb kompanis\u00eb s\u00eb tij n\u00eb tendera publik\u00eb atij iu besua n\u00eb n\u00ebntor t\u00eb vitit 2021 drejtimi i Agjencin\u00eb Shtet\u00ebrore t\u00eb Programin Strategjik dhe Koordinimit t\u00eb Ndihm\u00ebs, q\u00eb njihet ndryshe si agjencia q\u00eb menaxhon fondet e donator\u00ebve.<\/span><\/p>\n<p><span style=\"color: #000000;\">N\u00eb radh\u00eb p\u00ebr mandatin l\u00ebn\u00eb nga Beci \u00ebsht\u00eb Frrok Gjini.<\/span><\/p>\n<p><span style=\"color: #000000;\">Gjini n\u00eb vitin 2021 \u00ebsht\u00eb paditur nga Partia Demokratike n\u00eb SPAK me argumentet se nj\u00eb person me rekorde kriminale blinte vota p\u00ebr kandidatin e renditur i pesti n\u00eb list\u00ebn e Shkodr\u00ebs.<\/span><\/p>\n<p><span style=\"color: #000000;\">Partia Demokratike, p\u00ebrmes sekretarit t\u00eb P\u00ebrgjithsh\u00ebm Gazment Bardhi kall\u00ebzoi n\u00eb at\u00eb koh\u00eb n\u00eb SPAK Kryeministrin Edi Rama, Frrok Gjinin, Niko Ibrahimajn, Drejtori i Policis\u00eb s\u00eb qarkut Shkod\u00ebr, Ilir Babaj\/Baba Drejtor i Uj\u00ebsjell\u00ebsit-kanalizime Bashkia e Vaut t\u00eb Dej\u00ebs dhe v\u00ebllan\u00eb e tij, Basri Babaj\/Baba duke i akuzuar p\u00ebr &#8216;Shp\u00ebrdorimit t\u00eb detyr\u00ebs\u201d, \u201cMbajtjes pa leje dhe prodhimit t\u00eb arm\u00ebve, arm\u00ebve shp\u00ebrthyese dhe municionit\u201d, \u201cKorrupsionit aktiv n\u00eb zgjedhje\u201d dhe \u201cgrupit t\u00eb strukturuar kriminal&#8221;.<\/span><\/p>\n<p><span style=\"color: #000000;\">Sipas PD Basri Babaj\/Baba qarkullonte me makin\u00eb t\u00eb blinduar n\u00eb La\u00e7 , brenda s\u00eb cil\u00ebsi iu gjet\u00ebn sipas PD 2 arm\u00eb zjarri, shuma t\u00eb m\u00ebdha parash q\u00eb p\u00ebrdoreshin p\u00ebr t\u00eb bler\u00eb vota si dhe materiale zgjedhore t\u00eb Vaut t\u00eb Dej\u00ebs.\u00a0<\/span><\/p>\n<p><a href=\"https:\/\/www.hashtag.al\/wp-content\/uploads\/2023\/04\/lista-ps-shkodwr.jpg\"><img loading=\"lazy\" decoding=\"async\" class=\"aligncenter size-full wp-image-589857\" src=\"https:\/\/www.hashtag.al\/wp-content\/uploads\/2023\/04\/lista-ps-shkodwr.jpg\" alt=\"\" width=\"1284\" height=\"830\" srcset=\"https:\/\/www.hashtag.al\/wp-content\/uploads\/2023\/04\/lista-ps-shkodwr.jpg 1284w, https:\/\/www.hashtag.al\/wp-content\/uploads\/2023\/04\/lista-ps-shkodwr-300x194.jpg 300w, https:\/\/www.hashtag.al\/wp-content\/uploads\/2023\/04\/lista-ps-shkodwr-1024x662.jpg 1024w, https:\/\/www.hashtag.al\/wp-content\/uploads\/2023\/04\/lista-ps-shkodwr-768x496.jpg 768w\" sizes=\"auto, (max-width: 1284px) 100vw, 1284px\" \/><\/a><\/p>\n","protected":false,"gt_translate_keys":[{"key":"rendered","format":"html"}]},"excerpt":{"rendered":"<p>Ilir Beqaj nuk ka pranuar mandatin e deputetit p\u00ebr qarkun Shkod\u00ebr. Pas dor\u00ebzimit t\u00eb mandatit t\u00eb Benet Becit si kandidat p\u00ebr Bashkin\u00eb e Shkodr\u00ebs n\u00ebn sigl\u00ebn e Partis\u00eb Socialiste, duket se ish-Ministri i Sh\u00ebndet\u00ebsis\u00eb n\u00eb qeverin\u00eb Rama 1 nuk e t\u00ebrheq m\u00eb puna si i zgjedhur i popullit. Edhe pse Beqaj u largua nga parlamenti [&hellip;]<\/p>\n","protected":false,"gt_translate_keys":[{"key":"rendered","format":"html"}]},"author":32,"featured_media":370875,"comment_status":"closed","ping_status":"closed","sticky":false,"template":"","format":"standard","meta":{"footnotes":""},"categories":[65,13],"tags":[],"class_list":["post-589856","post","type-post","status-publish","format-standard","has-post-thumbnail","hentry","category-lajme","category-te-fundit"],"gt_translate_keys":[{"key":"link","format":"url"}],"_links":{"self":[{"href":"https:\/\/www.hashtag.al\/index.php\/wp-json\/wp\/v2\/posts\/589856","targetHints":{"allow":["GET"]}}],"collection":[{"href":"https:\/\/www.hashtag.al\/index.php\/wp-json\/wp\/v2\/posts"}],"about":[{"href":"https:\/\/www.hashtag.al\/index.php\/wp-json\/wp\/v2\/types\/post"}],"author":[{"embeddable":true,"href":"https:\/\/www.hashtag.al\/index.php\/wp-json\/wp\/v2\/users\/32"}],"replies":[{"embeddable":true,"href":"https:\/\/www.hashtag.al\/index.php\/wp-json\/wp\/v2\/comments?post=589856"}],"version-history":[{"count":0,"href":"https:\/\/www.hashtag.al\/index.php\/wp-json\/wp\/v2\/posts\/589856\/revisions"}],"wp:featuredmedia":[{"embeddable":true,"href":"https:\/\/www.hashtag.al\/index.php\/wp-json\/wp\/v2\/media\/370875"}],"wp:attachment":[{"href":"https:\/\/www.hashtag.al\/index.php\/wp-json\/wp\/v2\/media?parent=589856"}],"wp:term":[{"taxonomy":"category","embeddable":true,"href":"https:\/\/www.hashtag.al\/index.php\/wp-json\/wp\/v2\/categories?post=589856"},{"taxonomy":"post_tag","embeddable":true,"href":"https:\/\/www.hashtag.al\/index.php\/wp-json\/wp\/v2\/tags?post=589856"}],"curies":[{"name":"wp","href":"https:\/\/api.w.org\/{rel}","templated":true}]}}