{"id":589533,"date":"2023-04-10T08:39:32","date_gmt":"2023-04-10T06:39:32","guid":{"rendered":"https:\/\/www.hashtag.al\/?p=589533"},"modified":"2023-04-10T08:09:21","modified_gmt":"2023-04-10T06:09:21","slug":"norma-e-lindjeve-ne-itali-ne-nivelin-me-te-ulet-historik","status":"publish","type":"post","link":"https:\/\/www.hashtag.al\/index.php\/2023\/04\/10\/norma-e-lindjeve-ne-itali-ne-nivelin-me-te-ulet-historik\/","title":{"rendered":"Norma e lindjeve n\u00eb Itali n\u00eb nivelin m\u00eb t\u00eb ul\u00ebt historik","gt_translate_keys":[{"key":"rendered","format":"text"}]},"content":{"rendered":"<p><img loading=\"lazy\" decoding=\"async\" class=\"aligncenter size-full wp-image-589534\" src=\"https:\/\/www.hashtag.al\/wp-content\/uploads\/2023\/04\/itali.jpg\" alt=\"\" width=\"768\" height=\"432\" srcset=\"https:\/\/www.hashtag.al\/wp-content\/uploads\/2023\/04\/itali.jpg 768w, https:\/\/www.hashtag.al\/wp-content\/uploads\/2023\/04\/itali-300x169.jpg 300w\" sizes=\"auto, (max-width: 768px) 100vw, 768px\" \/><\/p>\n<p><span style=\"color: #000000;\">M\u00eb pak se 400,000 foshnja lind\u00ebn n\u00eb Itali n\u00eb vitin 2022, duke thelluar at\u00eb q\u00eb \u00ebsht\u00eb referuar si \u2018nj\u00eb emergjenc\u00eb komb\u00ebtare\u2019. Popullsia e vendit ka r\u00ebn\u00eb n\u00eb nivele historikisht t\u00eb ul\u00ebta, sipas shifrave t\u00eb publikuara nga Instituti Komb\u00ebtar i Statistikave t\u00eb vendit t\u00eb BE-s\u00eb.<\/span><\/p>\n<p><span style=\"color: #000000;\">Numri i p\u00ebrgjithsh\u00ebm i t\u00eb porsalindurve n\u00eb Itali ra 1.8% nga 400,249 lindje t\u00eb regjistruara n\u00eb vitin 2021, shifra m\u00eb e ul\u00ebt e till\u00eb q\u00eb nga viti 1861. Shifrat e reja, t\u00eb publikuara t\u00eb premten nga byroja italiane e statistikave, n\u00ebnkuptojn\u00eb se Italia kishte 12 vdekje p\u00ebr \u00e7do shtat\u00eb lindje vitin e kaluar. Popullsia e p\u00ebrgjithshme e vendit ra me 179,000.<\/span><\/p>\n<p><span style=\"color: #000000;\"><em>\u201c\u00cbsht\u00eb nj\u00eb kriz\u00eb demografike,\u201d<\/em> tha Maria Rita Testa, nj\u00eb demografe n\u00eb \u2018Universitetin Luiss\u2019 n\u00eb Rom\u00eb, p\u00ebrmes Financial Times.<\/span><\/p>\n<p><span style=\"color: #000000;\"><em>&#8220;Ne do t\u00eb humbasim shum\u00eb njer\u00ebz n\u00eb t\u00eb ardhmen,&#8221;<\/em> tha ajo p\u00ebr nj\u00eb situat\u00eb q\u00eb i atribuohet thjesht faktit se \u2018grat\u00eb thjesht po b\u00ebjn\u00eb m\u00eb pak f\u00ebmij\u00eb\u2019.<\/span><\/p>\n<p><span style=\"color: #000000;\">R\u00ebnia e popullsis\u00eb vjen pas prezantimit t\u00eb nj\u00eb skeme n\u00eb vitin 2021 p\u00ebr t&#8217;u ofruar familjeve stimuj financiar\u00eb mujor\u00eb p\u00ebr \u00e7do f\u00ebmij\u00eb t\u00eb lindur, q\u00eb variojn\u00eb nga 50 deri n\u00eb 175 euro (55 deri n\u00eb 192 dollar\u00eb) n\u00eb var\u00ebsi t\u00eb t\u00eb ardhurave t\u00eb familjes.<\/span><\/p>\n<p><span style=\"color: #000000;\">Udh\u00ebheq\u00ebsja e qeveris\u00eb aktuale t\u00eb krahut t\u00eb djatht\u00eb t\u00eb Italis\u00eb, Giorgia Meloni, e b\u00ebri adresimin e r\u00ebnies s\u00eb popullsis\u00eb nj\u00eb element ky\u00e7 t\u00eb fushat\u00ebs s\u00eb saj zgjedhore. Premtimi i politik\u00ebs erdhi mes shqet\u00ebsimeve se popullsia n\u00eb pak\u00ebsim do rriste ngarkes\u00ebn n\u00eb sektor\u00ebt kryesor\u00eb publik\u00eb si kujdesi sh\u00ebndet\u00ebsor. Italia tashm\u00eb ka nj\u00eb nga nivelet m\u00eb t\u00eb larta t\u00eb borxhit ndaj PBB-s\u00eb n\u00eb Evrop\u00eb me 135%.<\/span><\/p>\n<p><span style=\"color: #000000;\"><em>&#8220;T\u00eb kesh nj\u00eb shkall\u00eb t\u00eb ul\u00ebt t\u00eb lindshm\u00ebris\u00eb \u00ebsht\u00eb nj\u00eb \u00e7\u00ebshtje q\u00eb nuk i p\u00ebrket an\u00ebs politike t\u00eb djatht\u00eb apo t\u00eb majt\u00eb, \u00ebsht\u00eb nj\u00eb emergjenc\u00eb komb\u00ebtare,&#8221;<\/em> tha Senatorja Lavinia Mennuni e parties n\u00eb pushtet vitin e kaluar.<\/span><\/p>\n<p><span style=\"color: #000000;\">Popullsia e Italis\u00eb ka r\u00ebn\u00eb q\u00eb nga viti 2014, me nj\u00eb r\u00ebnie totale prej rreth 1.36 milion\u00eb njer\u00ebzish gjat\u00eb asaj kohe, af\u00ebrsisht e barabart\u00eb me popullsin\u00eb e Milanos, qyteti i dyt\u00eb m\u00eb i madh i Italis\u00eb. Megjithat\u00eb, k\u00ebto shifra jan\u00eb kompensuar pjes\u00ebrisht nga emigracioni.<\/span><\/p>\n","protected":false,"gt_translate_keys":[{"key":"rendered","format":"html"}]},"excerpt":{"rendered":"<p>M\u00eb pak se 400,000 foshnja lind\u00ebn n\u00eb Itali n\u00eb vitin 2022, duke thelluar at\u00eb q\u00eb \u00ebsht\u00eb referuar si \u2018nj\u00eb emergjenc\u00eb komb\u00ebtare\u2019. Popullsia e vendit ka r\u00ebn\u00eb n\u00eb nivele historikisht t\u00eb ul\u00ebta, sipas shifrave t\u00eb publikuara nga Instituti Komb\u00ebtar i Statistikave t\u00eb vendit t\u00eb BE-s\u00eb. Numri i p\u00ebrgjithsh\u00ebm i t\u00eb porsalindurve n\u00eb Itali ra 1.8% nga [&hellip;]<\/p>\n","protected":false,"gt_translate_keys":[{"key":"rendered","format":"html"}]},"author":51,"featured_media":589534,"comment_status":"closed","ping_status":"closed","sticky":false,"template":"","format":"standard","meta":{"footnotes":""},"categories":[53],"tags":[],"class_list":["post-589533","post","type-post","status-publish","format-standard","has-post-thumbnail","hentry","category-fast-foodi"],"gt_translate_keys":[{"key":"link","format":"url"}],"_links":{"self":[{"href":"https:\/\/www.hashtag.al\/index.php\/wp-json\/wp\/v2\/posts\/589533","targetHints":{"allow":["GET"]}}],"collection":[{"href":"https:\/\/www.hashtag.al\/index.php\/wp-json\/wp\/v2\/posts"}],"about":[{"href":"https:\/\/www.hashtag.al\/index.php\/wp-json\/wp\/v2\/types\/post"}],"author":[{"embeddable":true,"href":"https:\/\/www.hashtag.al\/index.php\/wp-json\/wp\/v2\/users\/51"}],"replies":[{"embeddable":true,"href":"https:\/\/www.hashtag.al\/index.php\/wp-json\/wp\/v2\/comments?post=589533"}],"version-history":[{"count":0,"href":"https:\/\/www.hashtag.al\/index.php\/wp-json\/wp\/v2\/posts\/589533\/revisions"}],"wp:featuredmedia":[{"embeddable":true,"href":"https:\/\/www.hashtag.al\/index.php\/wp-json\/wp\/v2\/media\/589534"}],"wp:attachment":[{"href":"https:\/\/www.hashtag.al\/index.php\/wp-json\/wp\/v2\/media?parent=589533"}],"wp:term":[{"taxonomy":"category","embeddable":true,"href":"https:\/\/www.hashtag.al\/index.php\/wp-json\/wp\/v2\/categories?post=589533"},{"taxonomy":"post_tag","embeddable":true,"href":"https:\/\/www.hashtag.al\/index.php\/wp-json\/wp\/v2\/tags?post=589533"}],"curies":[{"name":"wp","href":"https:\/\/api.w.org\/{rel}","templated":true}]}}