{"id":589530,"date":"2023-04-10T08:19:04","date_gmt":"2023-04-10T06:19:04","guid":{"rendered":"https:\/\/www.hashtag.al\/?p=589530"},"modified":"2023-04-10T08:15:32","modified_gmt":"2023-04-10T06:15:32","slug":"shembet-ndertesa-ne-qytetin-francez-disa-te-plagosur-e-dhjetera-te-zhdukur","status":"publish","type":"post","link":"https:\/\/www.hashtag.al\/index.php\/2023\/04\/10\/shembet-ndertesa-ne-qytetin-francez-disa-te-plagosur-e-dhjetera-te-zhdukur\/","title":{"rendered":"Shembet nd\u00ebrtesa n\u00eb qytetin francez, dy viktima e dhjet\u00ebra t\u00eb zhdukur","gt_translate_keys":[{"key":"rendered","format":"text"}]},"content":{"rendered":"<p><span style=\"color: #000000;\"><img loading=\"lazy\" decoding=\"async\" class=\"aligncenter size-full wp-image-589531\" src=\"https:\/\/www.hashtag.al\/wp-content\/uploads\/2023\/04\/shembje.jpg\" alt=\"\" width=\"768\" height=\"432\" srcset=\"https:\/\/www.hashtag.al\/wp-content\/uploads\/2023\/04\/shembje.jpg 768w, https:\/\/www.hashtag.al\/wp-content\/uploads\/2023\/04\/shembje-300x169.jpg 300w\" sizes=\"auto, (max-width: 768px) 100vw, 768px\" \/><\/span><\/p>\n<p><span style=\"color: #000000;\">Dy persona humb\u00ebn jet\u00ebn e pes\u00eb persona u plagos\u00ebn pasi nj\u00eb nd\u00ebrtes\u00eb banimi kat\u00ebrkat\u00ebshe u shemb dhe shkaktoi nj\u00eb zjarr t\u00eb madh n\u00eb qytetin port francez t\u00eb Marsej\u00ebs, tha kryebashkiaku Benoit Payan. Vendasit than\u00eb p\u00ebr mediat se d\u00ebgjuan nj\u00eb \u2018shp\u00ebrthim t\u00eb madh\u2019n\u00eb zon\u00eb gjat\u00eb nat\u00ebs.<\/span><\/p>\n<p><span style=\"color: #000000;\">Nd\u00ebrtesa n\u00eb lagjen qendrore, e njohur p\u00ebr baret dhe restorantet e saj, u shemb rreth or\u00ebs 00:40 t\u00eb m\u00ebngjesit me or\u00ebn lokale t\u00eb s\u00eb diel\u00ebs, sipas kryebashkiakut.<\/span><\/p>\n<p><span style=\"color: #000000;\">Pes\u00eb persona p\u00ebsuan l\u00ebndime n\u00eb dy prona fqinje, t\u00eb cilat gjithashtu u d\u00ebmtuan, tha Payan. Banor\u00ebt jan\u00eb evakuuar nga nj\u00eb num\u00ebr sht\u00ebpish n\u00eb af\u00ebrsi, shtoi ai.<\/span><\/p>\n<p><span style=\"color: #000000;\"><em>\u201cDuhet t\u00eb jemi t\u00eb p\u00ebrgatitur q\u00eb t\u00eb kemi viktima n\u00eb k\u00ebt\u00eb tragjedi t\u00eb tmerrshme\u201d<\/em>, tha kryebashkiaku, duke shtuar se njer\u00ebzit mund t\u00eb jen\u00eb brenda nd\u00ebrtes\u00ebs s\u00eb shembur.<\/span><\/p>\n<p><span style=\"color: #000000;\">Ministri i Brendsh\u00ebm francez Gerald Darmanin, i cili mb\u00ebrriti n\u00eb Marsej\u00eb t\u00eb diel\u00ebn n\u00eb m\u00ebngjes, tha se \u2018kat\u00ebr deri n\u00eb nj\u00eb duzin\u00eb njer\u00ebz\u2019 mund t\u00eb kenw mbetur t\u00eb bllokuar n\u00ebn mbeturina. Zjarri po digjej disa metra n\u00ebn rr\u00ebnoja, gj\u00eb q\u00eb e b\u00ebnte gjithnj\u00eb e m\u00eb t\u00eb v\u00ebshtir\u00eb shuarjen e tij nga sh\u00ebrbimet e emergjenc\u00ebs.<\/span><\/p>\n<p><span style=\"color: #000000;\">M\u00eb shum\u00eb se 100 zjarrfik\u00ebs u vendos\u00ebn p\u00ebr t\u00eb shuar flak\u00ebt, sipas BFMTV.<\/span><\/p>\n<p><span style=\"color: #000000;\"><em>&#8220;Ne po p\u00ebrpiqemi t\u00eb p\u00ebrshpejtojm\u00eb operacionin sepse koha \u00ebsht\u00eb thelb\u00ebsore, por qent\u00eb e k\u00ebrkimit nuk mund t\u00eb punojn\u00eb n\u00eb nj\u00eb nxeht\u00ebsi t\u00eb till\u00eb\u201d<\/em>, tha komandanti i zjarrfik\u00ebsve detar\u00eb t\u00eb Marsej\u00ebs, Lionel Mathieu.<\/span><\/p>\n<p><span style=\"color: #000000;\">Nj\u00eb hetim ka nisur p\u00ebr t\u00eb p\u00ebrcaktuar shkakun e shembjes. Prefekti rajonal Christophe Mirmand i tha AFP se kishte \u2018dyshime t\u00eb forta\u2019 se incidenti kishte qen\u00eb rezultat i nj\u00eb rrjedhje gazi.<\/span><\/p>\n<p><span style=\"color: #000000;\">Nd\u00ebrtesa e prekur ishte n\u00eb gjendje t\u00eb mir\u00eb dhe \u2018nuk kishte kod rreziku\u2019, vuri n\u00eb dukje ai.<\/span><\/p>\n<p><span style=\"color: #000000;\">Nj\u00eb banor vendas tha p\u00ebr mediat se kishte d\u00ebgjuar \u2018nj\u00eb shp\u00ebrthim t\u00eb madh\u2019, nd\u00ebrsa nj\u00eb tjet\u00ebr shtoi se \u2018gjith\u00e7ka u drodh\u2019 kur nd\u00ebrtesa u shemb.<\/span><\/p>\n<p><span style=\"color: #000000;\">Nj\u00eb tjet\u00ebr nd\u00ebrtes\u00eb e madhe u shemb n\u00eb Marsej\u00eb n\u00eb vitin 2018, kur dy sht\u00ebpi t\u00eb rr\u00ebnuara n\u00eb lagjen e klas\u00ebs pun\u00ebtore t\u00eb Noailles u shkat\u00ebrruan, duke vrar\u00eb tet\u00eb njer\u00ebz.<\/span><\/p>\n","protected":false,"gt_translate_keys":[{"key":"rendered","format":"html"}]},"excerpt":{"rendered":"<p>Dy persona humb\u00ebn jet\u00ebn e pes\u00eb persona u plagos\u00ebn pasi nj\u00eb nd\u00ebrtes\u00eb banimi kat\u00ebrkat\u00ebshe u shemb dhe shkaktoi nj\u00eb zjarr t\u00eb madh n\u00eb qytetin port francez t\u00eb Marsej\u00ebs, tha kryebashkiaku Benoit Payan. Vendasit than\u00eb p\u00ebr mediat se d\u00ebgjuan nj\u00eb \u2018shp\u00ebrthim t\u00eb madh\u2019n\u00eb zon\u00eb gjat\u00eb nat\u00ebs. Nd\u00ebrtesa n\u00eb lagjen qendrore, e njohur p\u00ebr baret dhe restorantet [&hellip;]<\/p>\n","protected":false,"gt_translate_keys":[{"key":"rendered","format":"html"}]},"author":51,"featured_media":589531,"comment_status":"closed","ping_status":"closed","sticky":false,"template":"","format":"standard","meta":{"footnotes":""},"categories":[6],"tags":[],"class_list":["post-589530","post","type-post","status-publish","format-standard","has-post-thumbnail","hentry","category-nderkombetare"],"gt_translate_keys":[{"key":"link","format":"url"}],"_links":{"self":[{"href":"https:\/\/www.hashtag.al\/index.php\/wp-json\/wp\/v2\/posts\/589530","targetHints":{"allow":["GET"]}}],"collection":[{"href":"https:\/\/www.hashtag.al\/index.php\/wp-json\/wp\/v2\/posts"}],"about":[{"href":"https:\/\/www.hashtag.al\/index.php\/wp-json\/wp\/v2\/types\/post"}],"author":[{"embeddable":true,"href":"https:\/\/www.hashtag.al\/index.php\/wp-json\/wp\/v2\/users\/51"}],"replies":[{"embeddable":true,"href":"https:\/\/www.hashtag.al\/index.php\/wp-json\/wp\/v2\/comments?post=589530"}],"version-history":[{"count":0,"href":"https:\/\/www.hashtag.al\/index.php\/wp-json\/wp\/v2\/posts\/589530\/revisions"}],"wp:featuredmedia":[{"embeddable":true,"href":"https:\/\/www.hashtag.al\/index.php\/wp-json\/wp\/v2\/media\/589531"}],"wp:attachment":[{"href":"https:\/\/www.hashtag.al\/index.php\/wp-json\/wp\/v2\/media?parent=589530"}],"wp:term":[{"taxonomy":"category","embeddable":true,"href":"https:\/\/www.hashtag.al\/index.php\/wp-json\/wp\/v2\/categories?post=589530"},{"taxonomy":"post_tag","embeddable":true,"href":"https:\/\/www.hashtag.al\/index.php\/wp-json\/wp\/v2\/tags?post=589530"}],"curies":[{"name":"wp","href":"https:\/\/api.w.org\/{rel}","templated":true}]}}