{"id":589490,"date":"2023-04-09T18:14:25","date_gmt":"2023-04-09T16:14:25","guid":{"rendered":"https:\/\/www.hashtag.al\/?p=589490"},"modified":"2023-04-09T18:14:54","modified_gmt":"2023-04-09T16:14:54","slug":"u-kercenuan-arbritrat-distancohet-klubi-kastrioti-te-zbardhet-kjo-histori-po-na-prishet-imazhi","status":"publish","type":"post","link":"https:\/\/www.hashtag.al\/index.php\/2023\/04\/09\/u-kercenuan-arbritrat-distancohet-klubi-kastrioti-te-zbardhet-kjo-histori-po-na-prishet-imazhi\/","title":{"rendered":"U k\u00ebrc\u00ebnuan arbritrat, distancohet Klubi Kastrioti: T\u00eb zbardhet kjo histori, po na prishet imazhi","gt_translate_keys":[{"key":"rendered","format":"text"}]},"content":{"rendered":"<p><span style=\"color: #000000;\"><a style=\"color: #000000;\" href=\"https:\/\/www.hashtag.al\/wp-content\/uploads\/2023\/04\/kastrioti.jpg\"><img loading=\"lazy\" decoding=\"async\" class=\"aligncenter size-full wp-image-589491\" src=\"https:\/\/www.hashtag.al\/wp-content\/uploads\/2023\/04\/kastrioti.jpg\" alt=\"\" width=\"2560\" height=\"1706\" srcset=\"https:\/\/www.hashtag.al\/wp-content\/uploads\/2023\/04\/kastrioti.jpg 2560w, https:\/\/www.hashtag.al\/wp-content\/uploads\/2023\/04\/kastrioti-300x200.jpg 300w, https:\/\/www.hashtag.al\/wp-content\/uploads\/2023\/04\/kastrioti-1024x682.jpg 1024w, https:\/\/www.hashtag.al\/wp-content\/uploads\/2023\/04\/kastrioti-768x512.jpg 768w, https:\/\/www.hashtag.al\/wp-content\/uploads\/2023\/04\/kastrioti-1536x1024.jpg 1536w, https:\/\/www.hashtag.al\/wp-content\/uploads\/2023\/04\/kastrioti-2048x1365.jpg 2048w\" sizes=\"auto, (max-width: 2560px) 100vw, 2560px\" \/><\/a><\/span><\/p>\n<p><span style=\"color: #000000;\">Klubi i Kastriotit ka reaguar pas deklarat\u00ebs s\u00eb Federat\u00ebs Shqiptare t\u00eb Futbollit se sfida me Bylisin u shty p\u00ebr shkak se ishin k\u00ebrc\u00ebnuar arbritrat.<\/span><\/p>\n<p><span style=\"color: #000000;\">Klubi \u00ebsht\u00eb distancuar nga k\u00ebrc\u00ebnimet p\u00ebr arbritrat dhe k\u00ebrkon q\u00eb t\u00eb zbardhen sa m\u00eb shpejt k\u00ebrc\u00ebnimet q\u00eb si\u00e7 duken p\u00ebr sfid\u00ebn ndaj Bylisit nuk qe rast sporadik por q\u00eb sipas FSHF-s\u00eb edhe n\u00eb sfid\u00ebn ndaj La\u00e7it kishte ndodhur.\u00a0<\/span><\/p>\n<p><span style=\"color: #000000;\">Klubi thot\u00eb se \u00ebsht\u00eb i gatsh\u00ebm t\u00eb p\u00ebrballet me realitetin dhe se historia me k\u00ebrc\u00ebnime po i prish imazhin.<\/span><\/p>\n<p><span style=\"color: #000000;\"><em>\u201cPas njoftimit zyrtar nga Federata Shqiptare e Futbollit p\u00ebr shtyrjen e ndeshjes Kastrioti-Bylis p\u00ebr nj\u00eb dat\u00eb t\u00eb pacaktuar, ku n\u00eb njoftimin e mb\u00ebrritur deklarohet q\u00eb arbitrat jan\u00eb k\u00ebrc\u00ebnuar, klubi Kastrioti \u00ebsht\u00eb i detyruar t\u00eb dal\u00eb me k\u00ebt\u00eb reagim. Ne si klub distancohemi nga k\u00ebto akuza dhe b\u00ebjm\u00eb thirrje organeve kompetente q\u00eb t\u00eb zbardhin sa m\u00eb shpejt k\u00ebt\u00eb histori t\u00eb sh\u00ebmtuar, e cila prish imazhin e klubit ton\u00eb, por dhe t\u00eb futbollit shqiptar n\u00eb p\u00ebrgjith\u00ebsi. N\u00eb deklarat\u00ebn e Federat\u00ebs Shqiptare thuhet q\u00eb edhe n\u00eb ndeshjen e jav\u00ebs s\u00eb kaluar midis Kastriotit dhe La\u00e7it arbitrat paskan qen\u00eb t\u00eb detyruar q\u00eb nga k\u00ebrc\u00ebnimet t\u00eb anulojn\u00eb nj\u00eb gol p\u00ebr skuadr\u00ebn e La\u00e7it. Ne jemi t\u00eb gatsh\u00ebm t\u00eb p\u00ebrballemi me realitetin dhe i b\u00ebjm\u00eb thirrje organeve kompetente t\u00eb marrin masa t\u00eb menj\u00ebhershme dhe t\u00eb zbardhin t\u00eb v\u00ebrtet\u00ebn p\u00ebr k\u00ebt\u00eb akuz\u00eb t\u00eb r\u00ebnd\u00eb. KS Kastrioti distancohet n\u00eb m\u00ebnyr\u00eb kategorike nga \u00e7do lloj ngjarje q\u00eb njollos loj\u00ebn e bukur t\u00eb futbollit\u201d-<\/em>thuhet n\u00eb deklarat\u00eb.<\/span><\/p>\n","protected":false,"gt_translate_keys":[{"key":"rendered","format":"html"}]},"excerpt":{"rendered":"<p>Klubi i Kastriotit ka reaguar pas deklarat\u00ebs s\u00eb Federat\u00ebs Shqiptare t\u00eb Futbollit se sfida me Bylisin u shty p\u00ebr shkak se ishin k\u00ebrc\u00ebnuar arbritrat. Klubi \u00ebsht\u00eb distancuar nga k\u00ebrc\u00ebnimet p\u00ebr arbritrat dhe k\u00ebrkon q\u00eb t\u00eb zbardhen sa m\u00eb shpejt k\u00ebrc\u00ebnimet q\u00eb si\u00e7 duken p\u00ebr sfid\u00ebn ndaj Bylisit nuk qe rast sporadik por q\u00eb sipas FSHF-s\u00eb [&hellip;]<\/p>\n","protected":false,"gt_translate_keys":[{"key":"rendered","format":"html"}]},"author":32,"featured_media":589491,"comment_status":"closed","ping_status":"closed","sticky":false,"template":"","format":"standard","meta":{"footnotes":""},"categories":[134,13],"tags":[717,718,618,648],"class_list":["post-589490","post","type-post","status-publish","format-standard","has-post-thumbnail","hentry","category-sport","category-te-fundit","tag-arbritra","tag-fshf","tag-kastrioti","tag-kercenim"],"gt_translate_keys":[{"key":"link","format":"url"}],"_links":{"self":[{"href":"https:\/\/www.hashtag.al\/index.php\/wp-json\/wp\/v2\/posts\/589490","targetHints":{"allow":["GET"]}}],"collection":[{"href":"https:\/\/www.hashtag.al\/index.php\/wp-json\/wp\/v2\/posts"}],"about":[{"href":"https:\/\/www.hashtag.al\/index.php\/wp-json\/wp\/v2\/types\/post"}],"author":[{"embeddable":true,"href":"https:\/\/www.hashtag.al\/index.php\/wp-json\/wp\/v2\/users\/32"}],"replies":[{"embeddable":true,"href":"https:\/\/www.hashtag.al\/index.php\/wp-json\/wp\/v2\/comments?post=589490"}],"version-history":[{"count":0,"href":"https:\/\/www.hashtag.al\/index.php\/wp-json\/wp\/v2\/posts\/589490\/revisions"}],"wp:featuredmedia":[{"embeddable":true,"href":"https:\/\/www.hashtag.al\/index.php\/wp-json\/wp\/v2\/media\/589491"}],"wp:attachment":[{"href":"https:\/\/www.hashtag.al\/index.php\/wp-json\/wp\/v2\/media?parent=589490"}],"wp:term":[{"taxonomy":"category","embeddable":true,"href":"https:\/\/www.hashtag.al\/index.php\/wp-json\/wp\/v2\/categories?post=589490"},{"taxonomy":"post_tag","embeddable":true,"href":"https:\/\/www.hashtag.al\/index.php\/wp-json\/wp\/v2\/tags?post=589490"}],"curies":[{"name":"wp","href":"https:\/\/api.w.org\/{rel}","templated":true}]}}