{"id":589274,"date":"2023-04-08T13:24:42","date_gmt":"2023-04-08T11:24:42","guid":{"rendered":"https:\/\/www.hashtag.al\/?p=589274"},"modified":"2023-04-08T13:24:42","modified_gmt":"2023-04-08T11:24:42","slug":"berisha-prezanton-igli-caren-ne-durres-rama-po-ben-cmos-te-largoje-shqiptaret-me-14-maj-rivendosim-pluralizmin","status":"publish","type":"post","link":"https:\/\/www.hashtag.al\/index.php\/2023\/04\/08\/berisha-prezanton-igli-caren-ne-durres-rama-po-ben-cmos-te-largoje-shqiptaret-me-14-maj-rivendosim-pluralizmin\/","title":{"rendered":"Berisha prezanton Igli Car\u00ebn n\u00eb Durr\u00ebs: Rama po b\u00ebn \u00e7mos t\u00eb largoj\u00eb shqiptar\u00ebt, m\u00eb 14 maj rivendosim pluralizmin","gt_translate_keys":[{"key":"rendered","format":"text"}]},"content":{"rendered":"<p><img loading=\"lazy\" decoding=\"async\" class=\"aligncenter size-full wp-image-589275\" src=\"https:\/\/www.hashtag.al\/wp-content\/uploads\/2023\/04\/berisha-1.jpg\" alt=\"\" width=\"768\" height=\"512\" srcset=\"https:\/\/www.hashtag.al\/wp-content\/uploads\/2023\/04\/berisha-1.jpg 768w, https:\/\/www.hashtag.al\/wp-content\/uploads\/2023\/04\/berisha-1-300x200.jpg 300w\" sizes=\"auto, (max-width: 768px) 100vw, 768px\" \/><\/p>\n<p><span style=\"color: #000000;\">Sali Berisha ka prezantuarsot n\u00eb Durr\u00ebs kandidatin e opozit\u00ebs p\u00ebr zgjedhjet e 14 majit, Igli Cara.<\/span><\/p>\n<p><span style=\"color: #000000;\"> Ai tha se qytetar\u00ebt do vendosin bashk\u00eb me Car\u00ebn pluralizmin n\u00eb qytetin bregdetar n\u00eb zgjedhjet vendore duke ndalur t\u00eb keqen. <\/span><\/p>\n<p><span style=\"color: #000000;\">Berisha akuzoi Ram\u00ebn p\u00ebr largimin e shqiptar\u00ebve nga vendi duke th\u00ebn\u00eb se po b\u00ebn gjith\u00e7ka p\u00ebr k\u00ebt\u00eb.<\/span><\/p>\n<p><span style=\"color: #000000;\"> <em>\u201cQytetar\u00eb t\u00eb Durr\u00ebsit ne sot jemi k\u00ebtu p\u00ebr idealet tona t\u00eb liris\u00eb. Jemi sot k\u00ebtu p\u00ebr idealet m\u00eb fisnike t\u00eb njeriut, p\u00ebr t\u00eb mb\u00ebshtetur s\u00eb bashku Igli Car\u00ebn, kandidatin e liris\u00eb, kandidatin e vullnetit tuaj, qytetarin shembullor, intelektualin e shk\u00eblqyer, politikanin e urt\u00eb, t\u00eb vendosur, njeriun q\u00eb sintez\u00ebn n\u00eb nj\u00eb virtytet morale m\u00eb t\u00eb mira tuajat, dashurin\u00eb e pakufishme p\u00ebr durrsak\u00ebt, p\u00ebr Durr\u00ebsin, plazhet, fshatrat, qytezat. \u00cbsht\u00eb nderi madh p\u00ebr mua t\u00eb paraqes para jush Igli Car\u00ebn, me bindjen m\u00eb t\u00eb thell\u00eb se Igli Cara me besimin tuaj, me vot\u00ebn tuaj, me mb\u00ebshtetjen tuaj do t\u00eb d\u00ebshmohet nj\u00eb sh\u00ebrb\u00ebtor i p\u00ebrulur para jush, nj\u00eb drejtues, zyrtar i p\u00ebrkushtuar para qytetar\u00ebve t\u00eb Durr\u00ebsit. Igli Cara me mb\u00ebshtetjen tuaj do ndryshoj\u00eb Durr\u00ebsin dhe do ndikoj\u00eb n\u00eb ndryshimin e mbar\u00eb Shqip\u00ebris\u00eb. M\u00eb 14 maj ju me Igli Car\u00ebn n\u00eb nj\u00eb mision historik do rivendosni n\u00eb Durr\u00ebs pluralizmin. M\u00eb 14 maj ju me Igli Car\u00ebn do t\u2019i thoni ndal s\u00eb keqes. Men\u00e7uria e durrsak\u00ebve fton \u00e7do qytetar t\u00eb votoj\u00eb ndryshimin. Ai theksoi se Edi Rama po b\u00ebn gjith\u00e7ka t\u2019i largoj\u00eb shqiptar\u00ebt nga Shqip\u00ebria dhe se t\u00eb rinjt\u00eb durrsak\u00eb q\u00eb mund t\u00eb ishin t\u00eb pun\u00ebsuar n\u00eb turizmin e qytetit t\u00eb tyre jan\u00eb larguar n\u00eb emigracion.\u201d <\/em>&#8211; tha Berisha.<\/span><\/p>\n<p><span style=\"color: #000000;\">Ai tha m\u00eb tej se n\u00eb 23 vite, plazhi i Durr\u00ebsit thuajse \u00ebsht\u00eb asgj\u00ebsuar duke u betonizuar me nd\u00ebrtimin e qindra pallateve. Berisha e quajti politik\u00eb gjenocidiale at\u00eb t\u00eb qeveris\u00eb Rama ndaj qytetar\u00ebve.<\/span><\/p>\n<p><span style=\"color: #000000;\"><em>\u201c\u00c7far\u00eb ndodhi n\u00eb 23 vite? N\u00eb 23 vite plazhi pothuajse u asgj\u00ebsua, bukuria e plazhit t\u00eb Durr\u00ebsit u asgj\u00ebsua, u betonizua. \u00c7far\u00eb ndodhi n\u00eb 23 vite jan\u00eb nd\u00ebrtuar me qindra e qindra pallate. A \u00ebsht\u00eb nd\u00ebrtuar nj\u00eb hotel tjet\u00ebr i dyt\u00eb si ai q\u00eb trash\u00ebgohet nga diktatura, asnj\u00eb. Jo se nuk jan\u00eb shpenzuar para, por si ka mund\u00ebsi t\u00eb mbetet nj\u00eb relik\u00eb n\u00eb koh\u00ebrat m\u00eb moderne, n\u00eb koh\u00ebrat e nj\u00eb vrulli t\u00eb k\u00ebtij qyteti, t\u00eb mos ket\u00eb nj\u00eb t\u00eb dyt\u00eb si ai. Bab\u00ebzia nuk lejoi, sepse duhej t\u00eb nd\u00ebrtohej n\u00eb \u00e7do moment beton. M\u00eb 14 maj t\u00eb votojm\u00eb Igli Car\u00ebn. Durr\u00ebsi \u00ebsht\u00eb nj\u00eb kompleks natyror q\u00eb mund t\u00eb vendosej n\u00eb \u00e7do parajs\u00eb tok\u00ebsore dhe mbitok\u00ebsore, me brigjet, tokat, kodrinat, nuk ka nj\u00eb bukuri m\u00eb p\u00ebrrallore se \u00e7\u2019\u00ebsht\u00eb Durr\u00ebsi dhe p\u00ebrs\u00ebri t\u00eb rinjt\u00eb e Durr\u00ebsit marrin rrug\u00ebt e bot\u00ebs. N\u00eb vend se t\u00eb punojn\u00eb n\u00eb industrin\u00eb e tyre turistike, shkojn\u00eb e sh\u00ebrbejn\u00eb n\u00eb vende t\u00eb tjera. Po largohen p\u00ebr shkak nj\u00eb politike gjenocidiale. Edi Rama po b\u00ebn gjith\u00e7ka t\u2019i largoj\u00eb shqiptar\u00ebt nga Shqip\u00ebria.\u201d<\/em> &#8211; shtoi Berisha.<\/span><\/p>\n","protected":false,"gt_translate_keys":[{"key":"rendered","format":"html"}]},"excerpt":{"rendered":"<p>Sali Berisha ka prezantuarsot n\u00eb Durr\u00ebs kandidatin e opozit\u00ebs p\u00ebr zgjedhjet e 14 majit, Igli Cara. Ai tha se qytetar\u00ebt do vendosin bashk\u00eb me Car\u00ebn pluralizmin n\u00eb qytetin bregdetar n\u00eb zgjedhjet vendore duke ndalur t\u00eb keqen. Berisha akuzoi Ram\u00ebn p\u00ebr largimin e shqiptar\u00ebve nga vendi duke th\u00ebn\u00eb se po b\u00ebn gjith\u00e7ka p\u00ebr k\u00ebt\u00eb. \u201cQytetar\u00eb t\u00eb [&hellip;]<\/p>\n","protected":false,"gt_translate_keys":[{"key":"rendered","format":"html"}]},"author":51,"featured_media":589275,"comment_status":"closed","ping_status":"closed","sticky":false,"template":"","format":"standard","meta":{"footnotes":""},"categories":[65,13],"tags":[],"class_list":["post-589274","post","type-post","status-publish","format-standard","has-post-thumbnail","hentry","category-lajme","category-te-fundit"],"gt_translate_keys":[{"key":"link","format":"url"}],"_links":{"self":[{"href":"https:\/\/www.hashtag.al\/index.php\/wp-json\/wp\/v2\/posts\/589274","targetHints":{"allow":["GET"]}}],"collection":[{"href":"https:\/\/www.hashtag.al\/index.php\/wp-json\/wp\/v2\/posts"}],"about":[{"href":"https:\/\/www.hashtag.al\/index.php\/wp-json\/wp\/v2\/types\/post"}],"author":[{"embeddable":true,"href":"https:\/\/www.hashtag.al\/index.php\/wp-json\/wp\/v2\/users\/51"}],"replies":[{"embeddable":true,"href":"https:\/\/www.hashtag.al\/index.php\/wp-json\/wp\/v2\/comments?post=589274"}],"version-history":[{"count":0,"href":"https:\/\/www.hashtag.al\/index.php\/wp-json\/wp\/v2\/posts\/589274\/revisions"}],"wp:featuredmedia":[{"embeddable":true,"href":"https:\/\/www.hashtag.al\/index.php\/wp-json\/wp\/v2\/media\/589275"}],"wp:attachment":[{"href":"https:\/\/www.hashtag.al\/index.php\/wp-json\/wp\/v2\/media?parent=589274"}],"wp:term":[{"taxonomy":"category","embeddable":true,"href":"https:\/\/www.hashtag.al\/index.php\/wp-json\/wp\/v2\/categories?post=589274"},{"taxonomy":"post_tag","embeddable":true,"href":"https:\/\/www.hashtag.al\/index.php\/wp-json\/wp\/v2\/tags?post=589274"}],"curies":[{"name":"wp","href":"https:\/\/api.w.org\/{rel}","templated":true}]}}