{"id":589179,"date":"2023-04-07T22:07:37","date_gmt":"2023-04-07T20:07:37","guid":{"rendered":"https:\/\/www.hashtag.al\/?p=589179"},"modified":"2023-04-07T22:13:33","modified_gmt":"2023-04-07T20:13:33","slug":"pamje-te-renda-kamera-e-trupit-tregon-castin-kur-polici-ne-shba-qellon-per-vdekje-adoleshentin-me-ngjyre-ne-makinen-e-vjedhur","status":"publish","type":"post","link":"https:\/\/www.hashtag.al\/index.php\/2023\/04\/07\/pamje-te-renda-kamera-e-trupit-tregon-castin-kur-polici-ne-shba-qellon-per-vdekje-adoleshentin-me-ngjyre-ne-makinen-e-vjedhur\/","title":{"rendered":"PAMJE T\u00cb R\u00cbNDA\/ Polici n\u00eb SHBA q\u00ebllon p\u00ebr vdekje adoleshentin me ngjyr\u00eb n\u00eb makin\u00ebn e vjedhur","gt_translate_keys":[{"key":"rendered","format":"text"}]},"content":{"rendered":"<p><img loading=\"lazy\" decoding=\"async\" class=\"aligncenter size-full wp-image-589180\" src=\"https:\/\/www.hashtag.al\/wp-content\/uploads\/2023\/04\/shbavrasje.jpg\" alt=\"\" width=\"2000\" height=\"1000\" srcset=\"https:\/\/www.hashtag.al\/wp-content\/uploads\/2023\/04\/shbavrasje.jpg 2000w, https:\/\/www.hashtag.al\/wp-content\/uploads\/2023\/04\/shbavrasje-300x150.jpg 300w, https:\/\/www.hashtag.al\/wp-content\/uploads\/2023\/04\/shbavrasje-1024x512.jpg 1024w, https:\/\/www.hashtag.al\/wp-content\/uploads\/2023\/04\/shbavrasje-768x384.jpg 768w, https:\/\/www.hashtag.al\/wp-content\/uploads\/2023\/04\/shbavrasje-1536x768.jpg 1536w\" sizes=\"auto, (max-width: 2000px) 100vw, 2000px\" \/><\/p>\n<p><span style=\"color: #000000;\">Zyrtar\u00ebt policor\u00eb publikuan pamjet e reja t\u00eb kamer\u00ebs s\u00eb trupit q\u00eb tregojn\u00eb momentin kur nj\u00eb oficer i policis\u00eb q\u00eblloi dhe vrau nj\u00eb adoleshent me ngjyr\u00eb brenda nj\u00eb makine t\u00eb vjedhur n\u00eb Uashington, DC.<\/span><\/p>\n<p><span style=\"color: #000000;\">Videoja tregon sken\u00ebn kaotike q\u00eb u shpalos m\u00eb 18 mars kur Policia e Parkut iu bashkua Policis\u00eb s\u00eb Metros\u00eb s\u00eb Uashingtonit p\u00ebr t&#8217;u p\u00ebrballur me shoferin e nj\u00eb makine t\u00eb dyshimt\u00eb t\u00eb parkuar jasht\u00eb nj\u00eb zone banimi.<\/span><\/p>\n<p><span style=\"color: #000000;\">Oficer\u00ebt konfirmuan se makina ishte vjedhur, me videon q\u00eb tregonte ata duke hyr\u00eb n\u00eb automjet p\u00ebr t\u00eb zgjuar shoferin q\u00eb ishte n\u00eb gjum\u00eb, 17-vje\u00e7arin Dalaneo Martin.<\/span><\/p>\n<p><span style=\"color: #000000;\">I dyshuari duket n\u00eb video q\u00eb zgjohet dhe e kap paniku nd\u00ebrsa oficer\u00ebt p\u00ebrpiqen ta arrestojn\u00eb. M\u00eb pas ai p\u00ebrpiqet t\u00eb largohet dhe b\u00ebrtet: <em>&#8220;Largohuni nga un\u00eb&#8221;.<\/em><\/span><\/p>\n<div style=\"width: 960px;\" class=\"wp-video\"><video class=\"wp-video-shortcode\" id=\"video-589179-1\" width=\"960\" height=\"540\" preload=\"metadata\" controls=\"controls\"><source type=\"video\/mp4\" src=\"https:\/\/www.hashtag.al\/wp-content\/uploads\/2023\/04\/policia.mp4?_=1\" \/><a href=\"https:\/\/www.hashtag.al\/wp-content\/uploads\/2023\/04\/policia.mp4\">https:\/\/www.hashtag.al\/wp-content\/uploads\/2023\/04\/policia.mp4<\/a><\/video><\/div>\n<p>&nbsp;<\/p>\n<p><span style=\"color: #000000;\">Nj\u00ebri nga oficer\u00ebt fluturohet jasht\u00eb makin\u00ebs, nd\u00ebrsa tjetri i b\u00ebrtet Martin-it q\u00eb t\u00eb ndaloj\u00eb, nd\u00ebrsa adoleshenti ia kthen b\u00ebrtitur.<\/span><\/p>\n<p><span style=\"color: #000000;\"><em>&#8220;Ndal, vet\u00ebm m\u00eb l\u00ebr t\u00eb dal,&#8221;<\/em> b\u00ebrtet oficeri nd\u00ebrsa nxjerr arm\u00ebn e tij t\u00eb zjarrit.<\/span><\/p>\n<p><span style=\"color: #000000;\">Oficeri m\u00eb n\u00eb fund i drejton arm\u00ebn Martinit, duke b\u00ebrtitur: <em>\u201cNdalo! Ndalo ose do t\u00eb t\u00eb q\u00eblloj!\u201d<\/em><\/span><\/p>\n<p><span style=\"color: #000000;\">Kur Martin nuk ndalon, oficeri q\u00ebllon disa her\u00eb, duke e goditur adoleshentin n\u00eb shpin\u00eb dhe duke b\u00ebr\u00eb q\u00eb automjeti t\u00eb p\u00ebrplaset n\u00eb nj\u00eb sht\u00ebpi aty pran\u00eb.<\/span><\/p>\n<p><span style=\"color: #000000;\"><img loading=\"lazy\" decoding=\"async\" class=\"aligncenter size-full wp-image-589182\" src=\"https:\/\/www.hashtag.al\/wp-content\/uploads\/2023\/04\/ezgif.com-webp-to-jpg-13.jpg\" alt=\"\" width=\"1536\" height=\"1024\" srcset=\"https:\/\/www.hashtag.al\/wp-content\/uploads\/2023\/04\/ezgif.com-webp-to-jpg-13.jpg 1536w, https:\/\/www.hashtag.al\/wp-content\/uploads\/2023\/04\/ezgif.com-webp-to-jpg-13-300x200.jpg 300w, https:\/\/www.hashtag.al\/wp-content\/uploads\/2023\/04\/ezgif.com-webp-to-jpg-13-1024x683.jpg 1024w, https:\/\/www.hashtag.al\/wp-content\/uploads\/2023\/04\/ezgif.com-webp-to-jpg-13-768x512.jpg 768w\" sizes=\"auto, (max-width: 1536px) 100vw, 1536px\" \/><\/span><\/p>\n<p><span style=\"color: #000000;\">Videoja e kamer\u00ebs s\u00eb trupit tregon dy oficer\u00ebt q\u00eb p\u00ebrpiqen t\u00eb ndihmojn\u00eb Martin-in, i cili shtrihet n\u00eb bar dhe shpallet i vdekur n\u00eb vendngjarje.<\/span><\/p>\n<p><span style=\"color: #000000;\">Asnj\u00ebri nga oficer\u00ebt nuk p\u00ebsoi ndonj\u00eb l\u00ebndim k\u00ebrc\u00ebnues p\u00ebr jet\u00ebn si pasoj\u00eb e incidentit dhe ata u vendos\u00ebn n\u00eb leje administrative pasi Departamenti i Policis\u00eb Metro po kryen nj\u00eb hetim t\u00eb brendsh\u00ebm.<\/span><\/p>\n<p><span style=\"color: #000000;\">Asnj\u00eb nga oficer\u00ebt e p\u00ebrfshir\u00eb n\u00eb tentativ\u00ebn e arrestimit nuk \u00ebsht\u00eb identifikuar publikisht.<\/span><\/p>\n<p><span style=\"color: #000000;\">FBI dhe prokuror\u00ebt federal\u00eb kan\u00eb hapur nj\u00eb hetim p\u00ebr t\u00eb drejtat civile p\u00ebr k\u00ebt\u00eb \u00e7\u00ebshtje, duke i quajtur pamjet e reja \u2018jasht\u00ebzakonisht shqet\u00ebsuese\u2019.<\/span><\/p>\n<p><span style=\"color: #000000;\"><em><img loading=\"lazy\" decoding=\"async\" class=\"aligncenter size-full wp-image-589183\" src=\"https:\/\/www.hashtag.al\/wp-content\/uploads\/2023\/04\/ezgif.com-webp-to-jpg-3-2.jpg\" alt=\"\" width=\"1400\" height=\"1536\" srcset=\"https:\/\/www.hashtag.al\/wp-content\/uploads\/2023\/04\/ezgif.com-webp-to-jpg-3-2.jpg 1400w, https:\/\/www.hashtag.al\/wp-content\/uploads\/2023\/04\/ezgif.com-webp-to-jpg-3-2-273x300.jpg 273w, https:\/\/www.hashtag.al\/wp-content\/uploads\/2023\/04\/ezgif.com-webp-to-jpg-3-2-933x1024.jpg 933w, https:\/\/www.hashtag.al\/wp-content\/uploads\/2023\/04\/ezgif.com-webp-to-jpg-3-2-768x843.jpg 768w\" sizes=\"auto, (max-width: 1400px) 100vw, 1400px\" \/><\/em><\/span><\/p>\n<p><span style=\"color: #000000;\"><em>\u201cHumbja e nj\u00eb jete \u00ebsht\u00eb gjithmon\u00eb tragjike, por \u00ebsht\u00eb ve\u00e7an\u00ebrisht e trishtueshme kur ka t\u00eb b\u00ebj\u00eb me nj\u00eb f\u00ebmij\u00eb\u201d<\/em>, tha n\u00eb nj\u00eb deklarat\u00eb Zyra e Prokurorit t\u00eb SHBA n\u00eb Uashington.<\/span><\/p>\n<p><span style=\"color: #000000;\"><em>\u201cN\u00eb bashk\u00ebrendim me Zyr\u00ebn e FBI-s\u00eb n\u00eb Uashington, Zyra e Prokurorit t\u00eb Shteteve t\u00eb Bashkuara ka hapur nj\u00eb hetim p\u00ebr t\u00eb drejtat civile mbi rrethanat q\u00eb \u00e7uan n\u00eb vdekjen e Martin.\u201d<\/em><\/span><\/p>\n<p><span style=\"color: #000000;\">S\u00eb bashku me momentin e vdekjes s\u00eb adoleshentit, videoja tregon se oficer\u00ebt po mendojn\u00eb se si ta arrestojn\u00eb adoleshentin, duke v\u00ebn\u00eb n\u00eb dukje se ai kishte t\u00eb ngjar\u00eb t\u00eb trembej dhe t\u00eb largohej n\u00ebse nuk ishin t\u00eb kujdessh\u00ebm.<\/span><\/p>\n<p><span style=\"color: #000000;\"><em><img loading=\"lazy\" decoding=\"async\" class=\"aligncenter size-full wp-image-589184\" src=\"https:\/\/www.hashtag.al\/wp-content\/uploads\/2023\/04\/ezgif.com-webp-to-jpg-1-5.jpg\" alt=\"\" width=\"1536\" height=\"1024\" srcset=\"https:\/\/www.hashtag.al\/wp-content\/uploads\/2023\/04\/ezgif.com-webp-to-jpg-1-5.jpg 1536w, https:\/\/www.hashtag.al\/wp-content\/uploads\/2023\/04\/ezgif.com-webp-to-jpg-1-5-300x200.jpg 300w, https:\/\/www.hashtag.al\/wp-content\/uploads\/2023\/04\/ezgif.com-webp-to-jpg-1-5-1024x683.jpg 1024w, https:\/\/www.hashtag.al\/wp-content\/uploads\/2023\/04\/ezgif.com-webp-to-jpg-1-5-768x512.jpg 768w\" sizes=\"auto, (max-width: 1536px) 100vw, 1536px\" \/><\/em><\/span><\/p>\n<p><span style=\"color: #000000;\"><em>&#8220;N\u00ebse ai niset, thjesht l\u00ebreni t\u00eb shkoj\u00eb,&#8221;<\/em> d\u00ebgjohej duke th\u00ebn\u00eb nj\u00eb nga oficer\u00ebt pak para tentativ\u00ebs p\u00ebr arrestim.<\/span><\/p>\n<p><span style=\"color: #000000;\">Jade Mathis, nj\u00eb avokate e familjes s\u00eb Martin, i tha Washington Post se ata donin q\u00eb oficeri q\u00eb q\u00eblloi adoleshentin t\u00eb identifikohej, t\u00eb ndiqej penalisht dhe t\u00eb pushohej nga puna.<\/span><\/p>\n<p><span style=\"color: #000000;\"><span style=\"color: #ff0000;\"><strong>VINI RE<\/strong><\/span>: Ky material \u00ebsht\u00eb pron\u00ebsi intelektuale e<span style=\"color: #0000ff;\"><a style=\"color: #0000ff;\" href=\"https:\/\/nypost.com\/2023\/04\/05\/bodycam-video-shows-moment-us-park-police-shoot-black-teen-dalaneo-martin-dead-in-stolen-car\/\"> NY Post<\/a><\/span><\/span><\/p>\n<p><span style=\"color: #000000;\">P\u00ebrgatiti p\u00ebr <span style=\"color: #0000ff;\">Hashtag.al,<\/span> K.Manjani<\/span><\/p>\n<p><img loading=\"lazy\" decoding=\"async\" class=\"aligncenter size-full wp-image-589185\" src=\"https:\/\/www.hashtag.al\/wp-content\/uploads\/2023\/04\/ezgif.com-webp-to-jpg-2-3.jpg\" alt=\"\" width=\"1536\" height=\"1024\" srcset=\"https:\/\/www.hashtag.al\/wp-content\/uploads\/2023\/04\/ezgif.com-webp-to-jpg-2-3.jpg 1536w, https:\/\/www.hashtag.al\/wp-content\/uploads\/2023\/04\/ezgif.com-webp-to-jpg-2-3-300x200.jpg 300w, https:\/\/www.hashtag.al\/wp-content\/uploads\/2023\/04\/ezgif.com-webp-to-jpg-2-3-1024x683.jpg 1024w, https:\/\/www.hashtag.al\/wp-content\/uploads\/2023\/04\/ezgif.com-webp-to-jpg-2-3-768x512.jpg 768w\" sizes=\"auto, (max-width: 1536px) 100vw, 1536px\" \/><\/p>\n","protected":false,"gt_translate_keys":[{"key":"rendered","format":"html"}]},"excerpt":{"rendered":"<p>Zyrtar\u00ebt policor\u00eb publikuan pamjet e reja t\u00eb kamer\u00ebs s\u00eb trupit q\u00eb tregojn\u00eb momentin kur nj\u00eb oficer i policis\u00eb q\u00eblloi dhe vrau nj\u00eb adoleshent me ngjyr\u00eb brenda nj\u00eb makine t\u00eb vjedhur n\u00eb Uashington, DC. Videoja tregon sken\u00ebn kaotike q\u00eb u shpalos m\u00eb 18 mars kur Policia e Parkut iu bashkua Policis\u00eb s\u00eb Metros\u00eb s\u00eb Uashingtonit p\u00ebr [&hellip;]<\/p>\n","protected":false,"gt_translate_keys":[{"key":"rendered","format":"html"}]},"author":51,"featured_media":589180,"comment_status":"closed","ping_status":"closed","sticky":false,"template":"","format":"standard","meta":{"footnotes":""},"categories":[6],"tags":[],"class_list":["post-589179","post","type-post","status-publish","format-standard","has-post-thumbnail","hentry","category-nderkombetare"],"gt_translate_keys":[{"key":"link","format":"url"}],"_links":{"self":[{"href":"https:\/\/www.hashtag.al\/index.php\/wp-json\/wp\/v2\/posts\/589179","targetHints":{"allow":["GET"]}}],"collection":[{"href":"https:\/\/www.hashtag.al\/index.php\/wp-json\/wp\/v2\/posts"}],"about":[{"href":"https:\/\/www.hashtag.al\/index.php\/wp-json\/wp\/v2\/types\/post"}],"author":[{"embeddable":true,"href":"https:\/\/www.hashtag.al\/index.php\/wp-json\/wp\/v2\/users\/51"}],"replies":[{"embeddable":true,"href":"https:\/\/www.hashtag.al\/index.php\/wp-json\/wp\/v2\/comments?post=589179"}],"version-history":[{"count":0,"href":"https:\/\/www.hashtag.al\/index.php\/wp-json\/wp\/v2\/posts\/589179\/revisions"}],"wp:featuredmedia":[{"embeddable":true,"href":"https:\/\/www.hashtag.al\/index.php\/wp-json\/wp\/v2\/media\/589180"}],"wp:attachment":[{"href":"https:\/\/www.hashtag.al\/index.php\/wp-json\/wp\/v2\/media?parent=589179"}],"wp:term":[{"taxonomy":"category","embeddable":true,"href":"https:\/\/www.hashtag.al\/index.php\/wp-json\/wp\/v2\/categories?post=589179"},{"taxonomy":"post_tag","embeddable":true,"href":"https:\/\/www.hashtag.al\/index.php\/wp-json\/wp\/v2\/tags?post=589179"}],"curies":[{"name":"wp","href":"https:\/\/api.w.org\/{rel}","templated":true}]}}