{"id":588963,"date":"2023-04-06T16:46:20","date_gmt":"2023-04-06T14:46:20","guid":{"rendered":"https:\/\/www.hashtag.al\/?p=588963"},"modified":"2023-04-06T16:50:06","modified_gmt":"2023-04-06T14:50:06","slug":"evi-kokalari-akuzat-e-berishes-ndaj-yuri-kim-jane-cmenduri-doktori-po-i-germon-varrin-vetes","status":"publish","type":"post","link":"https:\/\/www.hashtag.al\/index.php\/2023\/04\/06\/evi-kokalari-akuzat-e-berishes-ndaj-yuri-kim-jane-cmenduri-doktori-po-i-germon-varrin-vetes\/","title":{"rendered":"Evi Kokalari: Akuzat e Berish\u00ebs ndaj Yuri Kim jan\u00eb \u00e7menduri, Doktori po i g\u00ebrmon varrin vetes","gt_translate_keys":[{"key":"rendered","format":"text"}]},"content":{"rendered":"<p><span style=\"color: #000000;\"><a style=\"color: #000000;\" href=\"https:\/\/www.hashtag.al\/wp-content\/uploads\/2023\/04\/WhatsApp-Image-2023-04-06-at-16.37.55.jpg\"><img loading=\"lazy\" decoding=\"async\" class=\"aligncenter size-full wp-image-588964\" src=\"https:\/\/www.hashtag.al\/wp-content\/uploads\/2023\/04\/WhatsApp-Image-2023-04-06-at-16.37.55.jpg\" alt=\"\" width=\"486\" height=\"245\" srcset=\"https:\/\/www.hashtag.al\/wp-content\/uploads\/2023\/04\/WhatsApp-Image-2023-04-06-at-16.37.55.jpg 486w, https:\/\/www.hashtag.al\/wp-content\/uploads\/2023\/04\/WhatsApp-Image-2023-04-06-at-16.37.55-300x151.jpg 300w\" sizes=\"auto, (max-width: 486px) 100vw, 486px\" \/><\/a><\/span><\/p>\n<p><span style=\"color: #000000;\">Aktivistja Evi Kokalari ka reaguar n\u00eb lidhje me akuzat e ish kryemistrit Berisha ndaj ambasadores s\u00eb SHBA-s\u00eb, Yuri Kim, duke th\u00ebn\u00eb se ai po i g\u00ebrmon varrin vetes s\u00eb tij.<\/span><\/p>\n<p><span style=\"color: #000000;\"><em>\u201cA jeni n\u00eb terezi me k\u00ebto akuzat e korrupsioni ndaj Yuri Kim?<\/em> \u201c nis me pyetje ajo stausin e saj n\u00eb Facebook.<\/span><\/p>\n<p><span style=\"color: #000000;\">Kokalari thot\u00eb se n\u00ebse do kishit dokumenta, kontrata, tapi pronash n\u00eb em\u00ebr t\u00eb saj, k\u00ebto duhet t\u00eb \u00e7oheshin n\u00eb institucionet p\u00ebrkat\u00ebse n\u00eb Amerik\u00eb p\u00ebr investigim, por t\u00eb akuzohet Ambasadori Amerikan p\u00ebr korrupsion t\u00eb tipit McGonigal nga figura si Berisha, \u00ebsht\u00eb p\u00ebrtej e turpshme dhe ka shum\u00eb kosto p\u00ebr demokrat\u00ebt.<\/span><\/p>\n<p><span style=\"color: #000000;\">Kokalari vijon se k\u00ebto akuza jan\u00eb jo vet\u00ebm absurde por t\u00eb turpshme p\u00ebrtej \u00e7do limiti diplomatik\u00a0 dhe se Berisha po humb kredibilitet me shum\u00eb njer\u00ebz n\u00eb k\u00ebt\u00eb pik\u00eb.<\/span><\/p>\n<p><span style=\"color: #000000;\">Postimi:<\/span><\/p>\n<p><span style=\"color: #000000;\"><em>A jeni n\u00eb terezi me k\u00ebto akuzat e korrupsioni ndaj Yuri Kim? <\/em><\/span><\/p>\n<p><span style=\"color: #000000;\"><em>Dhe n\u00ebse do kishit dokumenta, kontrata, tapi pronash n\u00eb em\u00ebr t\u00eb saj, k\u00ebto duhet t\u00eb \u00e7oheshin n\u00eb institucionet p\u00ebrkat\u00ebse n\u00eb Amerik\u00eb p\u00ebr investigim, por t\u00eb akuzohet Ambasadori Amerikan p\u00ebr korrupsion t\u00eb tipit McGonigal nga figura si Berisha, \u00ebsht\u00eb p\u00ebrtej e turpshme dhe ka shum\u00eb kosto p\u00ebr demokrat\u00ebt. <\/em><\/span><\/p>\n<p><span style=\"color: #000000;\"><em>Me k\u00ebto q\u00eb thot\u00eb Berisha thjesht\u00eb po g\u00ebrmon varrin e tij m\u00eb thell\u00eb, sepse n\u00ebse mendoni se mbas ikjes s\u00eb Joe Bidenit, ata q\u00eb do vijn\u00eb n\u00eb DASH do shohin akuzat q\u00eb Berisha i b\u00ebn Yuri Kim, dhe do thon\u00eb \u2018le ta rihapim dosjen e k\u00ebtij se \u00ebsht\u00eb i pafajsh\u00ebm\u2019, jeni seriozisht larg realitetit. <\/em><\/span><\/p>\n<p><span style=\"color: #000000;\"><em>K\u00ebto akuza jan\u00eb jo vet\u00ebm absurde por t\u00eb turpshme p\u00ebrtej \u00e7do limiti diplomatik. <\/em><\/span><\/p>\n<p><span style=\"color: #000000;\"><em>Berisha po humb kredibilitet me shum\u00eb njer\u00ebz n\u00eb k\u00ebt\u00eb pik\u00eb, dhe kjo do bjer\u00eb si barr\u00eb e r\u00ebnd\u00eb n\u00eb t\u00eb gjith\u00eb PD.<\/em><\/span><\/p>\n","protected":false,"gt_translate_keys":[{"key":"rendered","format":"html"}]},"excerpt":{"rendered":"<p>Aktivistja Evi Kokalari ka reaguar n\u00eb lidhje me akuzat e ish kryemistrit Berisha ndaj ambasadores s\u00eb SHBA-s\u00eb, Yuri Kim, duke th\u00ebn\u00eb se ai po i g\u00ebrmon varrin vetes s\u00eb tij. \u201cA jeni n\u00eb terezi me k\u00ebto akuzat e korrupsioni ndaj Yuri Kim? \u201c nis me pyetje ajo stausin e saj n\u00eb Facebook. Kokalari thot\u00eb se [&hellip;]<\/p>\n","protected":false,"gt_translate_keys":[{"key":"rendered","format":"html"}]},"author":30,"featured_media":588964,"comment_status":"closed","ping_status":"closed","sticky":false,"template":"","format":"standard","meta":{"footnotes":""},"categories":[22],"tags":[],"class_list":["post-588963","post","type-post","status-publish","format-standard","has-post-thumbnail","hentry","category-ballina"],"gt_translate_keys":[{"key":"link","format":"url"}],"_links":{"self":[{"href":"https:\/\/www.hashtag.al\/index.php\/wp-json\/wp\/v2\/posts\/588963","targetHints":{"allow":["GET"]}}],"collection":[{"href":"https:\/\/www.hashtag.al\/index.php\/wp-json\/wp\/v2\/posts"}],"about":[{"href":"https:\/\/www.hashtag.al\/index.php\/wp-json\/wp\/v2\/types\/post"}],"author":[{"embeddable":true,"href":"https:\/\/www.hashtag.al\/index.php\/wp-json\/wp\/v2\/users\/30"}],"replies":[{"embeddable":true,"href":"https:\/\/www.hashtag.al\/index.php\/wp-json\/wp\/v2\/comments?post=588963"}],"version-history":[{"count":0,"href":"https:\/\/www.hashtag.al\/index.php\/wp-json\/wp\/v2\/posts\/588963\/revisions"}],"wp:featuredmedia":[{"embeddable":true,"href":"https:\/\/www.hashtag.al\/index.php\/wp-json\/wp\/v2\/media\/588964"}],"wp:attachment":[{"href":"https:\/\/www.hashtag.al\/index.php\/wp-json\/wp\/v2\/media?parent=588963"}],"wp:term":[{"taxonomy":"category","embeddable":true,"href":"https:\/\/www.hashtag.al\/index.php\/wp-json\/wp\/v2\/categories?post=588963"},{"taxonomy":"post_tag","embeddable":true,"href":"https:\/\/www.hashtag.al\/index.php\/wp-json\/wp\/v2\/tags?post=588963"}],"curies":[{"name":"wp","href":"https:\/\/api.w.org\/{rel}","templated":true}]}}