{"id":588957,"date":"2023-04-06T16:13:51","date_gmt":"2023-04-06T14:13:51","guid":{"rendered":"https:\/\/www.hashtag.al\/?p=588957"},"modified":"2023-04-06T16:13:51","modified_gmt":"2023-04-06T14:13:51","slug":"fatmir-mediu-zyrtarisht-i-pandehur-ne-gjkko-kalon-per-gjykim-dosja-gerdeci","status":"publish","type":"post","link":"https:\/\/www.hashtag.al\/index.php\/2023\/04\/06\/fatmir-mediu-zyrtarisht-i-pandehur-ne-gjkko-kalon-per-gjykim-dosja-gerdeci\/","title":{"rendered":"Fatmir Mediu zyrtarisht i pandehur n\u00eb GJKKO, kalon p\u00ebr gjykim dosja &#8216;G\u00ebrdeci&#8217;","gt_translate_keys":[{"key":"rendered","format":"text"}]},"content":{"rendered":"<p>&nbsp;<\/p>\n<p><span style=\"color: #000000;\">.<a style=\"color: #000000;\" href=\"https:\/\/www.hashtag.al\/wp-content\/uploads\/2023\/04\/1675846068_mediuspak.jpg\"><img loading=\"lazy\" decoding=\"async\" class=\"aligncenter size-full wp-image-588958\" src=\"https:\/\/www.hashtag.al\/wp-content\/uploads\/2023\/04\/1675846068_mediuspak.jpg\" alt=\"\" width=\"780\" height=\"440\" srcset=\"https:\/\/www.hashtag.al\/wp-content\/uploads\/2023\/04\/1675846068_mediuspak.jpg 780w, https:\/\/www.hashtag.al\/wp-content\/uploads\/2023\/04\/1675846068_mediuspak-300x169.jpg 300w, https:\/\/www.hashtag.al\/wp-content\/uploads\/2023\/04\/1675846068_mediuspak-768x433.jpg 768w\" sizes=\"auto, (max-width: 780px) 100vw, 780px\" \/><\/a><\/span><\/p>\n<p><span style=\"color: #000000;\">Sot n\u00eb seanc\u00ebn paraprake t\u00eb GJKKO \u00ebsht\u00eb marr\u00eb vendimi se Dosja &#8216;G\u00ebrdeci&#8217; do t\u00eb kaloj\u00eb p\u00ebr gjykim, \u00e7\u2019ka e b\u00ebn ish ministrin e Mbrojtjes, Fatmir Mediun zyrtarisht t\u00eb pandehur.<\/span><\/p>\n<p><span style=\"color: #000000;\">Deputeti Mediu nuk \u00ebsht\u00eb paraqitur n\u00eb seanc\u00ebn paraprake t\u00eb dit\u00ebs s\u00eb sotme, por u p\u00ebrfaq\u00ebsua nga avokati i tij mbrojt\u00ebs. E pranishme n\u00eb seanc\u00eb ishte edhe familja Durda. SPAK u p\u00ebrfaq\u00ebsua sot me tre prokurore, Altin Dumani, Arben Kraja dhe Klodian Braho.<\/span><\/p>\n<p><span style=\"color: #000000;\">Seanca paraprake u zhvillua p\u00ebr t\u00eb vendosur n\u00ebse \u00e7\u00ebshtja e G\u00ebrdecit do t\u00eb kaloj\u00eb ose jo p\u00ebr gjykim. M\u00eb her\u00ebt ish-ministri Mediu nuk ka qen\u00eb i pranish\u00ebm n\u00eb seanc\u00eb dhe u p\u00ebrfaq\u00ebsua nga avokat\u00ebt Ardian Visha dhe Henrik Ligori.<\/span><\/p>\n","protected":false,"gt_translate_keys":[{"key":"rendered","format":"html"}]},"excerpt":{"rendered":"<p>&nbsp; . Sot n\u00eb seanc\u00ebn paraprake t\u00eb GJKKO \u00ebsht\u00eb marr\u00eb vendimi se Dosja &#8216;G\u00ebrdeci&#8217; do t\u00eb kaloj\u00eb p\u00ebr gjykim, \u00e7\u2019ka e b\u00ebn ish ministrin e Mbrojtjes, Fatmir Mediun zyrtarisht t\u00eb pandehur. Deputeti Mediu nuk \u00ebsht\u00eb paraqitur n\u00eb seanc\u00ebn paraprake t\u00eb dit\u00ebs s\u00eb sotme, por u p\u00ebrfaq\u00ebsua nga avokati i tij mbrojt\u00ebs. E pranishme n\u00eb seanc\u00eb [&hellip;]<\/p>\n","protected":false,"gt_translate_keys":[{"key":"rendered","format":"html"}]},"author":30,"featured_media":588958,"comment_status":"closed","ping_status":"closed","sticky":false,"template":"","format":"standard","meta":{"footnotes":""},"categories":[65],"tags":[],"class_list":["post-588957","post","type-post","status-publish","format-standard","has-post-thumbnail","hentry","category-lajme"],"gt_translate_keys":[{"key":"link","format":"url"}],"_links":{"self":[{"href":"https:\/\/www.hashtag.al\/index.php\/wp-json\/wp\/v2\/posts\/588957","targetHints":{"allow":["GET"]}}],"collection":[{"href":"https:\/\/www.hashtag.al\/index.php\/wp-json\/wp\/v2\/posts"}],"about":[{"href":"https:\/\/www.hashtag.al\/index.php\/wp-json\/wp\/v2\/types\/post"}],"author":[{"embeddable":true,"href":"https:\/\/www.hashtag.al\/index.php\/wp-json\/wp\/v2\/users\/30"}],"replies":[{"embeddable":true,"href":"https:\/\/www.hashtag.al\/index.php\/wp-json\/wp\/v2\/comments?post=588957"}],"version-history":[{"count":0,"href":"https:\/\/www.hashtag.al\/index.php\/wp-json\/wp\/v2\/posts\/588957\/revisions"}],"wp:featuredmedia":[{"embeddable":true,"href":"https:\/\/www.hashtag.al\/index.php\/wp-json\/wp\/v2\/media\/588958"}],"wp:attachment":[{"href":"https:\/\/www.hashtag.al\/index.php\/wp-json\/wp\/v2\/media?parent=588957"}],"wp:term":[{"taxonomy":"category","embeddable":true,"href":"https:\/\/www.hashtag.al\/index.php\/wp-json\/wp\/v2\/categories?post=588957"},{"taxonomy":"post_tag","embeddable":true,"href":"https:\/\/www.hashtag.al\/index.php\/wp-json\/wp\/v2\/tags?post=588957"}],"curies":[{"name":"wp","href":"https:\/\/api.w.org\/{rel}","templated":true}]}}